{"id":38329,"date":"2025-05-19T10:04:55","date_gmt":"2025-05-19T13:04:55","guid":{"rendered":"https:\/\/radiostudiow.com.br\/site\/?p=38329"},"modified":"2025-05-19T10:04:56","modified_gmt":"2025-05-19T13:04:56","slug":"veiculo-capota-na-pr-364-em-inacio-martins-e-deixa-tres-pessoas-feridas","status":"publish","type":"post","link":"https:\/\/radiostudiow.com.br\/site\/2025\/05\/19\/veiculo-capota-na-pr-364-em-inacio-martins-e-deixa-tres-pessoas-feridas\/","title":{"rendered":"Ve\u00edculo capota na PR-364 em In\u00e1cio Martins e deixa tr\u00eas pessoas feridas"},"content":{"rendered":"\n<p><\/p>\n\n\n\n<figure class=\"wp-block-image size-full\"><img loading=\"lazy\" decoding=\"async\" width=\"598\" height=\"204\" src=\"https:\/\/radiostudiow.com.br\/site\/wp-content\/uploads\/2025\/05\/POLAK.png\" alt=\"\" class=\"wp-image-37847\" srcset=\"https:\/\/radiostudiow.com.br\/site\/wp-content\/uploads\/2025\/05\/POLAK.png 598w, https:\/\/radiostudiow.com.br\/site\/wp-content\/uploads\/2025\/05\/POLAK-300x102.png 300w\" sizes=\"auto, (max-width: 598px) 100vw, 598px\" \/><\/figure>\n\n\n\n<p><\/p>\n\n\n\n<p>Um acidente foi registrado na manh\u00e3 deste domingo (18), por volta das 08:30 horas na rodovia PR-364, na altura do Km 120 + 300 metros, entre os munic\u00edpios de Irati e In\u00e1cio Martins.<\/p>\n\n\n\n<p>Um autom\u00f3vel VW Gol, com placas de Guarapuava, saiu da pista e capotou ap\u00f3s a condutora perder o controle da dire\u00e7\u00e3o em uma curva.<\/p>\n\n\n\n<h2 class=\"wp-block-heading\">No ve\u00edculo estavam tr\u00eas ocupantes. A motorista, uma mulher de 32 anos, sofreu ferimentos leves e foi encaminhada para atendimento m\u00e9dico em uma unidade hospitalar de In\u00e1cio Martins.<\/h2>\n\n\n\n<h2 class=\"wp-block-heading\">Dois passageiros, ambos homens de 24 anos, tamb\u00e9m ficaram levemente feridos e foram levados para o mesmo hospital.<\/h2>\n\n\n\n<p><\/p>\n\n\n\n<figure class=\"wp-block-image size-full\"><img loading=\"lazy\" decoding=\"async\" width=\"598\" height=\"204\" src=\"https:\/\/radiostudiow.com.br\/site\/wp-content\/uploads\/2025\/01\/SITE-MEDIO7.png\" alt=\"\" class=\"wp-image-32801\" srcset=\"https:\/\/radiostudiow.com.br\/site\/wp-content\/uploads\/2025\/01\/SITE-MEDIO7.png 598w, https:\/\/radiostudiow.com.br\/site\/wp-content\/uploads\/2025\/01\/SITE-MEDIO7-300x102.png 300w\" sizes=\"auto, (max-width: 598px) 100vw, 598px\" \/><\/figure>\n\n\n\n<p><\/p>\n\n\n\n<blockquote class=\"wp-block-quote is-layout-flow wp-block-quote-is-layout-flow\">\n<p>De acordo com informa\u00e7\u00f5es apuradas no local, a condutora n\u00e3o possui habilita\u00e7\u00e3o para dirigir.<\/p>\n<\/blockquote>\n\n\n\n<p>O carro sofreu danos materiais, mas n\u00e3o possu\u00eda pend\u00eancias legais e foi liberado no local do acidente.<\/p>\n\n\n\n<p>As causas do capotamento ser\u00e3o investigadas pelas autoridades competentes.<\/p>\n\n\n\n<p><\/p>\n\n\n\n<h2 class=\"wp-block-heading\">Informa\u00e7\u00f5es + foto: PMPR \/ CPE \/ BPRv \/ 5\u00aaCia \/ Rep\u00f3rter Kiko de Oliveira<\/h2>\n","protected":false},"excerpt":{"rendered":"<p>Um acidente foi registrado na manh\u00e3 deste domingo (18), por volta das 08:30 horas na rodovia PR-364, na altura do Km 120 + 300 metros, entre os munic\u00edpios de Irati e In\u00e1cio Martins. Um autom\u00f3vel VW Gol, com placas de Guarapuava, saiu da pista e capotou ap\u00f3s a condutora perder o controle da dire\u00e7\u00e3o em [&hellip;]<\/p>\n","protected":false},"author":2,"featured_media":38330,"comment_status":"open","ping_status":"open","sticky":false,"template":"","format":"standard","meta":{"footnotes":""},"categories":[185],"tags":[172],"class_list":["post-38329","post","type-post","status-publish","format-standard","has-post-thumbnail","hentry","category-regional","tag-featured"],"amp_enabled":true,"_links":{"self":[{"href":"https:\/\/radiostudiow.com.br\/site\/wp-json\/wp\/v2\/posts\/38329","targetHints":{"allow":["GET"]}}],"collection":[{"href":"https:\/\/radiostudiow.com.br\/site\/wp-json\/wp\/v2\/posts"}],"about":[{"href":"https:\/\/radiostudiow.com.br\/site\/wp-json\/wp\/v2\/types\/post"}],"author":[{"embeddable":true,"href":"https:\/\/radiostudiow.com.br\/site\/wp-json\/wp\/v2\/users\/2"}],"replies":[{"embeddable":true,"href":"https:\/\/radiostudiow.com.br\/site\/wp-json\/wp\/v2\/comments?post=38329"}],"version-history":[{"count":1,"href":"https:\/\/radiostudiow.com.br\/site\/wp-json\/wp\/v2\/posts\/38329\/revisions"}],"predecessor-version":[{"id":38331,"href":"https:\/\/radiostudiow.com.br\/site\/wp-json\/wp\/v2\/posts\/38329\/revisions\/38331"}],"wp:featuredmedia":[{"embeddable":true,"href":"https:\/\/radiostudiow.com.br\/site\/wp-json\/wp\/v2\/media\/38330"}],"wp:attachment":[{"href":"https:\/\/radiostudiow.com.br\/site\/wp-json\/wp\/v2\/media?parent=38329"}],"wp:term":[{"taxonomy":"category","embeddable":true,"href":"https:\/\/radiostudiow.com.br\/site\/wp-json\/wp\/v2\/categories?post=38329"},{"taxonomy":"post_tag","embeddable":true,"href":"https:\/\/radiostudiow.com.br\/site\/wp-json\/wp\/v2\/tags?post=38329"}],"curies":[{"name":"wp","href":"https:\/\/api.w.org\/{rel}","templated":true}]}}