{"id":38348,"date":"2025-05-19T10:24:56","date_gmt":"2025-05-19T13:24:56","guid":{"rendered":"https:\/\/radiostudiow.com.br\/site\/?p=38348"},"modified":"2025-05-19T11:20:42","modified_gmt":"2025-05-19T14:20:42","slug":"acidente-com-caminhao-interdita-rodovia-br-277-em-prudentopolis-por-horas","status":"publish","type":"post","link":"https:\/\/radiostudiow.com.br\/site\/2025\/05\/19\/acidente-com-caminhao-interdita-rodovia-br-277-em-prudentopolis-por-horas\/","title":{"rendered":"Acidente com caminh\u00e3o interdita rodovia BR-277 em Prudent\u00f3polis por horas"},"content":{"rendered":"\n<p>Um caminh\u00e3o tombou no\u00a0km 306 da BR-277, em Prudent\u00f3polis provocando a interdi\u00e7\u00e3o total da rodovia na manh\u00e3 deste s\u00e1bado (17).<\/p>\n\n\n\n<p>O acidente envolveu um caminh\u00e3o Scania branco, com placas de Londrina e n\u00e3o deixou v\u00edtimas.<\/p>\n\n\n\n<figure class=\"wp-block-image size-full\"><img decoding=\"async\" src=\"https:\/\/radiostudiow.com.br\/site\/wp-content\/uploads\/2025\/05\/EXTREME.png\" alt=\"\" class=\"wp-image-37818\"\/><\/figure>\n\n\n\n<p>O condutor do ve\u00edculo, um homem de 41 anos, saiu ileso e realizou o teste do baf\u00f4metro, que n\u00e3o indicou consumo de \u00e1lcool.<\/p>\n\n\n\n<p>Inicialmente, o trecho foi totalmente interditado. Em seguida, o fluxo passou a operar no sistema pare e siga. A rodovia foi completamente liberada pouco depois das 15 horas.<\/p>\n","protected":false},"excerpt":{"rendered":"<p>Um caminh\u00e3o tombou no\u00a0km 306 da BR-277, em Prudent\u00f3polis provocando a interdi\u00e7\u00e3o total da rodovia na manh\u00e3 deste s\u00e1bado (17). O acidente envolveu um caminh\u00e3o Scania branco, com placas de Londrina e n\u00e3o deixou v\u00edtimas. O condutor do ve\u00edculo, um homem de 41 anos, saiu ileso e realizou o teste do baf\u00f4metro, que n\u00e3o indicou [&hellip;]<\/p>\n","protected":false},"author":2,"featured_media":38365,"comment_status":"open","ping_status":"open","sticky":false,"template":"","format":"standard","meta":{"footnotes":""},"categories":[185],"tags":[172],"class_list":["post-38348","post","type-post","status-publish","format-standard","has-post-thumbnail","hentry","category-regional","tag-featured"],"amp_enabled":true,"_links":{"self":[{"href":"https:\/\/radiostudiow.com.br\/site\/wp-json\/wp\/v2\/posts\/38348","targetHints":{"allow":["GET"]}}],"collection":[{"href":"https:\/\/radiostudiow.com.br\/site\/wp-json\/wp\/v2\/posts"}],"about":[{"href":"https:\/\/radiostudiow.com.br\/site\/wp-json\/wp\/v2\/types\/post"}],"author":[{"embeddable":true,"href":"https:\/\/radiostudiow.com.br\/site\/wp-json\/wp\/v2\/users\/2"}],"replies":[{"embeddable":true,"href":"https:\/\/radiostudiow.com.br\/site\/wp-json\/wp\/v2\/comments?post=38348"}],"version-history":[{"count":1,"href":"https:\/\/radiostudiow.com.br\/site\/wp-json\/wp\/v2\/posts\/38348\/revisions"}],"predecessor-version":[{"id":38350,"href":"https:\/\/radiostudiow.com.br\/site\/wp-json\/wp\/v2\/posts\/38348\/revisions\/38350"}],"wp:featuredmedia":[{"embeddable":true,"href":"https:\/\/radiostudiow.com.br\/site\/wp-json\/wp\/v2\/media\/38365"}],"wp:attachment":[{"href":"https:\/\/radiostudiow.com.br\/site\/wp-json\/wp\/v2\/media?parent=38348"}],"wp:term":[{"taxonomy":"category","embeddable":true,"href":"https:\/\/radiostudiow.com.br\/site\/wp-json\/wp\/v2\/categories?post=38348"},{"taxonomy":"post_tag","embeddable":true,"href":"https:\/\/radiostudiow.com.br\/site\/wp-json\/wp\/v2\/tags?post=38348"}],"curies":[{"name":"wp","href":"https:\/\/api.w.org\/{rel}","templated":true}]}}