{"id":38358,"date":"2025-05-19T11:57:00","date_gmt":"2025-05-19T14:57:00","guid":{"rendered":"https:\/\/radiostudiow.com.br\/site\/?p=38358"},"modified":"2025-05-19T11:57:00","modified_gmt":"2025-05-19T14:57:00","slug":"policia-militar-de-general-carneiro-prende-homem-por-nao-pagar-pensao-alimenticia","status":"publish","type":"post","link":"https:\/\/radiostudiow.com.br\/site\/2025\/05\/19\/policia-militar-de-general-carneiro-prende-homem-por-nao-pagar-pensao-alimenticia\/","title":{"rendered":"Pol\u00edcia Militar de General Carneiro prende homem por n\u00e3o pagar pens\u00e3o aliment\u00edcia"},"content":{"rendered":"\n<figure class=\"wp-block-image size-full\"><img loading=\"lazy\" decoding=\"async\" width=\"598\" height=\"204\" src=\"https:\/\/radiostudiow.com.br\/site\/wp-content\/uploads\/2025\/05\/BEAZY.jpg.png\" alt=\"\" class=\"wp-image-38197\" srcset=\"https:\/\/radiostudiow.com.br\/site\/wp-content\/uploads\/2025\/05\/BEAZY.jpg.png 598w, https:\/\/radiostudiow.com.br\/site\/wp-content\/uploads\/2025\/05\/BEAZY.jpg-300x102.png 300w\" sizes=\"auto, (max-width: 598px) 100vw, 598px\" \/><\/figure>\n\n\n\n<p>Uma equipe da Pol\u00edcia Militar tomou conhecimento de que um indiv\u00edduo com mandado de pris\u00e3o em aberto por volta das 18h30min desse domingo (18).<\/p>\n\n\n\n<p>O mandado em decorr\u00eancia do n\u00e3o pagamento de pens\u00e3o aliment\u00edcia, o autor estaria participando do rodeio no CTG de General Carneiro.<\/p>\n\n\n\n<p>De posse dessa informa\u00e7\u00e3o, a equipe se deslocou at\u00e9 o local, na localidade do Planalto e logrou \u00eaxitoem localiz\u00e1-lo. Dando fiel cumprimento ao referido mandado.<\/p>\n\n\n\n<figure class=\"wp-block-image size-full\"><img loading=\"lazy\" decoding=\"async\" width=\"300\" height=\"180\" src=\"https:\/\/radiostudiow.com.br\/site\/wp-content\/uploads\/2025\/01\/SITE-PEQUENO2.png\" alt=\"\" class=\"wp-image-32894\"\/><\/figure>\n","protected":false},"excerpt":{"rendered":"<p>Uma equipe da Pol\u00edcia Militar tomou conhecimento de que um indiv\u00edduo com mandado de pris\u00e3o em aberto por volta das 18h30min desse domingo (18). O mandado em decorr\u00eancia do n\u00e3o pagamento de pens\u00e3o aliment\u00edcia, o autor estaria participando do rodeio no CTG de General Carneiro. De posse dessa informa\u00e7\u00e3o, a equipe se deslocou at\u00e9 o [&hellip;]<\/p>\n","protected":false},"author":2,"featured_media":30530,"comment_status":"open","ping_status":"open","sticky":false,"template":"","format":"standard","meta":{"footnotes":""},"categories":[2],"tags":[172],"class_list":["post-38358","post","type-post","status-publish","format-standard","has-post-thumbnail","hentry","category-policial","tag-featured"],"amp_enabled":true,"_links":{"self":[{"href":"https:\/\/radiostudiow.com.br\/site\/wp-json\/wp\/v2\/posts\/38358","targetHints":{"allow":["GET"]}}],"collection":[{"href":"https:\/\/radiostudiow.com.br\/site\/wp-json\/wp\/v2\/posts"}],"about":[{"href":"https:\/\/radiostudiow.com.br\/site\/wp-json\/wp\/v2\/types\/post"}],"author":[{"embeddable":true,"href":"https:\/\/radiostudiow.com.br\/site\/wp-json\/wp\/v2\/users\/2"}],"replies":[{"embeddable":true,"href":"https:\/\/radiostudiow.com.br\/site\/wp-json\/wp\/v2\/comments?post=38358"}],"version-history":[{"count":3,"href":"https:\/\/radiostudiow.com.br\/site\/wp-json\/wp\/v2\/posts\/38358\/revisions"}],"predecessor-version":[{"id":38368,"href":"https:\/\/radiostudiow.com.br\/site\/wp-json\/wp\/v2\/posts\/38358\/revisions\/38368"}],"wp:featuredmedia":[{"embeddable":true,"href":"https:\/\/radiostudiow.com.br\/site\/wp-json\/wp\/v2\/media\/30530"}],"wp:attachment":[{"href":"https:\/\/radiostudiow.com.br\/site\/wp-json\/wp\/v2\/media?parent=38358"}],"wp:term":[{"taxonomy":"category","embeddable":true,"href":"https:\/\/radiostudiow.com.br\/site\/wp-json\/wp\/v2\/categories?post=38358"},{"taxonomy":"post_tag","embeddable":true,"href":"https:\/\/radiostudiow.com.br\/site\/wp-json\/wp\/v2\/tags?post=38358"}],"curies":[{"name":"wp","href":"https:\/\/api.w.org\/{rel}","templated":true}]}}