{"id":38361,"date":"2025-05-19T10:39:40","date_gmt":"2025-05-19T13:39:40","guid":{"rendered":"https:\/\/radiostudiow.com.br\/site\/?p=38361"},"modified":"2025-05-23T11:08:47","modified_gmt":"2025-05-23T14:08:47","slug":"filho-que-matou-pai-em-sao-mateus-do-sul-disse-a-policia-que-motivo-foi-rancor-familiar-antigo-diz-delegado","status":"publish","type":"post","link":"https:\/\/radiostudiow.com.br\/site\/2025\/05\/19\/filho-que-matou-pai-em-sao-mateus-do-sul-disse-a-policia-que-motivo-foi-rancor-familiar-antigo-diz-delegado\/","title":{"rendered":"Filho que matou pai em S\u00e3o Mateus do Sul disse \u00e0 pol\u00edcia que motivo foi \u2018rancor familiar antigo\u2019, diz delegado"},"content":{"rendered":"\n<p class=\"has-text-align-center\"><em>Por g1 PR e RPC Ponta Grossa<\/em><\/p>\n\n\n\n<figure class=\"wp-block-image size-full\"><img loading=\"lazy\" decoding=\"async\" width=\"598\" height=\"204\" src=\"https:\/\/radiostudiow.com.br\/site\/wp-content\/uploads\/2025\/04\/BOROX.png\" alt=\"\" class=\"wp-image-37229\" srcset=\"https:\/\/radiostudiow.com.br\/site\/wp-content\/uploads\/2025\/04\/BOROX.png 598w, https:\/\/radiostudiow.com.br\/site\/wp-content\/uploads\/2025\/04\/BOROX-300x102.png 300w\" sizes=\"auto, (max-width: 598px) 100vw, 598px\" \/><\/figure>\n\n\n\n<p>O&nbsp;jovem de 18 anos suspeito de matar o pr\u00f3prio pai, esquartejar o corpo do homem e jog\u00e1-lo no Rio Igua\u00e7u, em S\u00e3o Mateus do Sul,&nbsp;confessou ter cometido o crime e disse \u00e0 pol\u00edcia que o assassinato foi motivado por um \u201crancor familiar antigo\u201d, de acordo com o delegado Vin\u00edcius Fernandes.<\/p>\n\n\n\n<p>Segundo ele, o crime aconteceu na manh\u00e3 de s\u00e1bado (10), durante uma briga entre pai e filho. A causa dela n\u00e3o foi revelada, afirma.<\/p>\n\n\n\n<p><em>A v\u00edtima foi identificada como C\u00edcero de Sousa Guedes. Conhecido localmente como<\/em><strong><em> \u201cPalha\u00e7o Chumbrega\u201d, <\/em><\/strong><em>ele teve o desaparecimento reportado na ter\u00e7a-feira (14), quatro dias ap\u00f3s o crime, diz o delegado.<\/em><strong><em>\u00a0\u201cO jovem disse que ele, o pai e duas mulheres estavam bebendo na resid\u00eancia onde s\u00f3 os dois moram, quando os dois come\u00e7aram a brigar e, em um \u2018rompante\u2019, ele matou o pai\u201d<\/em><\/strong><em>, disse o delegado.<\/em><\/p>\n\n\n\n<figure class=\"wp-block-image size-full\"><img loading=\"lazy\" decoding=\"async\" width=\"598\" height=\"204\" src=\"https:\/\/radiostudiow.com.br\/site\/wp-content\/uploads\/2025\/01\/SITE-MEDIO.png\" alt=\"\" class=\"wp-image-32810\" srcset=\"https:\/\/radiostudiow.com.br\/site\/wp-content\/uploads\/2025\/01\/SITE-MEDIO.png 598w, https:\/\/radiostudiow.com.br\/site\/wp-content\/uploads\/2025\/01\/SITE-MEDIO-300x102.png 300w\" sizes=\"auto, (max-width: 598px) 100vw, 598px\" \/><\/figure>\n\n\n\n<p><em>Ainda de acordo com o respons\u00e1vel pela investiga\u00e7\u00e3o, C\u00edcero foi golpeado pelas costas pelo filho, que usou uma faca para cometer o crime. <\/em><strong><em>\u201cAs meninas que estavam na casa sa\u00edram correndo e pediram ajuda para alguns vizinhos. [\u2026] Elas procuraram a pol\u00edcia e confirmaram o homic\u00eddio\u201d<\/em><\/strong><em>, relata Fernandes.<\/em><\/p>\n\n\n\n<p>O jovem foi detido em flagrante e a Pol\u00edcia Civil representou pela convers\u00e3o da pris\u00e3o em tempor\u00e1ria, o que est\u00e1 sendo analisado pela Justi\u00e7a. O nome dele n\u00e3o foi revelado.<\/p>\n\n\n\n<figure class=\"wp-block-image size-full\"><img loading=\"lazy\" decoding=\"async\" width=\"720\" height=\"378\" src=\"https:\/\/radiostudiow.com.br\/site\/wp-content\/uploads\/2025\/05\/image-56.png\" alt=\"\" class=\"wp-image-38161\" srcset=\"https:\/\/radiostudiow.com.br\/site\/wp-content\/uploads\/2025\/05\/image-56.png 720w, https:\/\/radiostudiow.com.br\/site\/wp-content\/uploads\/2025\/05\/image-56-300x158.png 300w\" sizes=\"auto, (max-width: 720px) 100vw, 720px\" \/><\/figure>\n\n\n\n<p>Na tarde de ter\u00e7a-feira (13) um colega de C\u00edcero procurou a Pol\u00edcia Civil e registrou um Boletim de Ocorr\u00eancia (B.O.) sobre o desaparecimento do homem.<\/p>\n\n\n\n<p><em>As investiga\u00e7\u00f5es iniciaram na manh\u00e3 de quarta-feira (14), mesmo dia em que o jovem foi detido. <strong>\u201cEle informou que esquartejou o corpo, acondicionou em sacos e os arremessou no Rio Igua\u00e7u\u201d,<\/strong> diz a Pol\u00edcia Civil.<\/em><\/p>\n\n\n\n<blockquote class=\"wp-block-quote is-layout-flow wp-block-quote-is-layout-flow\">\n<p class=\"has-text-align-center\">Nesta quinta (15), o Corpo de Bombeiros realizou buscas pelo corpo do homem e encontrou restos mortais dele no rio, em \u00e1reas pr\u00f3ximas \u00e0s indicadas pelo jovem, de acordo com a corpora\u00e7\u00e3o.<\/p>\n<\/blockquote>\n","protected":false},"excerpt":{"rendered":"<p>Por g1 PR e RPC Ponta Grossa O&nbsp;jovem de 18 anos suspeito de matar o pr\u00f3prio pai, esquartejar o corpo do homem e jog\u00e1-lo no Rio Igua\u00e7u, em S\u00e3o Mateus do Sul,&nbsp;confessou ter cometido o crime e disse \u00e0 pol\u00edcia que o assassinato foi motivado por um \u201crancor familiar antigo\u201d, de acordo com o delegado [&hellip;]<\/p>\n","protected":false},"author":2,"featured_media":38596,"comment_status":"open","ping_status":"open","sticky":false,"template":"","format":"standard","meta":{"footnotes":""},"categories":[2],"tags":[172],"class_list":["post-38361","post","type-post","status-publish","format-standard","has-post-thumbnail","hentry","category-policial","tag-featured"],"amp_enabled":true,"_links":{"self":[{"href":"https:\/\/radiostudiow.com.br\/site\/wp-json\/wp\/v2\/posts\/38361","targetHints":{"allow":["GET"]}}],"collection":[{"href":"https:\/\/radiostudiow.com.br\/site\/wp-json\/wp\/v2\/posts"}],"about":[{"href":"https:\/\/radiostudiow.com.br\/site\/wp-json\/wp\/v2\/types\/post"}],"author":[{"embeddable":true,"href":"https:\/\/radiostudiow.com.br\/site\/wp-json\/wp\/v2\/users\/2"}],"replies":[{"embeddable":true,"href":"https:\/\/radiostudiow.com.br\/site\/wp-json\/wp\/v2\/comments?post=38361"}],"version-history":[{"count":1,"href":"https:\/\/radiostudiow.com.br\/site\/wp-json\/wp\/v2\/posts\/38361\/revisions"}],"predecessor-version":[{"id":38362,"href":"https:\/\/radiostudiow.com.br\/site\/wp-json\/wp\/v2\/posts\/38361\/revisions\/38362"}],"wp:featuredmedia":[{"embeddable":true,"href":"https:\/\/radiostudiow.com.br\/site\/wp-json\/wp\/v2\/media\/38596"}],"wp:attachment":[{"href":"https:\/\/radiostudiow.com.br\/site\/wp-json\/wp\/v2\/media?parent=38361"}],"wp:term":[{"taxonomy":"category","embeddable":true,"href":"https:\/\/radiostudiow.com.br\/site\/wp-json\/wp\/v2\/categories?post=38361"},{"taxonomy":"post_tag","embeddable":true,"href":"https:\/\/radiostudiow.com.br\/site\/wp-json\/wp\/v2\/tags?post=38361"}],"curies":[{"name":"wp","href":"https:\/\/api.w.org\/{rel}","templated":true}]}}