{"id":38378,"date":"2025-05-19T16:56:18","date_gmt":"2025-05-19T19:56:18","guid":{"rendered":"https:\/\/radiostudiow.com.br\/site\/?p=38378"},"modified":"2025-05-19T16:56:18","modified_gmt":"2025-05-19T19:56:18","slug":"inss-exigira-biometria-para-autorizar-novos-emprestimos-consignados","status":"publish","type":"post","link":"https:\/\/radiostudiow.com.br\/site\/2025\/05\/19\/inss-exigira-biometria-para-autorizar-novos-emprestimos-consignados\/","title":{"rendered":"INSS exigir\u00e1 biometria para autorizar novos empr\u00e9stimos consignados"},"content":{"rendered":"\n<p>A partir do pr\u00f3ximo dia 23, aposentados e pensionistas que desejarem autorizar o desconto de parcelas de empr\u00e9stimos consignados diretamente em seus benef\u00edcios previdenci\u00e1rios dever\u00e3o passar por identifica\u00e7\u00e3o biom\u00e9trica. A exig\u00eancia foi determinada pelo Instituto Nacional do Seguro Social (INSS) por meio de despacho publicado no Di\u00e1rio Oficial da Uni\u00e3o nesta segunda-feira (19).<\/p>\n\n\n\n<p><em>Segundo o documento, assinado pelo presidente do INSS, Gilberto Waller Junior, <strong>\u201ctodos os desbloqueios para averba\u00e7\u00e3o de novos empr\u00e9stimos consignados somente poder\u00e3o ser realizados com a biometria, na plataforma Meu INSS, validadas em bases do governo federal\u201d.<\/strong><\/em><\/p>\n\n\n\n<figure class=\"wp-block-image size-full\"><img loading=\"lazy\" decoding=\"async\" width=\"598\" height=\"204\" src=\"https:\/\/radiostudiow.com.br\/site\/wp-content\/uploads\/2025\/05\/POLAK.png\" alt=\"\" class=\"wp-image-37847\" srcset=\"https:\/\/radiostudiow.com.br\/site\/wp-content\/uploads\/2025\/05\/POLAK.png 598w, https:\/\/radiostudiow.com.br\/site\/wp-content\/uploads\/2025\/05\/POLAK-300x102.png 300w\" sizes=\"auto, (max-width: 598px) 100vw, 598px\" \/><\/figure>\n\n\n\n<p>Al\u00e9m de permitir a valida\u00e7\u00e3o biom\u00e9trica, o aplicativo Meu INSS continuar\u00e1 oferecendo a possibilidade de consulta a institui\u00e7\u00f5es financeiras e taxas de juros dispon\u00edveis para empr\u00e9stimos.<\/p>\n\n\n\n<p>De acordo com o INSS, a exig\u00eancia de biometria \u2014 que pode incluir reconhecimento facial ou digital \u2014 visa aumentar a seguran\u00e7a no processo de libera\u00e7\u00e3o de cr\u00e9dito, mapeando vulnerabilidades operacionais e implementando melhorias nos procedimentos de desbloqueio de benef\u00edcios.<\/p>\n\n\n\n<p>A libera\u00e7\u00e3o de novas autoriza\u00e7\u00f5es autom\u00e1ticas para empr\u00e9stimos consignados est\u00e1 suspensa desde 8 de maio, por determina\u00e7\u00e3o do Tribunal de Contas da Uni\u00e3o (TCU). A medida tem como base uma decis\u00e3o de junho de 2023, quando o tribunal identificou irregularidades em descontos de mensalidades associativas aplicados diretamente na folha de pagamento de aposentados.<\/p>\n\n\n\n<figure class=\"wp-block-image size-full\"><img loading=\"lazy\" decoding=\"async\" width=\"300\" height=\"180\" src=\"https:\/\/radiostudiow.com.br\/site\/wp-content\/uploads\/2025\/05\/VANE.png\" alt=\"\" class=\"wp-image-38014\"\/><\/figure>\n\n\n\n<p>Na ocasi\u00e3o, o TCU determinou que o INSS s\u00f3 permitisse esse tipo de desconto mediante assinatura eletr\u00f4nica avan\u00e7ada e verifica\u00e7\u00e3o biom\u00e9trica do benefici\u00e1rio, exig\u00eancia que passou a valer tamb\u00e9m para empr\u00e9stimos consignados. Al\u00e9m disso, o tribunal ordenou o ressarcimento dos valores cobrados indevidamente e a cria\u00e7\u00e3o, em parceria com a Dataprev, de ferramentas tecnol\u00f3gicas para garantir mais seguran\u00e7a nas autoriza\u00e7\u00f5es e bloqueios de descontos.<\/p>\n\n\n\n<p>Apesar de ter recorrido das determina\u00e7\u00f5es, o INSS teve o pedido negado no in\u00edcio de maio. Um dia ap\u00f3s a decis\u00e3o, o instituto anunciou o bloqueio tempor\u00e1rio das autoriza\u00e7\u00f5es para novos consignados.<\/p>\n","protected":false},"excerpt":{"rendered":"<p>A partir do pr\u00f3ximo dia 23, aposentados e pensionistas que desejarem autorizar o desconto de parcelas de empr\u00e9stimos consignados diretamente em seus benef\u00edcios previdenci\u00e1rios dever\u00e3o passar por identifica\u00e7\u00e3o biom\u00e9trica. A exig\u00eancia foi determinada pelo Instituto Nacional do Seguro Social (INSS) por meio de despacho publicado no Di\u00e1rio Oficial da Uni\u00e3o nesta segunda-feira (19). Segundo o [&hellip;]<\/p>\n","protected":false},"author":2,"featured_media":38379,"comment_status":"open","ping_status":"open","sticky":false,"template":"","format":"standard","meta":{"footnotes":""},"categories":[7],"tags":[172],"class_list":["post-38378","post","type-post","status-publish","format-standard","has-post-thumbnail","hentry","category-geral","tag-featured"],"amp_enabled":true,"_links":{"self":[{"href":"https:\/\/radiostudiow.com.br\/site\/wp-json\/wp\/v2\/posts\/38378","targetHints":{"allow":["GET"]}}],"collection":[{"href":"https:\/\/radiostudiow.com.br\/site\/wp-json\/wp\/v2\/posts"}],"about":[{"href":"https:\/\/radiostudiow.com.br\/site\/wp-json\/wp\/v2\/types\/post"}],"author":[{"embeddable":true,"href":"https:\/\/radiostudiow.com.br\/site\/wp-json\/wp\/v2\/users\/2"}],"replies":[{"embeddable":true,"href":"https:\/\/radiostudiow.com.br\/site\/wp-json\/wp\/v2\/comments?post=38378"}],"version-history":[{"count":1,"href":"https:\/\/radiostudiow.com.br\/site\/wp-json\/wp\/v2\/posts\/38378\/revisions"}],"predecessor-version":[{"id":38380,"href":"https:\/\/radiostudiow.com.br\/site\/wp-json\/wp\/v2\/posts\/38378\/revisions\/38380"}],"wp:featuredmedia":[{"embeddable":true,"href":"https:\/\/radiostudiow.com.br\/site\/wp-json\/wp\/v2\/media\/38379"}],"wp:attachment":[{"href":"https:\/\/radiostudiow.com.br\/site\/wp-json\/wp\/v2\/media?parent=38378"}],"wp:term":[{"taxonomy":"category","embeddable":true,"href":"https:\/\/radiostudiow.com.br\/site\/wp-json\/wp\/v2\/categories?post=38378"},{"taxonomy":"post_tag","embeddable":true,"href":"https:\/\/radiostudiow.com.br\/site\/wp-json\/wp\/v2\/tags?post=38378"}],"curies":[{"name":"wp","href":"https:\/\/api.w.org\/{rel}","templated":true}]}}