{"id":38383,"date":"2025-05-19T17:16:33","date_gmt":"2025-05-19T20:16:33","guid":{"rendered":"https:\/\/radiostudiow.com.br\/site\/?p=38383"},"modified":"2025-05-19T17:16:33","modified_gmt":"2025-05-19T20:16:33","slug":"policia-militar-ambiental-desmonta-tres-areas-de-desmatamento-em-antonio-olinto-rio-negro-e-pitanga","status":"publish","type":"post","link":"https:\/\/radiostudiow.com.br\/site\/2025\/05\/19\/policia-militar-ambiental-desmonta-tres-areas-de-desmatamento-em-antonio-olinto-rio-negro-e-pitanga\/","title":{"rendered":"Pol\u00edcia Militar Ambiental desmonta tr\u00eas \u00e1reas de desmatamento em Ant\u00f4nio Olinto, Rio Negro e Pitanga"},"content":{"rendered":"\n<figure class=\"wp-block-image size-full\"><img loading=\"lazy\" decoding=\"async\" width=\"897\" height=\"204\" src=\"https:\/\/radiostudiow.com.br\/site\/wp-content\/uploads\/2025\/01\/SITE-GRANDE.png\" alt=\"\" class=\"wp-image-32809\" srcset=\"https:\/\/radiostudiow.com.br\/site\/wp-content\/uploads\/2025\/01\/SITE-GRANDE.png 897w, https:\/\/radiostudiow.com.br\/site\/wp-content\/uploads\/2025\/01\/SITE-GRANDE-300x68.png 300w, https:\/\/radiostudiow.com.br\/site\/wp-content\/uploads\/2025\/01\/SITE-GRANDE-768x175.png 768w\" sizes=\"auto, (max-width: 897px) 100vw, 897px\" \/><\/figure>\n\n\n\n<p>A\u00a0Pol\u00edcia Militar Ambiental\u00a0do Paran\u00e1 desmontou tr\u00eas \u00e1reas de desmatamento localizadas em tr\u00eas cidades no\u00a0Paran\u00e1. Em todas as a\u00e7\u00f5es, os respons\u00e1veis pelas destrui\u00e7\u00f5es n\u00e3o possu\u00edam autoriza\u00e7\u00e3o ambiental para o corte de \u00e1rvores. As a\u00e7\u00f5es ocorreram em\u00a0Ant\u00f4nio Olinto,\u00a0Rio Negro\u00a0e\u00a0Pitanga.<\/p>\n\n\n\n<p>A primeira a\u00e7\u00e3o da PM ocorreu em\u00a0\u00c1gua Amarela do Meio, localizada na cidade de Ant\u00f4nio Olinto. Neste local, foi identificado a supress\u00e3o de vegeta\u00e7\u00e3o nativa em uma \u00e1rea de 4,91 hectares, que tamb\u00e9m incluia um local de preserva\u00e7\u00e3o permanente. O respons\u00e1vel foi multado em\u00a0R$ 41 mil.<\/p>\n\n\n\n<p>A segunda a\u00e7\u00e3o ocorreu em Rio Negro, tamb\u00e9m na regi\u00e3o Centro-Sul do estado, onde a equipe identificou a destrui\u00e7\u00e3o de vegeta\u00e7\u00e3o nativa em uma \u00e1rea de 3,57 hectares. A derrubada das \u00e1rvores inclu\u00edam esp\u00e9cies protegidas pela lei, como a\u00a0Arauc\u00e1ria\u00a0e\u00a0Imbuia. Uma pessoa foi autuada em R$ 28 mil.<\/p>\n\n\n\n<figure class=\"wp-block-image size-full\"><img loading=\"lazy\" decoding=\"async\" width=\"300\" height=\"180\" src=\"https:\/\/radiostudiow.com.br\/site\/wp-content\/uploads\/2025\/04\/LOU.png\" alt=\"\" class=\"wp-image-37228\"\/><\/figure>\n\n\n\n<p>A terceira a\u00e7\u00e3o ocorreu em Pitanga, na regi\u00e3o central do estado. Foi identificado a destoca de uma \u00e1rea de 0,31 hectares, na localidade de\u00a0Rio Liso, o que resultou em uma multa de R$ 7 mil.<\/p>\n\n\n\n<p>Conforme informa\u00e7\u00f5es da Pol\u00edcia Ambiental, nenhum dos respons\u00e1veis envolvidos possu\u00edam autoriza\u00e7\u00e3o ambiental, o que agravou as penalidades. As \u00e1reas acabaram embargadas, e os respons\u00e1veis ir\u00e3o responder criminalmente por crime ambiental.&nbsp;<\/p>\n\n\n\n<p><strong>Com informa\u00e7\u00f5es<em>\u00a0aRede<\/em><\/strong><\/p>\n\n\n\n<figure class=\"wp-block-image size-full\"><img loading=\"lazy\" decoding=\"async\" width=\"748\" height=\"400\" src=\"https:\/\/radiostudiow.com.br\/site\/wp-content\/uploads\/2025\/05\/image-83.png\" alt=\"\" class=\"wp-image-38385\" srcset=\"https:\/\/radiostudiow.com.br\/site\/wp-content\/uploads\/2025\/05\/image-83.png 748w, https:\/\/radiostudiow.com.br\/site\/wp-content\/uploads\/2025\/05\/image-83-300x160.png 300w\" sizes=\"auto, (max-width: 748px) 100vw, 748px\" \/><\/figure>\n\n\n\n<p><\/p>\n\n\n\n<figure class=\"wp-block-image size-full\"><img loading=\"lazy\" decoding=\"async\" width=\"750\" height=\"400\" src=\"https:\/\/radiostudiow.com.br\/site\/wp-content\/uploads\/2025\/05\/image-86.png\" alt=\"\" class=\"wp-image-38386\" srcset=\"https:\/\/radiostudiow.com.br\/site\/wp-content\/uploads\/2025\/05\/image-86.png 750w, https:\/\/radiostudiow.com.br\/site\/wp-content\/uploads\/2025\/05\/image-86-300x160.png 300w\" sizes=\"auto, (max-width: 750px) 100vw, 750px\" \/><\/figure>\n","protected":false},"excerpt":{"rendered":"<p>A\u00a0Pol\u00edcia Militar Ambiental\u00a0do Paran\u00e1 desmontou tr\u00eas \u00e1reas de desmatamento localizadas em tr\u00eas cidades no\u00a0Paran\u00e1. Em todas as a\u00e7\u00f5es, os respons\u00e1veis pelas destrui\u00e7\u00f5es n\u00e3o possu\u00edam autoriza\u00e7\u00e3o ambiental para o corte de \u00e1rvores. As a\u00e7\u00f5es ocorreram em\u00a0Ant\u00f4nio Olinto,\u00a0Rio Negro\u00a0e\u00a0Pitanga. A primeira a\u00e7\u00e3o da PM ocorreu em\u00a0\u00c1gua Amarela do Meio, localizada na cidade de Ant\u00f4nio Olinto. Neste local, [&hellip;]<\/p>\n","protected":false},"author":2,"featured_media":38384,"comment_status":"open","ping_status":"open","sticky":false,"template":"","format":"standard","meta":{"footnotes":""},"categories":[2],"tags":[172],"class_list":["post-38383","post","type-post","status-publish","format-standard","has-post-thumbnail","hentry","category-policial","tag-featured"],"amp_enabled":true,"_links":{"self":[{"href":"https:\/\/radiostudiow.com.br\/site\/wp-json\/wp\/v2\/posts\/38383","targetHints":{"allow":["GET"]}}],"collection":[{"href":"https:\/\/radiostudiow.com.br\/site\/wp-json\/wp\/v2\/posts"}],"about":[{"href":"https:\/\/radiostudiow.com.br\/site\/wp-json\/wp\/v2\/types\/post"}],"author":[{"embeddable":true,"href":"https:\/\/radiostudiow.com.br\/site\/wp-json\/wp\/v2\/users\/2"}],"replies":[{"embeddable":true,"href":"https:\/\/radiostudiow.com.br\/site\/wp-json\/wp\/v2\/comments?post=38383"}],"version-history":[{"count":1,"href":"https:\/\/radiostudiow.com.br\/site\/wp-json\/wp\/v2\/posts\/38383\/revisions"}],"predecessor-version":[{"id":38387,"href":"https:\/\/radiostudiow.com.br\/site\/wp-json\/wp\/v2\/posts\/38383\/revisions\/38387"}],"wp:featuredmedia":[{"embeddable":true,"href":"https:\/\/radiostudiow.com.br\/site\/wp-json\/wp\/v2\/media\/38384"}],"wp:attachment":[{"href":"https:\/\/radiostudiow.com.br\/site\/wp-json\/wp\/v2\/media?parent=38383"}],"wp:term":[{"taxonomy":"category","embeddable":true,"href":"https:\/\/radiostudiow.com.br\/site\/wp-json\/wp\/v2\/categories?post=38383"},{"taxonomy":"post_tag","embeddable":true,"href":"https:\/\/radiostudiow.com.br\/site\/wp-json\/wp\/v2\/tags?post=38383"}],"curies":[{"name":"wp","href":"https:\/\/api.w.org\/{rel}","templated":true}]}}