{"id":38388,"date":"2025-05-19T17:38:12","date_gmt":"2025-05-19T20:38:12","guid":{"rendered":"https:\/\/radiostudiow.com.br\/site\/?p=38388"},"modified":"2025-05-19T17:38:12","modified_gmt":"2025-05-19T20:38:12","slug":"jovem-sofre-choque-eletrico-e-queda-de-4-metros-durante-manutencao-de-rede-de-internet-no-mourao","status":"publish","type":"post","link":"https:\/\/radiostudiow.com.br\/site\/2025\/05\/19\/jovem-sofre-choque-eletrico-e-queda-de-4-metros-durante-manutencao-de-rede-de-internet-no-mourao\/","title":{"rendered":"Jovem sofre choque el\u00e9trico e queda de 4 metros durante manuten\u00e7\u00e3o de rede de internet no Mour\u00e3o"},"content":{"rendered":"\n<figure class=\"wp-block-image size-full\"><img loading=\"lazy\" decoding=\"async\" width=\"598\" height=\"204\" src=\"https:\/\/radiostudiow.com.br\/site\/wp-content\/uploads\/2025\/01\/SITE-MEDIO3.png\" alt=\"\" class=\"wp-image-32815\" srcset=\"https:\/\/radiostudiow.com.br\/site\/wp-content\/uploads\/2025\/01\/SITE-MEDIO3.png 598w, https:\/\/radiostudiow.com.br\/site\/wp-content\/uploads\/2025\/01\/SITE-MEDIO3-300x102.png 300w\" sizes=\"auto, (max-width: 598px) 100vw, 598px\" \/><\/figure>\n\n\n\n<p>Samu e Bombeiros de S\u00e3o Mateus do Sul foram acionados no fim da manh\u00e3 desta segunda-feira (19) para atender uma ocorr\u00eancia de choque el\u00e9trico na localidade de Mour\u00e3o, interior do munic\u00edpio.<\/p>\n\n\n\n<p>De acordo com as informa\u00e7\u00f5es repassadas pela equipe de resgate do Corpo de Bombeiros, a v\u00edtima, um homem de 24 anos, realizava a manuten\u00e7\u00e3o de uma rede de internet em um poste quando sofreu uma descarga el\u00e9trica. Na sequ\u00eancia, ele caiu de uma altura aproximada de quatro metros.<\/p>\n\n\n\n<figure class=\"wp-block-image size-full\"><img loading=\"lazy\" decoding=\"async\" width=\"300\" height=\"180\" src=\"https:\/\/radiostudiow.com.br\/site\/wp-content\/uploads\/2025\/04\/AGRODU.png\" alt=\"\" class=\"wp-image-37219\"\/><\/figure>\n\n\n\n<p><em>Quando os socorristas chegaram ao local, o jovem estava consciente e orientado. <strong>\u201cNo entanto, o encarregado da equipe relatou que, logo ap\u00f3s a queda, a v\u00edtima ficou inconsciente e s\u00f3 voltou a si ap\u00f3s ser submetida a uma manobra de reanima\u00e7\u00e3o cardiopulmonar (RCP)\u201d<\/strong>, informou a tenente Mariana Rozentalski do Corpo de Bombeiros.<\/em><\/p>\n\n\n\n<p>A v\u00edtima apresentava escoria\u00e7\u00f5es no bra\u00e7o direito, al\u00e9m de contus\u00f5es e ferimentos na regi\u00e3o do cr\u00e2nio e dorso. Ele foi encaminhado ao Pronto Atendimento local, onde foi avaliado por m\u00e9dicos. A equipe m\u00e9dica analisava a possibilidade de transfer\u00eancia para o Hospital de Uni\u00e3o da Vit\u00f3ria.<\/p>\n","protected":false},"excerpt":{"rendered":"<p>Samu e Bombeiros de S\u00e3o Mateus do Sul foram acionados no fim da manh\u00e3 desta segunda-feira (19) para atender uma ocorr\u00eancia de choque el\u00e9trico na localidade de Mour\u00e3o, interior do munic\u00edpio. De acordo com as informa\u00e7\u00f5es repassadas pela equipe de resgate do Corpo de Bombeiros, a v\u00edtima, um homem de 24 anos, realizava a manuten\u00e7\u00e3o [&hellip;]<\/p>\n","protected":false},"author":2,"featured_media":38389,"comment_status":"open","ping_status":"open","sticky":false,"template":"","format":"standard","meta":{"footnotes":""},"categories":[185],"tags":[172],"class_list":["post-38388","post","type-post","status-publish","format-standard","has-post-thumbnail","hentry","category-regional","tag-featured"],"amp_enabled":true,"_links":{"self":[{"href":"https:\/\/radiostudiow.com.br\/site\/wp-json\/wp\/v2\/posts\/38388","targetHints":{"allow":["GET"]}}],"collection":[{"href":"https:\/\/radiostudiow.com.br\/site\/wp-json\/wp\/v2\/posts"}],"about":[{"href":"https:\/\/radiostudiow.com.br\/site\/wp-json\/wp\/v2\/types\/post"}],"author":[{"embeddable":true,"href":"https:\/\/radiostudiow.com.br\/site\/wp-json\/wp\/v2\/users\/2"}],"replies":[{"embeddable":true,"href":"https:\/\/radiostudiow.com.br\/site\/wp-json\/wp\/v2\/comments?post=38388"}],"version-history":[{"count":1,"href":"https:\/\/radiostudiow.com.br\/site\/wp-json\/wp\/v2\/posts\/38388\/revisions"}],"predecessor-version":[{"id":38390,"href":"https:\/\/radiostudiow.com.br\/site\/wp-json\/wp\/v2\/posts\/38388\/revisions\/38390"}],"wp:featuredmedia":[{"embeddable":true,"href":"https:\/\/radiostudiow.com.br\/site\/wp-json\/wp\/v2\/media\/38389"}],"wp:attachment":[{"href":"https:\/\/radiostudiow.com.br\/site\/wp-json\/wp\/v2\/media?parent=38388"}],"wp:term":[{"taxonomy":"category","embeddable":true,"href":"https:\/\/radiostudiow.com.br\/site\/wp-json\/wp\/v2\/categories?post=38388"},{"taxonomy":"post_tag","embeddable":true,"href":"https:\/\/radiostudiow.com.br\/site\/wp-json\/wp\/v2\/tags?post=38388"}],"curies":[{"name":"wp","href":"https:\/\/api.w.org\/{rel}","templated":true}]}}