{"id":38391,"date":"2025-05-19T17:48:45","date_gmt":"2025-05-19T20:48:45","guid":{"rendered":"https:\/\/radiostudiow.com.br\/site\/?p=38391"},"modified":"2025-05-19T17:48:45","modified_gmt":"2025-05-19T20:48:45","slug":"paulo-frontin-ganha-cooperativa-de-produtores-familiares-para-fortalecer-agricultura-local","status":"publish","type":"post","link":"https:\/\/radiostudiow.com.br\/site\/2025\/05\/19\/paulo-frontin-ganha-cooperativa-de-produtores-familiares-para-fortalecer-agricultura-local\/","title":{"rendered":"Paulo Frontin ganha cooperativa de produtores familiares para fortalecer agricultura local"},"content":{"rendered":"\n<figure class=\"wp-block-image size-full\"><img loading=\"lazy\" decoding=\"async\" width=\"598\" height=\"204\" src=\"https:\/\/radiostudiow.com.br\/site\/wp-content\/uploads\/2025\/04\/BOROX.png\" alt=\"\" class=\"wp-image-37229\" srcset=\"https:\/\/radiostudiow.com.br\/site\/wp-content\/uploads\/2025\/04\/BOROX.png 598w, https:\/\/radiostudiow.com.br\/site\/wp-content\/uploads\/2025\/04\/BOROX-300x102.png 300w\" sizes=\"auto, (max-width: 598px) 100vw, 598px\" \/><\/figure>\n\n\n\n<p>Foi fundada no \u00faltimo s\u00e1bado (17), na comunidade do Limoeiro, em Paulo Frontin, a Cooperativa dos Produtores Familiares da regi\u00e3o. O encontro aconteceu na resid\u00eancia do produtor Janderson Repczuk e reuniu mais de 20 fam\u00edlias com o objetivo de organizar e fortalecer a comercializa\u00e7\u00e3o de produtos agr\u00edcolas, especialmente frutas vermelhas como amora, mirtilo, morango, al\u00e9m de tomates cultivados em estufa.<\/p>\n\n\n\n<p>A iniciativa partiu ap\u00f3s uma visita t\u00e9cnica \u00e0 cidade de Corumbata\u00ed do Sul, onde os produtores locais conheceram uma cooperativa de sucesso. Inspirados pelo modelo, os agricultores de Paulo Frontin decidiram criar uma estrutura semelhante, que garanta melhores condi\u00e7\u00f5es de venda e pre\u00e7os mais atrativos para seus produtos.<\/p>\n\n\n\n<figure class=\"wp-block-image size-full\"><img loading=\"lazy\" decoding=\"async\" width=\"300\" height=\"180\" src=\"https:\/\/radiostudiow.com.br\/site\/wp-content\/uploads\/2025\/05\/Avenida-BIKE.jpg\" alt=\"\" class=\"wp-image-37992\"\/><\/figure>\n\n\n\n<p>Em entrevista ao&nbsp;<strong>Portal RDX<\/strong>, Rog\u00e9rio Vial, um dos idealizadores do projeto, afirmou que a expectativa \u00e9 de que mais de 30 fam\u00edlias sejam beneficiadas. \u201cA funda\u00e7\u00e3o da cooperativa representa um marco para a agricultura familiar da regi\u00e3o. Agora, vamos buscar apoio t\u00e9cnico e financeiro junto a \u00f3rg\u00e3os como o COPEA e lideran\u00e7as como o deputado estadual Moacyr Fadel\u201d, afirmou.<\/p>\n\n\n\n<p>Nos pr\u00f3ximos passos, a cooperativa deve formalizar sua documenta\u00e7\u00e3o, elaborar o estatuto, montar a diretoria e oferecer cursos de capacita\u00e7\u00e3o para os cooperados, visando garantir uma gest\u00e3o eficiente e participativa.<\/p>\n","protected":false},"excerpt":{"rendered":"<p>Foi fundada no \u00faltimo s\u00e1bado (17), na comunidade do Limoeiro, em Paulo Frontin, a Cooperativa dos Produtores Familiares da regi\u00e3o. O encontro aconteceu na resid\u00eancia do produtor Janderson Repczuk e reuniu mais de 20 fam\u00edlias com o objetivo de organizar e fortalecer a comercializa\u00e7\u00e3o de produtos agr\u00edcolas, especialmente frutas vermelhas como amora, mirtilo, morango, al\u00e9m [&hellip;]<\/p>\n","protected":false},"author":2,"featured_media":38392,"comment_status":"open","ping_status":"open","sticky":false,"template":"","format":"standard","meta":{"footnotes":""},"categories":[185],"tags":[172],"class_list":["post-38391","post","type-post","status-publish","format-standard","has-post-thumbnail","hentry","category-regional","tag-featured"],"amp_enabled":true,"_links":{"self":[{"href":"https:\/\/radiostudiow.com.br\/site\/wp-json\/wp\/v2\/posts\/38391","targetHints":{"allow":["GET"]}}],"collection":[{"href":"https:\/\/radiostudiow.com.br\/site\/wp-json\/wp\/v2\/posts"}],"about":[{"href":"https:\/\/radiostudiow.com.br\/site\/wp-json\/wp\/v2\/types\/post"}],"author":[{"embeddable":true,"href":"https:\/\/radiostudiow.com.br\/site\/wp-json\/wp\/v2\/users\/2"}],"replies":[{"embeddable":true,"href":"https:\/\/radiostudiow.com.br\/site\/wp-json\/wp\/v2\/comments?post=38391"}],"version-history":[{"count":1,"href":"https:\/\/radiostudiow.com.br\/site\/wp-json\/wp\/v2\/posts\/38391\/revisions"}],"predecessor-version":[{"id":38393,"href":"https:\/\/radiostudiow.com.br\/site\/wp-json\/wp\/v2\/posts\/38391\/revisions\/38393"}],"wp:featuredmedia":[{"embeddable":true,"href":"https:\/\/radiostudiow.com.br\/site\/wp-json\/wp\/v2\/media\/38392"}],"wp:attachment":[{"href":"https:\/\/radiostudiow.com.br\/site\/wp-json\/wp\/v2\/media?parent=38391"}],"wp:term":[{"taxonomy":"category","embeddable":true,"href":"https:\/\/radiostudiow.com.br\/site\/wp-json\/wp\/v2\/categories?post=38391"},{"taxonomy":"post_tag","embeddable":true,"href":"https:\/\/radiostudiow.com.br\/site\/wp-json\/wp\/v2\/tags?post=38391"}],"curies":[{"name":"wp","href":"https:\/\/api.w.org\/{rel}","templated":true}]}}