{"id":38395,"date":"2025-05-19T21:00:00","date_gmt":"2025-05-20T00:00:00","guid":{"rendered":"https:\/\/radiostudiow.com.br\/site\/?p=38395"},"modified":"2025-05-19T18:38:48","modified_gmt":"2025-05-19T21:38:48","slug":"moradora-registra-perturbacao-do-sossego-por-som-alto-em-mallet","status":"publish","type":"post","link":"https:\/\/radiostudiow.com.br\/site\/2025\/05\/19\/moradora-registra-perturbacao-do-sossego-por-som-alto-em-mallet\/","title":{"rendered":"Moradora registra perturba\u00e7\u00e3o do sossego por som alto em Mallet"},"content":{"rendered":"\n<p><\/p>\n\n\n\n<figure class=\"wp-block-image size-full\"><img loading=\"lazy\" decoding=\"async\" width=\"897\" height=\"204\" src=\"https:\/\/radiostudiow.com.br\/site\/wp-content\/uploads\/2025\/02\/SITE-GRANDE7.png\" alt=\"\" class=\"wp-image-33861\" srcset=\"https:\/\/radiostudiow.com.br\/site\/wp-content\/uploads\/2025\/02\/SITE-GRANDE7.png 897w, https:\/\/radiostudiow.com.br\/site\/wp-content\/uploads\/2025\/02\/SITE-GRANDE7-300x68.png 300w, https:\/\/radiostudiow.com.br\/site\/wp-content\/uploads\/2025\/02\/SITE-GRANDE7-768x175.png 768w\" sizes=\"auto, (max-width: 897px) 100vw, 897px\" \/><\/figure>\n\n\n\n<p><\/p>\n\n\n\n<h2 class=\"wp-block-heading\"><strong>Caso foi registrado na tarde de domingo; filha da denunciante \u00e9 autista e tem o descanso comprometido pela situa\u00e7\u00e3o<\/strong><\/h2>\n\n\n\n<p><\/p>\n\n\n\n<p>Na tarde deste domingo (18), por volta das 13h10, uma moradora de Mallet procurou o 3\u00ba Pelot\u00e3o da Pol\u00edcia Militar \u201cAbr\u00e3o Kanclarovicz\u201d para relatar um caso recorrente de perturba\u00e7\u00e3o do sossego causado por uma vizinha.<\/p>\n\n\n\n<p>&nbsp;Segundo o boletim de ocorr\u00eancia, a solicitante informou que, pelo menos duas vezes por semana, a vizinha liga o som em volume extremamente alto, afetando diretamente a rotina da fam\u00edlia.<\/p>\n\n\n\n<p>A situa\u00e7\u00e3o se agrava devido \u00e0 condi\u00e7\u00e3o de sa\u00fade da filha da denunciante, que possui Transtorno do Espectro Autista (TEA). Conforme relato da m\u00e3e, a crian\u00e7a enfrenta dificuldades para dormir \u00e0 noite, sendo o per\u00edodo da tarde \u2014 ap\u00f3s o meio-dia \u2014 o \u00fanico momento em que consegue descansar adequadamente. No entanto, o repouso vem sendo comprometido pelo barulho excessivo vindo da resid\u00eancia vizinha.<\/p>\n\n\n\n<figure class=\"wp-block-image size-full\"><img loading=\"lazy\" decoding=\"async\" width=\"598\" height=\"204\" src=\"https:\/\/radiostudiow.com.br\/site\/wp-content\/uploads\/2025\/05\/POLAK.png\" alt=\"\" class=\"wp-image-37847\" srcset=\"https:\/\/radiostudiow.com.br\/site\/wp-content\/uploads\/2025\/05\/POLAK.png 598w, https:\/\/radiostudiow.com.br\/site\/wp-content\/uploads\/2025\/05\/POLAK-300x102.png 300w\" sizes=\"auto, (max-width: 598px) 100vw, 598px\" \/><\/figure>\n\n\n\n<p><\/p>\n\n\n\n<p>A denunciante afirmou ainda que j\u00e1 tentou resolver o problema de forma pac\u00edfica, solicitando que a vizinha ao menos diminu\u00edsse o volume do som. A tentativa, no entanto, foi ignorada.<\/p>\n\n\n\n<p>Diante do relato, uma equipe da Pol\u00edcia Militar se deslocou at\u00e9 o endere\u00e7o informado, onde constatou a veracidade da den\u00fancia. No local, os policiais ouviram o som em volume considerado excessivo e orientaram a respons\u00e1vel sobre a contraven\u00e7\u00e3o penal que estava cometendo, prevista na Lei de Contraven\u00e7\u00f5es Penais (Art. 42 \u2013 Perturba\u00e7\u00e3o do sossego alheio). A acusada se comprometeu, de imediato, a desligar o aparelho de som.<\/p>\n\n\n\n<figure class=\"wp-block-image size-full\"><img loading=\"lazy\" decoding=\"async\" width=\"897\" height=\"204\" src=\"https:\/\/radiostudiow.com.br\/site\/wp-content\/uploads\/2025\/03\/BARAO-NOVO-NOTICIAS-1.jpg\" alt=\"\" class=\"wp-image-35084\" srcset=\"https:\/\/radiostudiow.com.br\/site\/wp-content\/uploads\/2025\/03\/BARAO-NOVO-NOTICIAS-1.jpg 897w, https:\/\/radiostudiow.com.br\/site\/wp-content\/uploads\/2025\/03\/BARAO-NOVO-NOTICIAS-1-300x68.jpg 300w, https:\/\/radiostudiow.com.br\/site\/wp-content\/uploads\/2025\/03\/BARAO-NOVO-NOTICIAS-1-768x175.jpg 768w\" sizes=\"auto, (max-width: 897px) 100vw, 897px\" \/><\/figure>\n\n\n\n<p><\/p>\n\n\n\n<p>Al\u00e9m disso, foi advertida quanto \u00e0s implica\u00e7\u00f5es legais em caso de reincid\u00eancia. A solicitante tamb\u00e9m foi orientada sobre os procedimentos cab\u00edveis, incluindo a possibilidade de formalizar uma representa\u00e7\u00e3o criminal, imediatamente ou dentro do prazo legal de seis meses.<\/p>\n\n\n\n<p>A Pol\u00edcia Militar de Mallet refor\u00e7a a import\u00e2ncia do respeito m\u00fatuo entre vizinhos e destaca que situa\u00e7\u00f5es de perturba\u00e7\u00e3o podem e devem ser denunciadas.<\/p>\n\n\n\n<h2 class=\"wp-block-heading\">Fonte: 27\u00ba BPM \/ 3\u00ba Pelot\u00e3o Cabo Abr\u00e3o Kanclarovicz<\/h2>\n\n\n\n<p><strong>Moradora registra perturba\u00e7\u00e3o do sossego por som alto em Mallet<\/strong><\/p>\n\n\n\n<p><strong>Caso foi registrado na tarde de domingo; filha da denunciante \u00e9 autista e tem o descanso comprometido pela situa\u00e7\u00e3o<\/strong><\/p>\n\n\n\n<p>Na tarde deste domingo (18), por volta das 13h10, uma moradora de Mallet procurou o 3\u00ba Pelot\u00e3o da Pol\u00edcia Militar \u201cAbr\u00e3o Kanclarovicz\u201d para relatar um caso recorrente de perturba\u00e7\u00e3o do sossego causado por uma vizinha.<\/p>\n\n\n\n<p>&nbsp;Segundo o boletim de ocorr\u00eancia, a solicitante informou que, pelo menos duas vezes por semana, a vizinha liga o som em volume extremamente alto, afetando diretamente a rotina da fam\u00edlia.<\/p>\n\n\n\n<p>A situa\u00e7\u00e3o se agrava devido \u00e0 condi\u00e7\u00e3o de sa\u00fade da filha da denunciante, que possui Transtorno do Espectro Autista (TEA). Conforme relato da m\u00e3e, a crian\u00e7a enfrenta dificuldades para dormir \u00e0 noite, sendo o per\u00edodo da tarde \u2014 ap\u00f3s o meio-dia \u2014 o \u00fanico momento em que consegue descansar adequadamente. No entanto, o repouso vem sendo comprometido pelo barulho excessivo vindo da resid\u00eancia vizinha.<\/p>\n\n\n\n<p>A denunciante afirmou ainda que j\u00e1 tentou resolver o problema de forma pac\u00edfica, solicitando que a vizinha ao menos diminu\u00edsse o volume do som. A tentativa, no entanto, foi ignorada.<\/p>\n\n\n\n<p>Diante do relato, uma equipe da Pol\u00edcia Militar se deslocou at\u00e9 o endere\u00e7o informado, onde constatou a veracidade da den\u00fancia. No local, os policiais ouviram o som em volume considerado excessivo e orientaram a respons\u00e1vel sobre a contraven\u00e7\u00e3o penal que estava cometendo, prevista na Lei de Contraven\u00e7\u00f5es Penais (Art. 42 \u2013 Perturba\u00e7\u00e3o do sossego alheio). A acusada se comprometeu, de imediato, a desligar o aparelho de som.<\/p>\n\n\n\n<p>Al\u00e9m disso, foi advertida quanto \u00e0s implica\u00e7\u00f5es legais em caso de reincid\u00eancia. A solicitante tamb\u00e9m foi orientada sobre os procedimentos cab\u00edveis, incluindo a possibilidade de formalizar uma representa\u00e7\u00e3o criminal, imediatamente ou dentro do prazo legal de seis meses.<\/p>\n\n\n\n<p>A Pol\u00edcia Militar de Mallet refor\u00e7a a import\u00e2ncia do respeito m\u00fatuo entre vizinhos e destaca que situa\u00e7\u00f5es de perturba\u00e7\u00e3o podem e devem ser denunciadas.<\/p>\n\n\n\n<figure class=\"wp-block-image size-full is-resized\"><img loading=\"lazy\" decoding=\"async\" width=\"300\" height=\"180\" src=\"https:\/\/radiostudiow.com.br\/site\/wp-content\/uploads\/2025\/05\/Avenida-BIKE.jpg\" alt=\"\" class=\"wp-image-37992\" style=\"width:334px;height:auto\"\/><\/figure>\n","protected":false},"excerpt":{"rendered":"<p>Caso foi registrado na tarde de domingo; filha da denunciante \u00e9 autista e tem o descanso comprometido pela situa\u00e7\u00e3o Na tarde deste domingo (18), por volta das 13h10, uma moradora de Mallet procurou o 3\u00ba Pelot\u00e3o da Pol\u00edcia Militar \u201cAbr\u00e3o Kanclarovicz\u201d para relatar um caso recorrente de perturba\u00e7\u00e3o do sossego causado por uma vizinha. &nbsp;Segundo [&hellip;]<\/p>\n","protected":false},"author":2,"featured_media":38289,"comment_status":"open","ping_status":"open","sticky":false,"template":"","format":"standard","meta":{"footnotes":""},"categories":[184],"tags":[172],"class_list":["post-38395","post","type-post","status-publish","format-standard","has-post-thumbnail","hentry","category-local","tag-featured"],"amp_enabled":true,"_links":{"self":[{"href":"https:\/\/radiostudiow.com.br\/site\/wp-json\/wp\/v2\/posts\/38395","targetHints":{"allow":["GET"]}}],"collection":[{"href":"https:\/\/radiostudiow.com.br\/site\/wp-json\/wp\/v2\/posts"}],"about":[{"href":"https:\/\/radiostudiow.com.br\/site\/wp-json\/wp\/v2\/types\/post"}],"author":[{"embeddable":true,"href":"https:\/\/radiostudiow.com.br\/site\/wp-json\/wp\/v2\/users\/2"}],"replies":[{"embeddable":true,"href":"https:\/\/radiostudiow.com.br\/site\/wp-json\/wp\/v2\/comments?post=38395"}],"version-history":[{"count":1,"href":"https:\/\/radiostudiow.com.br\/site\/wp-json\/wp\/v2\/posts\/38395\/revisions"}],"predecessor-version":[{"id":38396,"href":"https:\/\/radiostudiow.com.br\/site\/wp-json\/wp\/v2\/posts\/38395\/revisions\/38396"}],"wp:featuredmedia":[{"embeddable":true,"href":"https:\/\/radiostudiow.com.br\/site\/wp-json\/wp\/v2\/media\/38289"}],"wp:attachment":[{"href":"https:\/\/radiostudiow.com.br\/site\/wp-json\/wp\/v2\/media?parent=38395"}],"wp:term":[{"taxonomy":"category","embeddable":true,"href":"https:\/\/radiostudiow.com.br\/site\/wp-json\/wp\/v2\/categories?post=38395"},{"taxonomy":"post_tag","embeddable":true,"href":"https:\/\/radiostudiow.com.br\/site\/wp-json\/wp\/v2\/tags?post=38395"}],"curies":[{"name":"wp","href":"https:\/\/api.w.org\/{rel}","templated":true}]}}