{"id":38397,"date":"2025-05-20T07:00:00","date_gmt":"2025-05-20T10:00:00","guid":{"rendered":"https:\/\/radiostudiow.com.br\/site\/?p=38397"},"modified":"2025-05-20T10:20:58","modified_gmt":"2025-05-20T13:20:58","slug":"leticia-muran-de-mallet-da-show-de-superacao-e-conquista-3o-lugar-no-paranaense-de-velocross-2025","status":"publish","type":"post","link":"https:\/\/radiostudiow.com.br\/site\/2025\/05\/20\/leticia-muran-de-mallet-da-show-de-superacao-e-conquista-3o-lugar-no-paranaense-de-velocross-2025\/","title":{"rendered":"Leticia Muran de Mallet d\u00e1 show de supera\u00e7\u00e3o e conquista 3\u00ba lugar no Paranaense de Velocross 2025"},"content":{"rendered":"\n<p><\/p>\n\n\n\n<figure class=\"wp-block-image size-full\"><img loading=\"lazy\" decoding=\"async\" width=\"897\" height=\"204\" src=\"https:\/\/radiostudiow.com.br\/site\/wp-content\/uploads\/2025\/03\/image-62.png\" alt=\"\" class=\"wp-image-35859\" srcset=\"https:\/\/radiostudiow.com.br\/site\/wp-content\/uploads\/2025\/03\/image-62.png 897w, https:\/\/radiostudiow.com.br\/site\/wp-content\/uploads\/2025\/03\/image-62-300x68.png 300w, https:\/\/radiostudiow.com.br\/site\/wp-content\/uploads\/2025\/03\/image-62-768x175.png 768w\" sizes=\"auto, (max-width: 897px) 100vw, 897px\" \/><\/figure>\n\n\n\n<p><\/p>\n\n\n\n<h2 class=\"wp-block-heading\"><em>Pilota de Mallet se destaca na 2\u00aa etapa do campeonato em Contenda ap\u00f3s queda na largada<\/em><\/h2>\n\n\n\n<p><\/p>\n\n\n\n<p>No \u00faltimo fim de semana, a cidade de Contenda foi palco da 2\u00aa etapa do Campeonato Paranaense de Velocross 2025, e um dos grandes destaques da competi\u00e7\u00e3o foi a pilota Leticia Muran, representante de Mallet, que protagonizou uma emocionante prova de recupera\u00e7\u00e3o e conquistou o 3\u00ba lugar na categoria Especial.<\/p>\n\n\n\n<p>Ap\u00f3s um s\u00e1bado ( dia 17 de maio de classificat\u00f3rias intensas, o domingo (18), reservava ainda mais emo\u00e7\u00e3o. Leticia teve um in\u00edcio dif\u00edcil: largou mal e sofreu uma queda logo no in\u00edcio da prova.<\/p>\n\n\n\n<h2 class=\"wp-block-heading\">Mesmo assim, demonstrando garra e determina\u00e7\u00e3o, n\u00e3o desistiu. Com uma pilotagem firme e estrat\u00e9gica, foi ganhando posi\u00e7\u00f5es at\u00e9 cruzar a linha de chegada em terceiro lugar, arrancando aplausos do p\u00fablico presente.<\/h2>\n\n\n\n<p><\/p>\n\n\n\n<figure class=\"wp-block-image size-full\"><img loading=\"lazy\" decoding=\"async\" width=\"897\" height=\"204\" src=\"https:\/\/radiostudiow.com.br\/site\/wp-content\/uploads\/2025\/03\/SITE-GRANDE5.png\" alt=\"\" class=\"wp-image-35420\" srcset=\"https:\/\/radiostudiow.com.br\/site\/wp-content\/uploads\/2025\/03\/SITE-GRANDE5.png 897w, https:\/\/radiostudiow.com.br\/site\/wp-content\/uploads\/2025\/03\/SITE-GRANDE5-300x68.png 300w, https:\/\/radiostudiow.com.br\/site\/wp-content\/uploads\/2025\/03\/SITE-GRANDE5-768x175.png 768w\" sizes=\"auto, (max-width: 897px) 100vw, 897px\" \/><\/figure>\n\n\n\n<p><\/p>\n\n\n\n<p>Leticia revelou que este ano n\u00e3o estava nos planos voltar \u00e0s pistas. Em 2024, ela sofreu um acidente onde fraturou o nariz e romperam ligamentos do joelho, o que quase a afastou definitivamente das competi\u00e7\u00f5es do paranaense.<\/p>\n\n\n\n<p>Mas a paix\u00e3o pelo esporte falou mais alto. Com o apoio incondicional da fam\u00edlia \u2014 especialmente do pai, Andr\u00e9 Muran, que conseguiu adquirir uma nova moto \u2014 e de patrocinadores que acreditam em seu talento, Leticia voltou a acelerar forte na pista.<\/p>\n\n\n\n<h2 class=\"wp-block-heading\">\u201cN\u00e3o foi f\u00e1cil. Pensei que n\u00e3o voltaria a competir esse ano, mas gra\u00e7as \u00e0 minha fam\u00edlia, minha m\u00e3e, meu pai, e aos parceiros que me apoiam, consegui estar aqui hoje. Essa prova foi muito especial pra mim\u201d, afirmou emocionada.<\/h2>\n\n\n\n<p><\/p>\n\n\n\n<figure class=\"wp-block-image size-full\"><img loading=\"lazy\" decoding=\"async\" width=\"598\" height=\"204\" src=\"https:\/\/radiostudiow.com.br\/site\/wp-content\/uploads\/2025\/05\/BEAZY.jpg.png\" alt=\"\" class=\"wp-image-38197\" srcset=\"https:\/\/radiostudiow.com.br\/site\/wp-content\/uploads\/2025\/05\/BEAZY.jpg.png 598w, https:\/\/radiostudiow.com.br\/site\/wp-content\/uploads\/2025\/05\/BEAZY.jpg-300x102.png 300w\" sizes=\"auto, (max-width: 598px) 100vw, 598px\" \/><\/figure>\n\n\n\n<p><\/p>\n\n\n\n<figure class=\"wp-block-image size-large\"><img loading=\"lazy\" decoding=\"async\" width=\"819\" height=\"1024\" src=\"https:\/\/radiostudiow.com.br\/site\/wp-content\/uploads\/2025\/05\/471372709_17859271272323907_5848036824201960325_n-1-819x1024.jpg\" alt=\"\" class=\"wp-image-38399\" srcset=\"https:\/\/radiostudiow.com.br\/site\/wp-content\/uploads\/2025\/05\/471372709_17859271272323907_5848036824201960325_n-1-819x1024.jpg 819w, https:\/\/radiostudiow.com.br\/site\/wp-content\/uploads\/2025\/05\/471372709_17859271272323907_5848036824201960325_n-1-240x300.jpg 240w, https:\/\/radiostudiow.com.br\/site\/wp-content\/uploads\/2025\/05\/471372709_17859271272323907_5848036824201960325_n-1-768x960.jpg 768w, https:\/\/radiostudiow.com.br\/site\/wp-content\/uploads\/2025\/05\/471372709_17859271272323907_5848036824201960325_n-1-1229x1536.jpg 1229w, https:\/\/radiostudiow.com.br\/site\/wp-content\/uploads\/2025\/05\/471372709_17859271272323907_5848036824201960325_n-1.jpg 1440w\" sizes=\"auto, (max-width: 819px) 100vw, 819px\" \/><\/figure>\n\n\n\n<p>Foto: Arquivo facebook<\/p>\n\n\n\n<p><strong>Leticia Muran carrega com orgulho o nome de Mallet em cada competi\u00e7\u00e3o. Apesar de, muitas vezes, contar com recursos pr\u00f3prios para participar das provas, ela segue firme no seu prop\u00f3sito de crescer no motociclismo, sempre com o apoio de patrocinadores que reconhecem sua dedica\u00e7\u00e3o e potencial.<\/strong><\/p>\n\n\n\n<p>Com este resultado, Leticia mostra que \u00e9 poss\u00edvel transformar desafios em combust\u00edvel para alcan\u00e7ar novos p\u00f3dios. Sua hist\u00f3ria \u00e9 uma verdadeira inspira\u00e7\u00e3o para o esporte malletense.<\/p>\n\n\n\n<blockquote class=\"wp-block-quote is-layout-flow wp-block-quote-is-layout-flow\">\n<p>VEJA O MOMENTO DA ULTRAPASSAGEM QUE GARANTIU A 3\u00aa COLOCA\u00c7\u00c3O E A ENTREVISTA P\u00d3S CORRIDA DA LET\u00cdCIA MURAN<\/p>\n<\/blockquote>\n\n\n\n<figure class=\"wp-block-embed is-type-video is-provider-youtube wp-block-embed-youtube wp-embed-aspect-16-9 wp-has-aspect-ratio\"><div class=\"wp-block-embed__wrapper\">\n<iframe loading=\"lazy\" title=\"Leticia Muran de Mallet d\u00e1 show de supera\u00e7\u00e3o e conquista 3\u00ba lugar no Paranaense de Velocross 2025\" width=\"740\" height=\"416\" src=\"https:\/\/www.youtube.com\/embed\/Fzv7WQDYjog?feature=oembed\" frameborder=\"0\" allow=\"accelerometer; autoplay; clipboard-write; encrypted-media; gyroscope; picture-in-picture; web-share\" referrerpolicy=\"strict-origin-when-cross-origin\" allowfullscreen><\/iframe>\n<\/div><\/figure>\n\n\n\n<h2 class=\"wp-block-heading\">Fonte: Studio W &#8211; W Not\u00edcias<\/h2>\n","protected":false},"excerpt":{"rendered":"<p>Pilota de Mallet se destaca na 2\u00aa etapa do campeonato em Contenda ap\u00f3s queda na largada No \u00faltimo fim de semana, a cidade de Contenda foi palco da 2\u00aa etapa do Campeonato Paranaense de Velocross 2025, e um dos grandes destaques da competi\u00e7\u00e3o foi a pilota Leticia Muran, representante de Mallet, que protagonizou uma emocionante [&hellip;]<\/p>\n","protected":false},"author":2,"featured_media":38400,"comment_status":"open","ping_status":"open","sticky":false,"template":"","format":"standard","meta":{"footnotes":""},"categories":[184],"tags":[172],"class_list":["post-38397","post","type-post","status-publish","format-standard","has-post-thumbnail","hentry","category-local","tag-featured"],"amp_enabled":true,"_links":{"self":[{"href":"https:\/\/radiostudiow.com.br\/site\/wp-json\/wp\/v2\/posts\/38397","targetHints":{"allow":["GET"]}}],"collection":[{"href":"https:\/\/radiostudiow.com.br\/site\/wp-json\/wp\/v2\/posts"}],"about":[{"href":"https:\/\/radiostudiow.com.br\/site\/wp-json\/wp\/v2\/types\/post"}],"author":[{"embeddable":true,"href":"https:\/\/radiostudiow.com.br\/site\/wp-json\/wp\/v2\/users\/2"}],"replies":[{"embeddable":true,"href":"https:\/\/radiostudiow.com.br\/site\/wp-json\/wp\/v2\/comments?post=38397"}],"version-history":[{"count":5,"href":"https:\/\/radiostudiow.com.br\/site\/wp-json\/wp\/v2\/posts\/38397\/revisions"}],"predecessor-version":[{"id":38419,"href":"https:\/\/radiostudiow.com.br\/site\/wp-json\/wp\/v2\/posts\/38397\/revisions\/38419"}],"wp:featuredmedia":[{"embeddable":true,"href":"https:\/\/radiostudiow.com.br\/site\/wp-json\/wp\/v2\/media\/38400"}],"wp:attachment":[{"href":"https:\/\/radiostudiow.com.br\/site\/wp-json\/wp\/v2\/media?parent=38397"}],"wp:term":[{"taxonomy":"category","embeddable":true,"href":"https:\/\/radiostudiow.com.br\/site\/wp-json\/wp\/v2\/categories?post=38397"},{"taxonomy":"post_tag","embeddable":true,"href":"https:\/\/radiostudiow.com.br\/site\/wp-json\/wp\/v2\/tags?post=38397"}],"curies":[{"name":"wp","href":"https:\/\/api.w.org\/{rel}","templated":true}]}}