{"id":38420,"date":"2025-05-20T15:04:21","date_gmt":"2025-05-20T18:04:21","guid":{"rendered":"https:\/\/radiostudiow.com.br\/site\/?p=38420"},"modified":"2025-05-20T15:30:45","modified_gmt":"2025-05-20T18:30:45","slug":"colisao-frontal-entre-caminhoes-provoca-incendio-e-interdita-br-373-em-imbituva","status":"publish","type":"post","link":"https:\/\/radiostudiow.com.br\/site\/2025\/05\/20\/colisao-frontal-entre-caminhoes-provoca-incendio-e-interdita-br-373-em-imbituva\/","title":{"rendered":"Colis\u00e3o frontal entre caminh\u00f5es provoca inc\u00eandio e interdita BR-373 em Imbituva"},"content":{"rendered":"\n<p><\/p>\n\n\n\n<figure class=\"wp-block-image size-full\"><img loading=\"lazy\" decoding=\"async\" width=\"598\" height=\"204\" src=\"https:\/\/radiostudiow.com.br\/site\/wp-content\/uploads\/2025\/05\/POLAK.png\" alt=\"\" class=\"wp-image-37847\" srcset=\"https:\/\/radiostudiow.com.br\/site\/wp-content\/uploads\/2025\/05\/POLAK.png 598w, https:\/\/radiostudiow.com.br\/site\/wp-content\/uploads\/2025\/05\/POLAK-300x102.png 300w\" sizes=\"auto, (max-width: 598px) 100vw, 598px\" \/><\/figure>\n\n\n\n<p><\/p>\n\n\n\n<h2 class=\"wp-block-heading\">Um grave acidente foi registrado por volta das 14h desta ter\u00e7a-feira (20) na BR-373, na altura do km 221, na localidade de Restinga, \u00e1rea rural do munic\u00edpio de Imbituva.<\/h2>\n\n\n\n<p><\/p>\n\n\n\n<h2 class=\"wp-block-heading\">A colis\u00e3o envolveu dois caminh\u00f5es e, com o forte impacto, os ve\u00edculos pegaram fogo, mobilizando equipes de emerg\u00eancia da regi\u00e3o.<\/h2>\n\n\n\n<p><\/p>\n\n\n\n<p>O Corpo de Bombeiros de Irati, a concession\u00e1ria Via Arauc\u00e1ria e a Pol\u00edcia Rodovi\u00e1ria Federal (PRF) est\u00e3o no local atuando no atendimento \u00e0 ocorr\u00eancia e no controle das chamas. A rodovia, que liga Imbituva a Ponta Grossa, encontra-se totalmente interditada, sem previs\u00e3o de libera\u00e7\u00e3o at\u00e9 o momento.<\/p>\n\n\n\n<figure class=\"wp-block-image size-full\"><img loading=\"lazy\" decoding=\"async\" width=\"598\" height=\"204\" src=\"https:\/\/radiostudiow.com.br\/site\/wp-content\/uploads\/2025\/04\/BOROX.png\" alt=\"\" class=\"wp-image-37229\" srcset=\"https:\/\/radiostudiow.com.br\/site\/wp-content\/uploads\/2025\/04\/BOROX.png 598w, https:\/\/radiostudiow.com.br\/site\/wp-content\/uploads\/2025\/04\/BOROX-300x102.png 300w\" sizes=\"auto, (max-width: 598px) 100vw, 598px\" \/><\/figure>\n\n\n\n<p><\/p>\n\n\n\n<p>As causas da colis\u00e3o frontal ainda est\u00e3o sendo apuradas, e at\u00e9 a \u00faltima atualiza\u00e7\u00e3o desta mat\u00e9ria n\u00e3o havia confirma\u00e7\u00e3o oficial sobre v\u00edtimas ou feridos.<\/p>\n\n\n\n<p>O Rep\u00f3rter Kiko de Oliveira j\u00e1 est\u00e1 apurando os fatos e trar\u00e1 novas informa\u00e7\u00f5es assim que forem confirmadas pelas autoridades. Motoristas que trafegam pela regi\u00e3o devem buscar rotas alternativas e redobrar a aten\u00e7\u00e3o.<\/p>\n\n\n\n<figure class=\"wp-block-image size-full\"><img loading=\"lazy\" decoding=\"async\" width=\"897\" height=\"204\" src=\"https:\/\/radiostudiow.com.br\/site\/wp-content\/uploads\/2025\/03\/image-62.png\" alt=\"\" class=\"wp-image-35859\" srcset=\"https:\/\/radiostudiow.com.br\/site\/wp-content\/uploads\/2025\/03\/image-62.png 897w, https:\/\/radiostudiow.com.br\/site\/wp-content\/uploads\/2025\/03\/image-62-300x68.png 300w, https:\/\/radiostudiow.com.br\/site\/wp-content\/uploads\/2025\/03\/image-62-768x175.png 768w\" sizes=\"auto, (max-width: 897px) 100vw, 897px\" \/><\/figure>\n\n\n\n<p><\/p>\n\n\n\n<h2 class=\"wp-block-heading\">Imagem:PRF<\/h2>\n\n\n\n<p><\/p>\n","protected":false},"excerpt":{"rendered":"<p>Um grave acidente foi registrado por volta das 14h desta ter\u00e7a-feira (20) na BR-373, na altura do km 221, na localidade de Restinga, \u00e1rea rural do munic\u00edpio de Imbituva. A colis\u00e3o envolveu dois caminh\u00f5es e, com o forte impacto, os ve\u00edculos pegaram fogo, mobilizando equipes de emerg\u00eancia da regi\u00e3o. O Corpo de Bombeiros de Irati, [&hellip;]<\/p>\n","protected":false},"author":2,"featured_media":38428,"comment_status":"open","ping_status":"open","sticky":false,"template":"","format":"standard","meta":{"footnotes":""},"categories":[185],"tags":[172],"class_list":["post-38420","post","type-post","status-publish","format-standard","has-post-thumbnail","hentry","category-regional","tag-featured"],"amp_enabled":true,"_links":{"self":[{"href":"https:\/\/radiostudiow.com.br\/site\/wp-json\/wp\/v2\/posts\/38420","targetHints":{"allow":["GET"]}}],"collection":[{"href":"https:\/\/radiostudiow.com.br\/site\/wp-json\/wp\/v2\/posts"}],"about":[{"href":"https:\/\/radiostudiow.com.br\/site\/wp-json\/wp\/v2\/types\/post"}],"author":[{"embeddable":true,"href":"https:\/\/radiostudiow.com.br\/site\/wp-json\/wp\/v2\/users\/2"}],"replies":[{"embeddable":true,"href":"https:\/\/radiostudiow.com.br\/site\/wp-json\/wp\/v2\/comments?post=38420"}],"version-history":[{"count":2,"href":"https:\/\/radiostudiow.com.br\/site\/wp-json\/wp\/v2\/posts\/38420\/revisions"}],"predecessor-version":[{"id":38429,"href":"https:\/\/radiostudiow.com.br\/site\/wp-json\/wp\/v2\/posts\/38420\/revisions\/38429"}],"wp:featuredmedia":[{"embeddable":true,"href":"https:\/\/radiostudiow.com.br\/site\/wp-json\/wp\/v2\/media\/38428"}],"wp:attachment":[{"href":"https:\/\/radiostudiow.com.br\/site\/wp-json\/wp\/v2\/media?parent=38420"}],"wp:term":[{"taxonomy":"category","embeddable":true,"href":"https:\/\/radiostudiow.com.br\/site\/wp-json\/wp\/v2\/categories?post=38420"},{"taxonomy":"post_tag","embeddable":true,"href":"https:\/\/radiostudiow.com.br\/site\/wp-json\/wp\/v2\/tags?post=38420"}],"curies":[{"name":"wp","href":"https:\/\/api.w.org\/{rel}","templated":true}]}}