{"id":38423,"date":"2025-05-20T15:13:14","date_gmt":"2025-05-20T18:13:14","guid":{"rendered":"https:\/\/radiostudiow.com.br\/site\/?p=38423"},"modified":"2025-05-20T15:13:14","modified_gmt":"2025-05-20T18:13:14","slug":"ferramentas-sao-furtadas-de-cemiterio-em-irati-autor-e-preso-e-parte-dos-objetos-recuperada","status":"publish","type":"post","link":"https:\/\/radiostudiow.com.br\/site\/2025\/05\/20\/ferramentas-sao-furtadas-de-cemiterio-em-irati-autor-e-preso-e-parte-dos-objetos-recuperada\/","title":{"rendered":"Ferramentas s\u00e3o furtadas de cemit\u00e9rio em Irati; autor \u00e9 preso e parte dos objetos recuperada"},"content":{"rendered":"\n<p><\/p>\n\n\n\n<figure class=\"wp-block-image size-full\"><img loading=\"lazy\" decoding=\"async\" width=\"897\" height=\"204\" src=\"https:\/\/radiostudiow.com.br\/site\/wp-content\/uploads\/2025\/02\/SITE-GRANDE7.png\" alt=\"\" class=\"wp-image-33861\" srcset=\"https:\/\/radiostudiow.com.br\/site\/wp-content\/uploads\/2025\/02\/SITE-GRANDE7.png 897w, https:\/\/radiostudiow.com.br\/site\/wp-content\/uploads\/2025\/02\/SITE-GRANDE7-300x68.png 300w, https:\/\/radiostudiow.com.br\/site\/wp-content\/uploads\/2025\/02\/SITE-GRANDE7-768x175.png 768w\" sizes=\"auto, (max-width: 897px) 100vw, 897px\" \/><\/figure>\n\n\n\n<p><\/p>\n\n\n\n<p>Um furto registrado na noite desta segunda-feira (19), no cemit\u00e9rio localizado no bairro Colina Nossa Senhora das Gra\u00e7as, em Irati, terminou com a pris\u00e3o de um suspeito e a recupera\u00e7\u00e3o de diversas ferramentas utilizadas na manuten\u00e7\u00e3o do espa\u00e7o.<\/p>\n\n\n\n<p><strong>De acordo com a Pol\u00edcia Militar, a ocorr\u00eancia teve in\u00edcio \u00e0s 20h49, quando um funcion\u00e1rio do cemit\u00e9rio compareceu \u00e0 sede da 8\u00aa CIPM relatando que, por volta das 19h, foi informado pelo guardi\u00e3o do local sobre o furto de diversas ferramentas que estavam guardadas em um barraco utilizado para armazenamento. O trabalhador havia deixado o local pouco depois das 18h.<\/strong><\/p>\n\n\n\n<p>Foram furtados: uma ro\u00e7adeira marca STHIL FS 160, uma lavadora de press\u00e3o da mesma marca, duas furadeiras e uma lixadeira marca BOSCH, al\u00e9m de uma caixa de chaves soquete marca Tramontina.<\/p>\n\n\n\n<p><\/p>\n\n\n\n<figure class=\"wp-block-image size-full\"><img loading=\"lazy\" decoding=\"async\" width=\"598\" height=\"204\" src=\"https:\/\/radiostudiow.com.br\/site\/wp-content\/uploads\/2025\/05\/BEAZY.jpg.png\" alt=\"\" class=\"wp-image-38197\" srcset=\"https:\/\/radiostudiow.com.br\/site\/wp-content\/uploads\/2025\/05\/BEAZY.jpg.png 598w, https:\/\/radiostudiow.com.br\/site\/wp-content\/uploads\/2025\/05\/BEAZY.jpg-300x102.png 300w\" sizes=\"auto, (max-width: 598px) 100vw, 598px\" \/><\/figure>\n\n\n\n<p><\/p>\n\n\n\n<p>O solicitante ainda informou \u00e0 equipe que, ao longo do dia, por volta das 12h, uma pessoa esteve no local solicitando uma chave para apertar a roda de um VW Voyage. Horas depois, por volta das 17h50, o mesmo ve\u00edculo foi visto nas proximidades do cemit\u00e9rio, o que levantou suspeitas. A situa\u00e7\u00e3o se agravou quando o funcion\u00e1rio recebeu uma mensagem afirmando que essa pessoa estaria de posse dos objetos furtados e que os mantinha em sua resid\u00eancia.<\/p>\n\n\n\n<p>Diante das informa\u00e7\u00f5es, a equipe policial se deslocou at\u00e9 o endere\u00e7o indicado. Ao chegar, um homem foi avistado no port\u00e3o da resid\u00eancia, mas fugiu ao perceber a presen\u00e7a da pol\u00edcia. Sua esposa permaneceu no local e colaborou com a equipe, informando que os objetos estavam dentro do VW Voyage, estacionado na garagem. Em revista ao ve\u00edculo, os policiais encontraram a ro\u00e7adeira, a lavadora, uma furadeira e a caixa de ferramentas.<\/p>\n\n\n\n<h2 class=\"wp-block-heading\">O suspeito foi localizado nas proximidades logo em seguida e confessou o furto. Ele ainda afirmou ter vendido parte das ferramentas a um comprador, que, ao ser informado sobre a proced\u00eancia il\u00edcita dos objetos, se apresentou voluntariamente na Delegacia de Pol\u00edcia Civil de Irati, devolvendo os itens e afirmando desconhecer que haviam sido furtados.<\/h2>\n\n\n\n<figure class=\"wp-block-image size-full\"><img loading=\"lazy\" decoding=\"async\" width=\"598\" height=\"204\" src=\"https:\/\/radiostudiow.com.br\/site\/wp-content\/uploads\/2025\/01\/SITE-MEDIO7.png\" alt=\"\" class=\"wp-image-32801\" srcset=\"https:\/\/radiostudiow.com.br\/site\/wp-content\/uploads\/2025\/01\/SITE-MEDIO7.png 598w, https:\/\/radiostudiow.com.br\/site\/wp-content\/uploads\/2025\/01\/SITE-MEDIO7-300x102.png 300w\" sizes=\"auto, (max-width: 598px) 100vw, 598px\" \/><\/figure>\n\n\n\n<p><\/p>\n\n\n\n<p>O autor do furto e todos os materiais recuperados foram encaminhados \u00e0 41\u00aa Delegacia Regional de Pol\u00edcia Civil para as provid\u00eancias legais. A Pol\u00edcia segue apurando os detalhes do caso.<\/p>\n\n\n\n<p><\/p>\n\n\n\n<h2 class=\"wp-block-heading\">FONTE: 8\u00ba CIA\/Rep\u00f3rter Kiko de Oliveira<\/h2>\n","protected":false},"excerpt":{"rendered":"<p>Um furto registrado na noite desta segunda-feira (19), no cemit\u00e9rio localizado no bairro Colina Nossa Senhora das Gra\u00e7as, em Irati, terminou com a pris\u00e3o de um suspeito e a recupera\u00e7\u00e3o de diversas ferramentas utilizadas na manuten\u00e7\u00e3o do espa\u00e7o. De acordo com a Pol\u00edcia Militar, a ocorr\u00eancia teve in\u00edcio \u00e0s 20h49, quando um funcion\u00e1rio do cemit\u00e9rio [&hellip;]<\/p>\n","protected":false},"author":2,"featured_media":38424,"comment_status":"open","ping_status":"open","sticky":false,"template":"","format":"standard","meta":{"footnotes":""},"categories":[185],"tags":[172],"class_list":["post-38423","post","type-post","status-publish","format-standard","has-post-thumbnail","hentry","category-regional","tag-featured"],"amp_enabled":true,"_links":{"self":[{"href":"https:\/\/radiostudiow.com.br\/site\/wp-json\/wp\/v2\/posts\/38423","targetHints":{"allow":["GET"]}}],"collection":[{"href":"https:\/\/radiostudiow.com.br\/site\/wp-json\/wp\/v2\/posts"}],"about":[{"href":"https:\/\/radiostudiow.com.br\/site\/wp-json\/wp\/v2\/types\/post"}],"author":[{"embeddable":true,"href":"https:\/\/radiostudiow.com.br\/site\/wp-json\/wp\/v2\/users\/2"}],"replies":[{"embeddable":true,"href":"https:\/\/radiostudiow.com.br\/site\/wp-json\/wp\/v2\/comments?post=38423"}],"version-history":[{"count":1,"href":"https:\/\/radiostudiow.com.br\/site\/wp-json\/wp\/v2\/posts\/38423\/revisions"}],"predecessor-version":[{"id":38425,"href":"https:\/\/radiostudiow.com.br\/site\/wp-json\/wp\/v2\/posts\/38423\/revisions\/38425"}],"wp:featuredmedia":[{"embeddable":true,"href":"https:\/\/radiostudiow.com.br\/site\/wp-json\/wp\/v2\/media\/38424"}],"wp:attachment":[{"href":"https:\/\/radiostudiow.com.br\/site\/wp-json\/wp\/v2\/media?parent=38423"}],"wp:term":[{"taxonomy":"category","embeddable":true,"href":"https:\/\/radiostudiow.com.br\/site\/wp-json\/wp\/v2\/categories?post=38423"},{"taxonomy":"post_tag","embeddable":true,"href":"https:\/\/radiostudiow.com.br\/site\/wp-json\/wp\/v2\/tags?post=38423"}],"curies":[{"name":"wp","href":"https:\/\/api.w.org\/{rel}","templated":true}]}}