{"id":38426,"date":"2025-05-20T15:27:39","date_gmt":"2025-05-20T18:27:39","guid":{"rendered":"https:\/\/radiostudiow.com.br\/site\/?p=38426"},"modified":"2025-05-20T15:27:39","modified_gmt":"2025-05-20T18:27:39","slug":"colisao-entre-carro-e-moto-deixa-motociclista-ferida-no-centro-de-rio-azul","status":"publish","type":"post","link":"https:\/\/radiostudiow.com.br\/site\/2025\/05\/20\/colisao-entre-carro-e-moto-deixa-motociclista-ferida-no-centro-de-rio-azul\/","title":{"rendered":"Colis\u00e3o entre carro e moto deixa motociclista ferida no centro de Rio Azul"},"content":{"rendered":"\n<p><\/p>\n\n\n\n<figure class=\"wp-block-image size-full\"><img loading=\"lazy\" decoding=\"async\" width=\"598\" height=\"204\" src=\"https:\/\/radiostudiow.com.br\/site\/wp-content\/uploads\/2025\/04\/BOROX.png\" alt=\"\" class=\"wp-image-37229\" srcset=\"https:\/\/radiostudiow.com.br\/site\/wp-content\/uploads\/2025\/04\/BOROX.png 598w, https:\/\/radiostudiow.com.br\/site\/wp-content\/uploads\/2025\/04\/BOROX-300x102.png 300w\" sizes=\"auto, (max-width: 598px) 100vw, 598px\" \/><\/figure>\n\n\n\n<p><\/p>\n\n\n\n<h2 class=\"wp-block-heading\">Na manh\u00e3 desta segunda-feira (19), por volta das 8h45, uma equipe da Pol\u00edcia Militar foi acionada para prestar apoio ao Servi\u00e7o de Atendimento M\u00f3vel de Urg\u00eancia (SAMU) em um acidente de tr\u00e2nsito registrado no centro da cidade de Rio Azul. A colis\u00e3o envolveu um autom\u00f3vel e uma motocicleta, em um abalroamento transversal.<\/h2>\n\n\n\n<p><\/p>\n\n\n\n<p>No local, os policiais encontraram a condutora da motocicleta j\u00e1 sendo atendida pelo SAMU. Ela apresentava escoria\u00e7\u00f5es e foi encaminhada ao hospital para avalia\u00e7\u00e3o m\u00e9dica. A motorista do carro n\u00e3o sofreu ferimentos.<\/p>\n\n\n\n<p><\/p>\n\n\n\n<figure class=\"wp-block-image size-full\"><img loading=\"lazy\" decoding=\"async\" width=\"897\" height=\"204\" src=\"https:\/\/radiostudiow.com.br\/site\/wp-content\/uploads\/2025\/03\/BARAO-NOVO-NOTICIAS-1.jpg\" alt=\"\" class=\"wp-image-35084\" srcset=\"https:\/\/radiostudiow.com.br\/site\/wp-content\/uploads\/2025\/03\/BARAO-NOVO-NOTICIAS-1.jpg 897w, https:\/\/radiostudiow.com.br\/site\/wp-content\/uploads\/2025\/03\/BARAO-NOVO-NOTICIAS-1-300x68.jpg 300w, https:\/\/radiostudiow.com.br\/site\/wp-content\/uploads\/2025\/03\/BARAO-NOVO-NOTICIAS-1-768x175.jpg 768w\" sizes=\"auto, (max-width: 897px) 100vw, 897px\" \/><\/figure>\n\n\n\n<p><\/p>\n\n\n\n<p><strong>Conforme o relat\u00f3rio policial, a condutora do ve\u00edculo automotor realizou o teste do etil\u00f4metro, que apontou resultado de 0,00 mg\/l, descartando a presen\u00e7a de \u00e1lcool no organismo. Diante da situa\u00e7\u00e3o, os ve\u00edculos foram liberados no local e ambas as partes foram orientadas quanto aos procedimentos legais cab\u00edveis.<\/strong><\/p>\n\n\n\n<p>A Pol\u00edcia refor\u00e7a a import\u00e2ncia da aten\u00e7\u00e3o redobrada no tr\u00e2nsito, especialmente em \u00e1reas urbanas com grande fluxo de ve\u00edculos e pedestres. O caso ser\u00e1 apurado para esclarecer as circunst\u00e2ncias do acidente.<\/p>\n\n\n\n<figure class=\"wp-block-image size-full is-resized\"><img loading=\"lazy\" decoding=\"async\" width=\"300\" height=\"180\" src=\"https:\/\/radiostudiow.com.br\/site\/wp-content\/uploads\/2025\/05\/Avenida-BIKE.jpg\" alt=\"\" class=\"wp-image-37992\" style=\"width:385px;height:auto\"\/><\/figure>\n\n\n\n<p><\/p>\n\n\n\n<p><\/p>\n\n\n\n<h2 class=\"wp-block-heading\">FONTE: 8\u00ba CIA\/Rep\u00f3rter Kiko de Oliveira<\/h2>\n","protected":false},"excerpt":{"rendered":"<p>Na manh\u00e3 desta segunda-feira (19), por volta das 8h45, uma equipe da Pol\u00edcia Militar foi acionada para prestar apoio ao Servi\u00e7o de Atendimento M\u00f3vel de Urg\u00eancia (SAMU) em um acidente de tr\u00e2nsito registrado no centro da cidade de Rio Azul. A colis\u00e3o envolveu um autom\u00f3vel e uma motocicleta, em um abalroamento transversal. No local, os [&hellip;]<\/p>\n","protected":false},"author":2,"featured_media":35305,"comment_status":"open","ping_status":"open","sticky":false,"template":"","format":"standard","meta":{"footnotes":""},"categories":[185],"tags":[172],"class_list":["post-38426","post","type-post","status-publish","format-standard","has-post-thumbnail","hentry","category-regional","tag-featured"],"amp_enabled":true,"_links":{"self":[{"href":"https:\/\/radiostudiow.com.br\/site\/wp-json\/wp\/v2\/posts\/38426","targetHints":{"allow":["GET"]}}],"collection":[{"href":"https:\/\/radiostudiow.com.br\/site\/wp-json\/wp\/v2\/posts"}],"about":[{"href":"https:\/\/radiostudiow.com.br\/site\/wp-json\/wp\/v2\/types\/post"}],"author":[{"embeddable":true,"href":"https:\/\/radiostudiow.com.br\/site\/wp-json\/wp\/v2\/users\/2"}],"replies":[{"embeddable":true,"href":"https:\/\/radiostudiow.com.br\/site\/wp-json\/wp\/v2\/comments?post=38426"}],"version-history":[{"count":1,"href":"https:\/\/radiostudiow.com.br\/site\/wp-json\/wp\/v2\/posts\/38426\/revisions"}],"predecessor-version":[{"id":38427,"href":"https:\/\/radiostudiow.com.br\/site\/wp-json\/wp\/v2\/posts\/38426\/revisions\/38427"}],"wp:featuredmedia":[{"embeddable":true,"href":"https:\/\/radiostudiow.com.br\/site\/wp-json\/wp\/v2\/media\/35305"}],"wp:attachment":[{"href":"https:\/\/radiostudiow.com.br\/site\/wp-json\/wp\/v2\/media?parent=38426"}],"wp:term":[{"taxonomy":"category","embeddable":true,"href":"https:\/\/radiostudiow.com.br\/site\/wp-json\/wp\/v2\/categories?post=38426"},{"taxonomy":"post_tag","embeddable":true,"href":"https:\/\/radiostudiow.com.br\/site\/wp-json\/wp\/v2\/tags?post=38426"}],"curies":[{"name":"wp","href":"https:\/\/api.w.org\/{rel}","templated":true}]}}