{"id":38432,"date":"2025-05-20T17:13:42","date_gmt":"2025-05-20T20:13:42","guid":{"rendered":"https:\/\/radiostudiow.com.br\/site\/?p=38432"},"modified":"2025-05-20T17:13:42","modified_gmt":"2025-05-20T20:13:42","slug":"tragedia-na-br-373-tio-e-sobrinho-de-mallet-morrem-em-grave-acidente-entre-caminhoes-em-imbituva","status":"publish","type":"post","link":"https:\/\/radiostudiow.com.br\/site\/2025\/05\/20\/tragedia-na-br-373-tio-e-sobrinho-de-mallet-morrem-em-grave-acidente-entre-caminhoes-em-imbituva\/","title":{"rendered":"Trag\u00e9dia na BR-373: Tio e sobrinho de Mallet morrem em grave acidente entre caminh\u00f5es em Imbituva"},"content":{"rendered":"\n<p><\/p>\n\n\n\n<figure class=\"wp-block-image size-full\"><img loading=\"lazy\" decoding=\"async\" width=\"897\" height=\"204\" src=\"https:\/\/radiostudiow.com.br\/site\/wp-content\/uploads\/2025\/02\/SITE-GRANDE7.png\" alt=\"\" class=\"wp-image-33861\" srcset=\"https:\/\/radiostudiow.com.br\/site\/wp-content\/uploads\/2025\/02\/SITE-GRANDE7.png 897w, https:\/\/radiostudiow.com.br\/site\/wp-content\/uploads\/2025\/02\/SITE-GRANDE7-300x68.png 300w, https:\/\/radiostudiow.com.br\/site\/wp-content\/uploads\/2025\/02\/SITE-GRANDE7-768x175.png 768w\" sizes=\"auto, (max-width: 897px) 100vw, 897px\" \/><\/figure>\n\n\n\n<h2 class=\"wp-block-heading\">Uma colis\u00e3o frontal entre dois caminh\u00f5es, ocorrida por volta das 13h50 desta ter\u00e7a-feira (20), no km 222 da BR-373, no munic\u00edpio de Imbituva, resultou em uma trag\u00e9dia que acabou abalando a cidade de Mallet.<\/h2>\n\n\n\n<p>&nbsp;As v\u00edtimas fatais s\u00e3o tio e sobrinho, ambos naturais aqui do munic\u00edpio de Mallet.<\/p>\n\n\n\n<blockquote class=\"wp-block-quote is-layout-flow wp-block-quote-is-layout-flow\">\n<p>Segundo informa\u00e7\u00f5es da Pol\u00edcia Rodovi\u00e1ria Federal (PRF), os dois caminh\u00f5es envolvidos na batida pertenciam a transportadoras de Mallet.<\/p>\n<\/blockquote>\n\n\n\n<figure class=\"wp-block-image size-full\"><img loading=\"lazy\" decoding=\"async\" width=\"897\" height=\"204\" src=\"https:\/\/radiostudiow.com.br\/site\/wp-content\/uploads\/2025\/03\/image-62.png\" alt=\"\" class=\"wp-image-35859\" srcset=\"https:\/\/radiostudiow.com.br\/site\/wp-content\/uploads\/2025\/03\/image-62.png 897w, https:\/\/radiostudiow.com.br\/site\/wp-content\/uploads\/2025\/03\/image-62-300x68.png 300w, https:\/\/radiostudiow.com.br\/site\/wp-content\/uploads\/2025\/03\/image-62-768x175.png 768w\" sizes=\"auto, (max-width: 897px) 100vw, 897px\" \/><\/figure>\n\n\n\n<p><\/p>\n\n\n\n<p>Um deles, que seguia carregado com papel higi\u00eanico no sentido Imbituva\u2013Ponta Grossa, teve o motorista morto no local. O segundo caminh\u00e3o, que estava vazio e trafegava no sentido contr\u00e1rio (Ponta Grossa\u2013Imbituva), tamb\u00e9m teve um \u00f3bito: o passageiro, sobrinho do outro condutor, n\u00e3o resistiu aos ferimentos. O motorista deste ve\u00edculo sofreu apenas ferimentos leves e foi encaminhado pelo SAMU ao hospital de Imbituva.<\/p>\n\n\n\n<p><strong>Com o impacto da colis\u00e3o, ambos os ve\u00edculos pegaram fogo, exigindo o r\u00e1pido acionamento de equipes do Corpo de Bombeiros de Imbituva e Ponta Grossa, que chegaram ao local, mas os ve\u00edculos j\u00e1 haviam sido destru\u00eddos pelas chamas.<\/strong><\/p>\n\n\n\n<figure class=\"wp-block-image size-large\"><img loading=\"lazy\" decoding=\"async\" width=\"768\" height=\"1024\" src=\"https:\/\/radiostudiow.com.br\/site\/wp-content\/uploads\/2025\/05\/00693bb4-fb53-43b6-a3aa-037e649b75f2-768x1024.jpg\" alt=\"\" class=\"wp-image-38433\" srcset=\"https:\/\/radiostudiow.com.br\/site\/wp-content\/uploads\/2025\/05\/00693bb4-fb53-43b6-a3aa-037e649b75f2-768x1024.jpg 768w, https:\/\/radiostudiow.com.br\/site\/wp-content\/uploads\/2025\/05\/00693bb4-fb53-43b6-a3aa-037e649b75f2-225x300.jpg 225w, https:\/\/radiostudiow.com.br\/site\/wp-content\/uploads\/2025\/05\/00693bb4-fb53-43b6-a3aa-037e649b75f2.jpg 960w\" sizes=\"auto, (max-width: 768px) 100vw, 768px\" \/><\/figure>\n\n\n\n<p><\/p>\n\n\n\n<figure class=\"wp-block-image size-full\"><img loading=\"lazy\" decoding=\"async\" width=\"897\" height=\"204\" src=\"https:\/\/radiostudiow.com.br\/site\/wp-content\/uploads\/2025\/03\/BARAO-NOVO-NOTICIAS-1.jpg\" alt=\"\" class=\"wp-image-35084\" srcset=\"https:\/\/radiostudiow.com.br\/site\/wp-content\/uploads\/2025\/03\/BARAO-NOVO-NOTICIAS-1.jpg 897w, https:\/\/radiostudiow.com.br\/site\/wp-content\/uploads\/2025\/03\/BARAO-NOVO-NOTICIAS-1-300x68.jpg 300w, https:\/\/radiostudiow.com.br\/site\/wp-content\/uploads\/2025\/03\/BARAO-NOVO-NOTICIAS-1-768x175.jpg 768w\" sizes=\"auto, (max-width: 897px) 100vw, 897px\" \/><\/figure>\n\n\n\n<p><\/p>\n\n\n\n<p>Segundo informa\u00e7\u00f5es, o tr\u00e2nsito na regi\u00e3o segue operando no sistema pare-e-siga, com libera\u00e7\u00e3o em apenas uma pista, gerando lentid\u00e3o nos dois sentidos da rodovia.<\/p>\n\n\n\n<p><strong>A morte dos dois trabalhadores, que tinham la\u00e7os familiares e atuavam juntos no transporte rodovi\u00e1rio, gerou como\u00e7\u00e3o entre amigos e familiares em Mallet.<\/strong><\/p>\n\n\n\n<p>A identidade das v\u00edtimas ainda n\u00e3o foi oficialmente divulgada, mas amigos j\u00e1 lamentam nas redes sociais a perda de dois de seus malletenses.<\/p>\n\n\n\n<figure class=\"wp-block-image size-large\"><img loading=\"lazy\" decoding=\"async\" width=\"1024\" height=\"576\" src=\"https:\/\/radiostudiow.com.br\/site\/wp-content\/uploads\/2025\/05\/WhatsApp-Image-2025-05-20-at-14.36.29-1-1024x576.jpeg\" alt=\"\" class=\"wp-image-38434\" srcset=\"https:\/\/radiostudiow.com.br\/site\/wp-content\/uploads\/2025\/05\/WhatsApp-Image-2025-05-20-at-14.36.29-1-1024x576.jpeg 1024w, https:\/\/radiostudiow.com.br\/site\/wp-content\/uploads\/2025\/05\/WhatsApp-Image-2025-05-20-at-14.36.29-1-300x169.jpeg 300w, https:\/\/radiostudiow.com.br\/site\/wp-content\/uploads\/2025\/05\/WhatsApp-Image-2025-05-20-at-14.36.29-1-768x432.jpeg 768w, https:\/\/radiostudiow.com.br\/site\/wp-content\/uploads\/2025\/05\/WhatsApp-Image-2025-05-20-at-14.36.29-1-1536x864.jpeg 1536w, https:\/\/radiostudiow.com.br\/site\/wp-content\/uploads\/2025\/05\/WhatsApp-Image-2025-05-20-at-14.36.29-1.jpeg 1600w\" sizes=\"auto, (max-width: 1024px) 100vw, 1024px\" \/><\/figure>\n\n\n\n<p><\/p>\n\n\n\n<figure class=\"wp-block-image size-full\"><img loading=\"lazy\" decoding=\"async\" width=\"897\" height=\"204\" src=\"https:\/\/radiostudiow.com.br\/site\/wp-content\/uploads\/2025\/03\/SITE-GRANDE5.png\" alt=\"\" class=\"wp-image-35420\" srcset=\"https:\/\/radiostudiow.com.br\/site\/wp-content\/uploads\/2025\/03\/SITE-GRANDE5.png 897w, https:\/\/radiostudiow.com.br\/site\/wp-content\/uploads\/2025\/03\/SITE-GRANDE5-300x68.png 300w, https:\/\/radiostudiow.com.br\/site\/wp-content\/uploads\/2025\/03\/SITE-GRANDE5-768x175.png 768w\" sizes=\"auto, (max-width: 897px) 100vw, 897px\" \/><\/figure>\n\n\n\n<p>A Pol\u00edcia Rodovi\u00e1ria Federal segue apurando as causas do acidente. Mais informa\u00e7\u00f5es ser\u00e3o divulgadas assim que os laudos forem conclu\u00eddos.<\/p>\n\n\n\n<p><\/p>\n\n\n\n<h2 class=\"wp-block-heading\">INFORMA\u00c7\u00d5ES: PRF\/REP\u00d3RTER KIKO DE OLIVEIRA<\/h2>\n\n\n\n<p><\/p>\n","protected":false},"excerpt":{"rendered":"<p>Uma colis\u00e3o frontal entre dois caminh\u00f5es, ocorrida por volta das 13h50 desta ter\u00e7a-feira (20), no km 222 da BR-373, no munic\u00edpio de Imbituva, resultou em uma trag\u00e9dia que acabou abalando a cidade de Mallet. &nbsp;As v\u00edtimas fatais s\u00e3o tio e sobrinho, ambos naturais aqui do munic\u00edpio de Mallet. Segundo informa\u00e7\u00f5es da Pol\u00edcia Rodovi\u00e1ria Federal (PRF), [&hellip;]<\/p>\n","protected":false},"author":2,"featured_media":38435,"comment_status":"open","ping_status":"open","sticky":false,"template":"","format":"standard","meta":{"footnotes":""},"categories":[184],"tags":[172],"class_list":["post-38432","post","type-post","status-publish","format-standard","has-post-thumbnail","hentry","category-local","tag-featured"],"amp_enabled":true,"_links":{"self":[{"href":"https:\/\/radiostudiow.com.br\/site\/wp-json\/wp\/v2\/posts\/38432","targetHints":{"allow":["GET"]}}],"collection":[{"href":"https:\/\/radiostudiow.com.br\/site\/wp-json\/wp\/v2\/posts"}],"about":[{"href":"https:\/\/radiostudiow.com.br\/site\/wp-json\/wp\/v2\/types\/post"}],"author":[{"embeddable":true,"href":"https:\/\/radiostudiow.com.br\/site\/wp-json\/wp\/v2\/users\/2"}],"replies":[{"embeddable":true,"href":"https:\/\/radiostudiow.com.br\/site\/wp-json\/wp\/v2\/comments?post=38432"}],"version-history":[{"count":1,"href":"https:\/\/radiostudiow.com.br\/site\/wp-json\/wp\/v2\/posts\/38432\/revisions"}],"predecessor-version":[{"id":38436,"href":"https:\/\/radiostudiow.com.br\/site\/wp-json\/wp\/v2\/posts\/38432\/revisions\/38436"}],"wp:featuredmedia":[{"embeddable":true,"href":"https:\/\/radiostudiow.com.br\/site\/wp-json\/wp\/v2\/media\/38435"}],"wp:attachment":[{"href":"https:\/\/radiostudiow.com.br\/site\/wp-json\/wp\/v2\/media?parent=38432"}],"wp:term":[{"taxonomy":"category","embeddable":true,"href":"https:\/\/radiostudiow.com.br\/site\/wp-json\/wp\/v2\/categories?post=38432"},{"taxonomy":"post_tag","embeddable":true,"href":"https:\/\/radiostudiow.com.br\/site\/wp-json\/wp\/v2\/tags?post=38432"}],"curies":[{"name":"wp","href":"https:\/\/api.w.org\/{rel}","templated":true}]}}