{"id":38444,"date":"2025-05-21T09:40:25","date_gmt":"2025-05-21T12:40:25","guid":{"rendered":"https:\/\/radiostudiow.com.br\/site\/?p=38444"},"modified":"2025-05-21T09:40:25","modified_gmt":"2025-05-21T12:40:25","slug":"homem-e-encontrado-morto-as-margens-da-br-277-em-palmeira","status":"publish","type":"post","link":"https:\/\/radiostudiow.com.br\/site\/2025\/05\/21\/homem-e-encontrado-morto-as-margens-da-br-277-em-palmeira\/","title":{"rendered":"Homem \u00e9 encontrado morto as margens da BR-277 em Palmeira"},"content":{"rendered":"\n<figure class=\"wp-block-image size-full\"><img loading=\"lazy\" decoding=\"async\" width=\"598\" height=\"204\" src=\"https:\/\/radiostudiow.com.br\/site\/wp-content\/uploads\/2025\/05\/BEAZY.jpg.png\" alt=\"\" class=\"wp-image-38197\" srcset=\"https:\/\/radiostudiow.com.br\/site\/wp-content\/uploads\/2025\/05\/BEAZY.jpg.png 598w, https:\/\/radiostudiow.com.br\/site\/wp-content\/uploads\/2025\/05\/BEAZY.jpg-300x102.png 300w\" sizes=\"auto, (max-width: 598px) 100vw, 598px\" \/><\/figure>\n\n\n\n<p>Uma equipe do Servi\u00e7o de Atendimento M\u00f3vel de Urg\u00eancia (SAMU) foi acionada para atender uma ocorr\u00eancia na marginal da BR-277 em Palmeira por volta das 06 horas dessa quarta-feira (21).<\/p>\n\n\n\n<p>Os socorristas se deslocaram at\u00e9 as proximidades do local conhecido como \u201cRoda Verde\u201d, e encontraram um homem, de aproximadamente 50 anos, ca\u00eddo em via p\u00fablica.<\/p>\n\n\n\n<p>Infelizmente, a v\u00edtima j\u00e1 estava em \u00f3bito e apresentava ferimentos na regi\u00e3o da cabe\u00e7a.<\/p>\n\n\n\n<figure class=\"wp-block-image size-full\"><img loading=\"lazy\" decoding=\"async\" width=\"300\" height=\"180\" src=\"https:\/\/radiostudiow.com.br\/site\/wp-content\/uploads\/2025\/04\/AGRODU.png\" alt=\"\" class=\"wp-image-37219\"\/><\/figure>\n\n\n\n<p>A equipe da Pol\u00edcia Militar foi acionada para prestar apoio \u00e0 ocorr\u00eancia e realizou o isolamento da \u00e1rea at\u00e9 a chegada da Pol\u00edcia Cient\u00edfica. Identifica\u00e7\u00e3o da v\u00edtima n\u00e3o foi confirmada.<\/p>\n\n\n\n<p>O corpo foi encaminhado ao Instituto M\u00e9dico Legal (IML) de Ponta Grossa, para determinar a causa da morte. O caso ser\u00e1 investigado pela equipe da Pol\u00edcia Civil.<\/p>\n\n\n\n<p><em>Fonte: Clic Sul News<\/em><\/p>\n","protected":false},"excerpt":{"rendered":"<p>Uma equipe do Servi\u00e7o de Atendimento M\u00f3vel de Urg\u00eancia (SAMU) foi acionada para atender uma ocorr\u00eancia na marginal da BR-277 em Palmeira por volta das 06 horas dessa quarta-feira (21). Os socorristas se deslocaram at\u00e9 as proximidades do local conhecido como \u201cRoda Verde\u201d, e encontraram um homem, de aproximadamente 50 anos, ca\u00eddo em via p\u00fablica. [&hellip;]<\/p>\n","protected":false},"author":2,"featured_media":38457,"comment_status":"open","ping_status":"open","sticky":false,"template":"","format":"standard","meta":{"footnotes":""},"categories":[2],"tags":[172],"class_list":["post-38444","post","type-post","status-publish","format-standard","has-post-thumbnail","hentry","category-policial","tag-featured"],"amp_enabled":true,"_links":{"self":[{"href":"https:\/\/radiostudiow.com.br\/site\/wp-json\/wp\/v2\/posts\/38444","targetHints":{"allow":["GET"]}}],"collection":[{"href":"https:\/\/radiostudiow.com.br\/site\/wp-json\/wp\/v2\/posts"}],"about":[{"href":"https:\/\/radiostudiow.com.br\/site\/wp-json\/wp\/v2\/types\/post"}],"author":[{"embeddable":true,"href":"https:\/\/radiostudiow.com.br\/site\/wp-json\/wp\/v2\/users\/2"}],"replies":[{"embeddable":true,"href":"https:\/\/radiostudiow.com.br\/site\/wp-json\/wp\/v2\/comments?post=38444"}],"version-history":[{"count":3,"href":"https:\/\/radiostudiow.com.br\/site\/wp-json\/wp\/v2\/posts\/38444\/revisions"}],"predecessor-version":[{"id":38458,"href":"https:\/\/radiostudiow.com.br\/site\/wp-json\/wp\/v2\/posts\/38444\/revisions\/38458"}],"wp:featuredmedia":[{"embeddable":true,"href":"https:\/\/radiostudiow.com.br\/site\/wp-json\/wp\/v2\/media\/38457"}],"wp:attachment":[{"href":"https:\/\/radiostudiow.com.br\/site\/wp-json\/wp\/v2\/media?parent=38444"}],"wp:term":[{"taxonomy":"category","embeddable":true,"href":"https:\/\/radiostudiow.com.br\/site\/wp-json\/wp\/v2\/categories?post=38444"},{"taxonomy":"post_tag","embeddable":true,"href":"https:\/\/radiostudiow.com.br\/site\/wp-json\/wp\/v2\/tags?post=38444"}],"curies":[{"name":"wp","href":"https:\/\/api.w.org\/{rel}","templated":true}]}}