{"id":38445,"date":"2025-05-21T09:24:22","date_gmt":"2025-05-21T12:24:22","guid":{"rendered":"https:\/\/radiostudiow.com.br\/site\/?p=38445"},"modified":"2025-05-21T09:30:40","modified_gmt":"2025-05-21T12:30:40","slug":"tragedia-na-br-373-malletenses-elisson-graxinha-e-leonildo-bueno-da-rocha-palito-sao-identificados-como-vitimas-fatais-de-grave-acidente-uma-terceira-vitima-ainda-nao-foi-identificada","status":"publish","type":"post","link":"https:\/\/radiostudiow.com.br\/site\/2025\/05\/21\/tragedia-na-br-373-malletenses-elisson-graxinha-e-leonildo-bueno-da-rocha-palito-sao-identificados-como-vitimas-fatais-de-grave-acidente-uma-terceira-vitima-ainda-nao-foi-identificada\/","title":{"rendered":"Trag\u00e9dia na BR-373: Malletenses Elisson (Graxinha) e Leonildo Bueno da Rocha (Palito) s\u00e3o identificados como v\u00edtimas fatais de grave acidente; uma terceira v\u00edtima ainda n\u00e3o foi identificada"},"content":{"rendered":"\n<p><\/p>\n\n\n\n<figure class=\"wp-block-image size-full\"><img loading=\"lazy\" decoding=\"async\" width=\"897\" height=\"204\" src=\"https:\/\/radiostudiow.com.br\/site\/wp-content\/uploads\/2025\/02\/SITE-GRANDE7.png\" alt=\"\" class=\"wp-image-33861\" srcset=\"https:\/\/radiostudiow.com.br\/site\/wp-content\/uploads\/2025\/02\/SITE-GRANDE7.png 897w, https:\/\/radiostudiow.com.br\/site\/wp-content\/uploads\/2025\/02\/SITE-GRANDE7-300x68.png 300w, https:\/\/radiostudiow.com.br\/site\/wp-content\/uploads\/2025\/02\/SITE-GRANDE7-768x175.png 768w\" sizes=\"auto, (max-width: 897px) 100vw, 897px\" \/><\/figure>\n\n\n\n<p><\/p>\n\n\n\n<p>Na tarde desta ter\u00e7a-feira (20), um tr\u00e1gico acidente mobilizou equipes de resgate e deixou a cidade de Mallet em luto.<\/p>\n\n\n\n<p><strong>A colis\u00e3o, ocorrida por volta das 13h50 no km 222 da BR-373, em Imbituva, envolveu dois caminh\u00f5es e resultou na morte de duas pessoas muito conhecidas na comunidade malletense: Leonildo Bueno da Rocha, de 41 anos, popularmente conhecido como <em>Palito<\/em>, e seu sobrinho Elisson Joilson Wierzbicki, de 24 anos.<\/strong><\/p>\n\n\n\n<p>Ambos trabalhavam com transporte rodovi\u00e1rio, mas n\u00e3o estavam no mesmo caminh\u00e3o no momento do acidente. Leonildo, o tio, era o motorista de um dos ve\u00edculos \u2014 um caminh\u00e3o carregado com papel higi\u00eanico que seguia no sentido Imbituva\u2013Ponta Grossa. Segundo informa\u00e7\u00f5es da PRF, Elisson viajava como passageiro no outro caminh\u00e3o, que estava carrega com aparas de celulose e trafegava no sentido oposto, Ponta Grossa\u2013Imbituva.<\/p>\n\n\n\n<figure class=\"wp-block-image size-full\"><img loading=\"lazy\" decoding=\"async\" width=\"598\" height=\"204\" src=\"https:\/\/radiostudiow.com.br\/site\/wp-content\/uploads\/2025\/05\/BEAZY.jpg.png\" alt=\"\" class=\"wp-image-38197\" srcset=\"https:\/\/radiostudiow.com.br\/site\/wp-content\/uploads\/2025\/05\/BEAZY.jpg.png 598w, https:\/\/radiostudiow.com.br\/site\/wp-content\/uploads\/2025\/05\/BEAZY.jpg-300x102.png 300w\" sizes=\"auto, (max-width: 598px) 100vw, 598px\" \/><\/figure>\n\n\n\n<p><\/p>\n\n\n\n<h2 class=\"wp-block-heading\">A colis\u00e3o foi extremamente violenta, provocando um inc\u00eandio que consumiu completamente os dois caminh\u00f5es. Leonildo e Elisson morreram ainda no local. O motorista do segundo caminh\u00e3o, que conduzia o ve\u00edculo onde Elisson estava, teve apenas ferimentos e foi encaminhado ao hospital de Imbituva pelo SAMU.<\/h2>\n\n\n\n<p><\/p>\n\n\n\n<figure class=\"wp-block-image size-full is-resized\"><img loading=\"lazy\" decoding=\"async\" width=\"627\" height=\"454\" src=\"https:\/\/radiostudiow.com.br\/site\/wp-content\/uploads\/2025\/05\/acid.jpg\" alt=\"\" class=\"wp-image-38448\" style=\"width:598px;height:auto\" srcset=\"https:\/\/radiostudiow.com.br\/site\/wp-content\/uploads\/2025\/05\/acid.jpg 627w, https:\/\/radiostudiow.com.br\/site\/wp-content\/uploads\/2025\/05\/acid-300x217.jpg 300w\" sizes=\"auto, (max-width: 627px) 100vw, 627px\" \/><\/figure>\n\n\n\n<p><\/p>\n\n\n\n<figure class=\"wp-block-image size-full\"><img loading=\"lazy\" decoding=\"async\" width=\"598\" height=\"204\" src=\"https:\/\/radiostudiow.com.br\/site\/wp-content\/uploads\/2025\/05\/POLAK.png\" alt=\"\" class=\"wp-image-37847\" srcset=\"https:\/\/radiostudiow.com.br\/site\/wp-content\/uploads\/2025\/05\/POLAK.png 598w, https:\/\/radiostudiow.com.br\/site\/wp-content\/uploads\/2025\/05\/POLAK-300x102.png 300w\" sizes=\"auto, (max-width: 598px) 100vw, 598px\" \/><\/figure>\n\n\n\n<p><\/p>\n\n\n\n<h2 class=\"wp-block-heading\">No in\u00edcio da noite, durante os trabalhos de rescaldo nos destro\u00e7os, equipes de resgate encontraram uma <strong>terceira v\u00edtima fatal<\/strong>. At\u00e9 o momento, n\u00e3o houve confirma\u00e7\u00e3o oficial da identidade dessa pessoa, o que gera ainda mais apreens\u00e3o e como\u00e7\u00e3o.<\/h2>\n\n\n\n<p><\/p>\n\n\n\n<p>As causas do acidente seguem sob investiga\u00e7\u00e3o pela Pol\u00edcia Rodovi\u00e1ria Federal (PRF). A cidade de Mallet, que conhecia bem as v\u00edtimas e suas fam\u00edlias.<\/p>\n\n\n\n<figure class=\"wp-block-image size-full\"><img loading=\"lazy\" decoding=\"async\" width=\"300\" height=\"180\" src=\"https:\/\/radiostudiow.com.br\/site\/wp-content\/uploads\/2025\/05\/Avenida-BIKE.jpg\" alt=\"\" class=\"wp-image-37992\"\/><\/figure>\n\n\n\n<p><\/p>\n\n\n\n<p>Pelas Redes Sociais houve muita como\u00e7\u00e3o e lamenta\u00e7\u00f5es profundas a perda de dois trabalhadores e aguarda informa\u00e7\u00f5es sobre a terceira v\u00edtima encontrada no local.<\/p>\n\n\n\n<p><strong>Studio W se solidariza com familiares e amigos neste momento de dor.<\/strong><\/p>\n","protected":false},"excerpt":{"rendered":"<p>Na tarde desta ter\u00e7a-feira (20), um tr\u00e1gico acidente mobilizou equipes de resgate e deixou a cidade de Mallet em luto. A colis\u00e3o, ocorrida por volta das 13h50 no km 222 da BR-373, em Imbituva, envolveu dois caminh\u00f5es e resultou na morte de duas pessoas muito conhecidas na comunidade malletense: Leonildo Bueno da Rocha, de 41 [&hellip;]<\/p>\n","protected":false},"author":2,"featured_media":38449,"comment_status":"open","ping_status":"open","sticky":false,"template":"","format":"standard","meta":{"footnotes":""},"categories":[184],"tags":[172],"class_list":["post-38445","post","type-post","status-publish","format-standard","has-post-thumbnail","hentry","category-local","tag-featured"],"amp_enabled":true,"_links":{"self":[{"href":"https:\/\/radiostudiow.com.br\/site\/wp-json\/wp\/v2\/posts\/38445","targetHints":{"allow":["GET"]}}],"collection":[{"href":"https:\/\/radiostudiow.com.br\/site\/wp-json\/wp\/v2\/posts"}],"about":[{"href":"https:\/\/radiostudiow.com.br\/site\/wp-json\/wp\/v2\/types\/post"}],"author":[{"embeddable":true,"href":"https:\/\/radiostudiow.com.br\/site\/wp-json\/wp\/v2\/users\/2"}],"replies":[{"embeddable":true,"href":"https:\/\/radiostudiow.com.br\/site\/wp-json\/wp\/v2\/comments?post=38445"}],"version-history":[{"count":2,"href":"https:\/\/radiostudiow.com.br\/site\/wp-json\/wp\/v2\/posts\/38445\/revisions"}],"predecessor-version":[{"id":38453,"href":"https:\/\/radiostudiow.com.br\/site\/wp-json\/wp\/v2\/posts\/38445\/revisions\/38453"}],"wp:featuredmedia":[{"embeddable":true,"href":"https:\/\/radiostudiow.com.br\/site\/wp-json\/wp\/v2\/media\/38449"}],"wp:attachment":[{"href":"https:\/\/radiostudiow.com.br\/site\/wp-json\/wp\/v2\/media?parent=38445"}],"wp:term":[{"taxonomy":"category","embeddable":true,"href":"https:\/\/radiostudiow.com.br\/site\/wp-json\/wp\/v2\/categories?post=38445"},{"taxonomy":"post_tag","embeddable":true,"href":"https:\/\/radiostudiow.com.br\/site\/wp-json\/wp\/v2\/tags?post=38445"}],"curies":[{"name":"wp","href":"https:\/\/api.w.org\/{rel}","templated":true}]}}