{"id":38462,"date":"2025-05-21T10:31:14","date_gmt":"2025-05-21T13:31:14","guid":{"rendered":"https:\/\/radiostudiow.com.br\/site\/?p=38462"},"modified":"2025-05-21T10:31:15","modified_gmt":"2025-05-21T13:31:15","slug":"policia-militar-prende-homem-por-violencia-domestica-em-bituruna","status":"publish","type":"post","link":"https:\/\/radiostudiow.com.br\/site\/2025\/05\/21\/policia-militar-prende-homem-por-violencia-domestica-em-bituruna\/","title":{"rendered":"Pol\u00edcia Militar prende homem por viol\u00eancia dom\u00e9stica em Bituruna"},"content":{"rendered":"\n<figure class=\"wp-block-image size-full\"><img loading=\"lazy\" decoding=\"async\" width=\"897\" height=\"204\" src=\"https:\/\/radiostudiow.com.br\/site\/wp-content\/uploads\/2025\/01\/SITE-GRANDE3.png\" alt=\"\" class=\"wp-image-32900\" srcset=\"https:\/\/radiostudiow.com.br\/site\/wp-content\/uploads\/2025\/01\/SITE-GRANDE3.png 897w, https:\/\/radiostudiow.com.br\/site\/wp-content\/uploads\/2025\/01\/SITE-GRANDE3-300x68.png 300w, https:\/\/radiostudiow.com.br\/site\/wp-content\/uploads\/2025\/01\/SITE-GRANDE3-768x175.png 768w\" sizes=\"auto, (max-width: 897px) 100vw, 897px\" \/><\/figure>\n\n\n\n<p>A equipe da Pol\u00edcia Militar de Bituruna foi acionada para atender uma ocorr\u00eancia de viol\u00eancia dom\u00e9stica por volta das 18 horas dessa ter\u00e7a-feira, 20 de maio, no bairro S\u00e3o Francisco.<\/p>\n\n\n\n<p>A v\u00edtima relatou ter sido agredida por seu marido agredida com um peda\u00e7o de madeira, ap\u00f3s uma discuss\u00e3o iniciada pelo fato de ele ter chegado embriagado em casa. A equipe policial constatou les\u00f5es na v\u00edtima, al\u00e9m de hematomas.<\/p>\n\n\n\n<figure class=\"wp-block-image size-full\"><img loading=\"lazy\" decoding=\"async\" width=\"300\" height=\"180\" src=\"https:\/\/radiostudiow.com.br\/site\/wp-content\/uploads\/2025\/01\/SITE-PEQUENO.png\" alt=\"\" class=\"wp-image-32833\"\/><\/figure>\n\n\n\n<p>O agressor foi localizado nas proximidades da resid\u00eancia e recebeu voz de pris\u00e3o. Ambas as partes foram encaminhadas ao Hospital para atendimento m\u00e9dico. Posteriormente, foram conduzidas \u00e0 4\u00aa Subdivis\u00e3o Policial de Uni\u00e3o daVit\u00f3ria, onde foram adotadas as medidas legais cab\u00edveis.<\/p>\n","protected":false},"excerpt":{"rendered":"<p>A equipe da Pol\u00edcia Militar de Bituruna foi acionada para atender uma ocorr\u00eancia de viol\u00eancia dom\u00e9stica por volta das 18 horas dessa ter\u00e7a-feira, 20 de maio, no bairro S\u00e3o Francisco. A v\u00edtima relatou ter sido agredida por seu marido agredida com um peda\u00e7o de madeira, ap\u00f3s uma discuss\u00e3o iniciada pelo fato de ele ter chegado [&hellip;]<\/p>\n","protected":false},"author":2,"featured_media":37678,"comment_status":"open","ping_status":"open","sticky":false,"template":"","format":"standard","meta":{"footnotes":""},"categories":[2],"tags":[172],"class_list":["post-38462","post","type-post","status-publish","format-standard","has-post-thumbnail","hentry","category-policial","tag-featured"],"amp_enabled":true,"_links":{"self":[{"href":"https:\/\/radiostudiow.com.br\/site\/wp-json\/wp\/v2\/posts\/38462","targetHints":{"allow":["GET"]}}],"collection":[{"href":"https:\/\/radiostudiow.com.br\/site\/wp-json\/wp\/v2\/posts"}],"about":[{"href":"https:\/\/radiostudiow.com.br\/site\/wp-json\/wp\/v2\/types\/post"}],"author":[{"embeddable":true,"href":"https:\/\/radiostudiow.com.br\/site\/wp-json\/wp\/v2\/users\/2"}],"replies":[{"embeddable":true,"href":"https:\/\/radiostudiow.com.br\/site\/wp-json\/wp\/v2\/comments?post=38462"}],"version-history":[{"count":2,"href":"https:\/\/radiostudiow.com.br\/site\/wp-json\/wp\/v2\/posts\/38462\/revisions"}],"predecessor-version":[{"id":38464,"href":"https:\/\/radiostudiow.com.br\/site\/wp-json\/wp\/v2\/posts\/38462\/revisions\/38464"}],"wp:featuredmedia":[{"embeddable":true,"href":"https:\/\/radiostudiow.com.br\/site\/wp-json\/wp\/v2\/media\/37678"}],"wp:attachment":[{"href":"https:\/\/radiostudiow.com.br\/site\/wp-json\/wp\/v2\/media?parent=38462"}],"wp:term":[{"taxonomy":"category","embeddable":true,"href":"https:\/\/radiostudiow.com.br\/site\/wp-json\/wp\/v2\/categories?post=38462"},{"taxonomy":"post_tag","embeddable":true,"href":"https:\/\/radiostudiow.com.br\/site\/wp-json\/wp\/v2\/tags?post=38462"}],"curies":[{"name":"wp","href":"https:\/\/api.w.org\/{rel}","templated":true}]}}