{"id":38465,"date":"2025-05-21T11:02:08","date_gmt":"2025-05-21T14:02:08","guid":{"rendered":"https:\/\/radiostudiow.com.br\/site\/?p=38465"},"modified":"2025-05-21T11:02:08","modified_gmt":"2025-05-21T14:02:08","slug":"policia-militar-de-general-carneiro-e-acionada-para-ocorrencia-de-disparo-de-arma-de-fogo-e-carcere-privado","status":"publish","type":"post","link":"https:\/\/radiostudiow.com.br\/site\/2025\/05\/21\/policia-militar-de-general-carneiro-e-acionada-para-ocorrencia-de-disparo-de-arma-de-fogo-e-carcere-privado\/","title":{"rendered":"Pol\u00edcia Militar de General Carneiro \u00e9 acionada para ocorr\u00eancia de disparo de arma de fogo e c\u00e1rcere privado"},"content":{"rendered":"\n<figure class=\"wp-block-image size-full\"><img loading=\"lazy\" decoding=\"async\" width=\"598\" height=\"204\" src=\"https:\/\/radiostudiow.com.br\/site\/wp-content\/uploads\/2025\/01\/SITE-MEDIO.png\" alt=\"\" class=\"wp-image-32810\" srcset=\"https:\/\/radiostudiow.com.br\/site\/wp-content\/uploads\/2025\/01\/SITE-MEDIO.png 598w, https:\/\/radiostudiow.com.br\/site\/wp-content\/uploads\/2025\/01\/SITE-MEDIO-300x102.png 300w\" sizes=\"auto, (max-width: 598px) 100vw, 598px\" \/><\/figure>\n\n\n\n<p>A equipe da Pol\u00edcia Militar de General Carneiro foi acionada para atender a uma ocorr\u00eancia de disparo de arma de fogo na localidade de Zona Rural por volta das 14 horas dessa ter\u00e7a-feira (20).<\/p>\n\n\n\n<p>Ao se deslocar at\u00e9 o local indicado, os policiais foram recebidos por uma mulher, que relatou estarsendo mantida em c\u00e1rcere privado por seu marido, o qual tamb\u00e9m possu\u00eda uma arma de fogo.<\/p>\n\n\n\n<p>Segundo a v\u00edtima, ao avistar a viatura policial, o suspeito fugiu em dire\u00e7\u00e3o a uma \u00e1rea de mata pr\u00f3xima. Durante as buscas na mata, os policiais visualizaram o homem portando uma arma de fogo. Ao apontar a arma em dire\u00e7\u00e3o \u00e0 equipe, foram realizados disparos para cessar a injusta agress\u00e3o.<\/p>\n\n\n\n<figure class=\"wp-block-image size-full\"><img loading=\"lazy\" decoding=\"async\" width=\"300\" height=\"180\" src=\"https:\/\/radiostudiow.com.br\/site\/wp-content\/uploads\/2025\/04\/DAIANE.png\" alt=\"\" class=\"wp-image-37227\"\/><\/figure>\n\n\n\n<p>Neste momento, outro indiv\u00edduo chegou de motocicleta nas proximidades. Ao desembarcar, ele tamb\u00e9m apontou um rev\u00f3lver em dire\u00e7\u00e3o aos policiais, sendo necess\u00e1rio o uso proporcional da for\u00e7a para neutralizar a amea\u00e7a.<\/p>\n\n\n\n<p>Foram efetuados disparos e, em seguida, o indiv\u00edduo correu em dire\u00e7\u00e3o \u00e0 mata, abandonando a arma e continuando a fuga. As equipes realizaram buscas pela regi\u00e3o, contudo, os suspeitos n\u00e3o foram localizados<\/p>\n\n\n\n<p> A arma foi apreendida e apresentada na delegacia, assim como a v\u00edtima do c\u00e1rcere privado, que foi encaminhada \u00e0 4\u00aa Subdivis\u00e3o Policial (4\u00aa SDP) para os procedimentos legais cab\u00edveis.<\/p>\n","protected":false},"excerpt":{"rendered":"<p>A equipe da Pol\u00edcia Militar de General Carneiro foi acionada para atender a uma ocorr\u00eancia de disparo de arma de fogo na localidade de Zona Rural por volta das 14 horas dessa ter\u00e7a-feira (20). Ao se deslocar at\u00e9 o local indicado, os policiais foram recebidos por uma mulher, que relatou estarsendo mantida em c\u00e1rcere privado [&hellip;]<\/p>\n","protected":false},"author":2,"featured_media":38470,"comment_status":"open","ping_status":"open","sticky":false,"template":"","format":"standard","meta":{"footnotes":""},"categories":[2],"tags":[172],"class_list":["post-38465","post","type-post","status-publish","format-standard","has-post-thumbnail","hentry","category-policial","tag-featured"],"amp_enabled":true,"_links":{"self":[{"href":"https:\/\/radiostudiow.com.br\/site\/wp-json\/wp\/v2\/posts\/38465","targetHints":{"allow":["GET"]}}],"collection":[{"href":"https:\/\/radiostudiow.com.br\/site\/wp-json\/wp\/v2\/posts"}],"about":[{"href":"https:\/\/radiostudiow.com.br\/site\/wp-json\/wp\/v2\/types\/post"}],"author":[{"embeddable":true,"href":"https:\/\/radiostudiow.com.br\/site\/wp-json\/wp\/v2\/users\/2"}],"replies":[{"embeddable":true,"href":"https:\/\/radiostudiow.com.br\/site\/wp-json\/wp\/v2\/comments?post=38465"}],"version-history":[{"count":2,"href":"https:\/\/radiostudiow.com.br\/site\/wp-json\/wp\/v2\/posts\/38465\/revisions"}],"predecessor-version":[{"id":38471,"href":"https:\/\/radiostudiow.com.br\/site\/wp-json\/wp\/v2\/posts\/38465\/revisions\/38471"}],"wp:featuredmedia":[{"embeddable":true,"href":"https:\/\/radiostudiow.com.br\/site\/wp-json\/wp\/v2\/media\/38470"}],"wp:attachment":[{"href":"https:\/\/radiostudiow.com.br\/site\/wp-json\/wp\/v2\/media?parent=38465"}],"wp:term":[{"taxonomy":"category","embeddable":true,"href":"https:\/\/radiostudiow.com.br\/site\/wp-json\/wp\/v2\/categories?post=38465"},{"taxonomy":"post_tag","embeddable":true,"href":"https:\/\/radiostudiow.com.br\/site\/wp-json\/wp\/v2\/tags?post=38465"}],"curies":[{"name":"wp","href":"https:\/\/api.w.org\/{rel}","templated":true}]}}