{"id":38467,"date":"2025-05-21T11:01:47","date_gmt":"2025-05-21T14:01:47","guid":{"rendered":"https:\/\/radiostudiow.com.br\/site\/?p=38467"},"modified":"2025-05-21T11:01:47","modified_gmt":"2025-05-21T14:01:47","slug":"colisao-entre-van-da-saude-de-rio-bonito-do-iguacu-e-caminhao-deixa-uma-mulher-ferida-na-br-277-em-irati","status":"publish","type":"post","link":"https:\/\/radiostudiow.com.br\/site\/2025\/05\/21\/colisao-entre-van-da-saude-de-rio-bonito-do-iguacu-e-caminhao-deixa-uma-mulher-ferida-na-br-277-em-irati\/","title":{"rendered":"Colis\u00e3o entre Van da Sa\u00fade de Rio Bonito do Igua\u00e7u e caminh\u00e3o deixa uma mulher ferida na BR-277, em Irati"},"content":{"rendered":"\n<p><\/p>\n\n\n\n<figure class=\"wp-block-image size-full\"><img loading=\"lazy\" decoding=\"async\" width=\"897\" height=\"204\" src=\"https:\/\/radiostudiow.com.br\/site\/wp-content\/uploads\/2025\/03\/image-62.png\" alt=\"\" class=\"wp-image-35859\" srcset=\"https:\/\/radiostudiow.com.br\/site\/wp-content\/uploads\/2025\/03\/image-62.png 897w, https:\/\/radiostudiow.com.br\/site\/wp-content\/uploads\/2025\/03\/image-62-300x68.png 300w, https:\/\/radiostudiow.com.br\/site\/wp-content\/uploads\/2025\/03\/image-62-768x175.png 768w\" sizes=\"auto, (max-width: 897px) 100vw, 897px\" \/><\/figure>\n\n\n\n<p><\/p>\n\n\n\n<p>Na madrugada desta quarta-feira (21), por volta das 4h, um acidente do tipo colis\u00e3o traseira foi registrado no km 271 da BR-277, no munic\u00edpio de Irati (PR).<\/p>\n\n\n\n<p>A batida envolveu dois ve\u00edculos: um caminh\u00e3o Scania, de cor azul e placas de Chopinzinho (PR), e uma van da sa\u00fade pertencente \u00e0 prefeitura de Rio Bonito do Igua\u00e7u (PR).<\/p>\n\n\n\n<h2 class=\"wp-block-heading\">Segundo informa\u00e7\u00f5es da Pol\u00edcia Rodovi\u00e1ria Federal (PRF), o acidente resultou em uma pessoa com ferimentos leves. A v\u00edtima \u00e9 uma mulher de 39 anos que estava como passageira na van. Ela recebeu atendimento m\u00e9dico no local. Os outros quatro passageiros e o condutor da van, um homem de 52 anos, sa\u00edram ilesos.<\/h2>\n\n\n\n<p><\/p>\n\n\n\n<figure class=\"wp-block-image size-full\"><img loading=\"lazy\" decoding=\"async\" width=\"598\" height=\"204\" src=\"https:\/\/radiostudiow.com.br\/site\/wp-content\/uploads\/2024\/10\/labirati.png\" alt=\"\" class=\"wp-image-28854\" srcset=\"https:\/\/radiostudiow.com.br\/site\/wp-content\/uploads\/2024\/10\/labirati.png 598w, https:\/\/radiostudiow.com.br\/site\/wp-content\/uploads\/2024\/10\/labirati-300x102.png 300w\" sizes=\"auto, (max-width: 598px) 100vw, 598px\" \/><\/figure>\n\n\n\n<p><\/p>\n\n\n\n<p><strong>O motorista do caminh\u00e3o, um homem de 36 anos, tamb\u00e9m n\u00e3o se feriu. No entanto, ao realizar o teste do baf\u00f4metro, foi constatada a presen\u00e7a de 0,23 mg\/L de \u00e1lcool no sangue, configurando infra\u00e7\u00e3o de tr\u00e2nsito, conforme prev\u00ea o C\u00f3digo de Tr\u00e2nsito Brasileiro. O condutor da van tamb\u00e9m foi submetido ao teste, que deu resultado negativo para ingest\u00e3o de \u00e1lcool.<\/strong><\/p>\n\n\n\n<p>A PRF atendeu a ocorr\u00eancia e orientou o tr\u00e2nsito no local. As causas exatas do acidente ser\u00e3o apuradas.<\/p>\n\n\n\n<p><\/p>\n\n\n\n<figure class=\"wp-block-image size-full\"><img loading=\"lazy\" decoding=\"async\" width=\"598\" height=\"204\" src=\"https:\/\/radiostudiow.com.br\/site\/wp-content\/uploads\/2025\/01\/SITE-MEDIO7.png\" alt=\"\" class=\"wp-image-32801\" srcset=\"https:\/\/radiostudiow.com.br\/site\/wp-content\/uploads\/2025\/01\/SITE-MEDIO7.png 598w, https:\/\/radiostudiow.com.br\/site\/wp-content\/uploads\/2025\/01\/SITE-MEDIO7-300x102.png 300w\" sizes=\"auto, (max-width: 598px) 100vw, 598px\" \/><\/figure>\n\n\n\n<p><\/p>\n\n\n\n<h2 class=\"wp-block-heading\">A Van transportava pacientes para atendimentos m\u00e9dicos, uma pr\u00e1tica comum principalmente nesse hor\u00e1rio onde v\u00e1rios munic\u00edpios do Paran\u00e1 inclusive Mallet seguem destino a hospitais de Campo Largo e Curitiba.<\/h2>\n\n\n\n<p><\/p>\n\n\n\n<p>A prefeitura de Rio Bonito do Igua\u00e7u ainda n\u00e3o se pronunciou oficialmente sobre o caso.<\/p>\n\n\n\n<h2 class=\"wp-block-heading\">Informa\u00e7\u00f5es:PRF \/ Imagens Rodovias do PR\/TV Sul News \/ Rep\u00f3rter Kiko de Oliveira<\/h2>\n\n\n\n<p><\/p>\n","protected":false},"excerpt":{"rendered":"<p>Na madrugada desta quarta-feira (21), por volta das 4h, um acidente do tipo colis\u00e3o traseira foi registrado no km 271 da BR-277, no munic\u00edpio de Irati (PR). A batida envolveu dois ve\u00edculos: um caminh\u00e3o Scania, de cor azul e placas de Chopinzinho (PR), e uma van da sa\u00fade pertencente \u00e0 prefeitura de Rio Bonito do [&hellip;]<\/p>\n","protected":false},"author":2,"featured_media":38468,"comment_status":"open","ping_status":"open","sticky":false,"template":"","format":"standard","meta":{"footnotes":""},"categories":[185],"tags":[172],"class_list":["post-38467","post","type-post","status-publish","format-standard","has-post-thumbnail","hentry","category-regional","tag-featured"],"amp_enabled":true,"_links":{"self":[{"href":"https:\/\/radiostudiow.com.br\/site\/wp-json\/wp\/v2\/posts\/38467","targetHints":{"allow":["GET"]}}],"collection":[{"href":"https:\/\/radiostudiow.com.br\/site\/wp-json\/wp\/v2\/posts"}],"about":[{"href":"https:\/\/radiostudiow.com.br\/site\/wp-json\/wp\/v2\/types\/post"}],"author":[{"embeddable":true,"href":"https:\/\/radiostudiow.com.br\/site\/wp-json\/wp\/v2\/users\/2"}],"replies":[{"embeddable":true,"href":"https:\/\/radiostudiow.com.br\/site\/wp-json\/wp\/v2\/comments?post=38467"}],"version-history":[{"count":1,"href":"https:\/\/radiostudiow.com.br\/site\/wp-json\/wp\/v2\/posts\/38467\/revisions"}],"predecessor-version":[{"id":38469,"href":"https:\/\/radiostudiow.com.br\/site\/wp-json\/wp\/v2\/posts\/38467\/revisions\/38469"}],"wp:featuredmedia":[{"embeddable":true,"href":"https:\/\/radiostudiow.com.br\/site\/wp-json\/wp\/v2\/media\/38468"}],"wp:attachment":[{"href":"https:\/\/radiostudiow.com.br\/site\/wp-json\/wp\/v2\/media?parent=38467"}],"wp:term":[{"taxonomy":"category","embeddable":true,"href":"https:\/\/radiostudiow.com.br\/site\/wp-json\/wp\/v2\/categories?post=38467"},{"taxonomy":"post_tag","embeddable":true,"href":"https:\/\/radiostudiow.com.br\/site\/wp-json\/wp\/v2\/tags?post=38467"}],"curies":[{"name":"wp","href":"https:\/\/api.w.org\/{rel}","templated":true}]}}