{"id":38474,"date":"2025-05-21T19:11:17","date_gmt":"2025-05-21T22:11:17","guid":{"rendered":"https:\/\/radiostudiow.com.br\/site\/?p=38474"},"modified":"2025-05-21T19:11:17","modified_gmt":"2025-05-21T22:11:17","slug":"misterio-e-dor-policia-cientifica-ainda-nao-identificou-a-terceira-vitima-de-grave-acidente-em-imbituva","status":"publish","type":"post","link":"https:\/\/radiostudiow.com.br\/site\/2025\/05\/21\/misterio-e-dor-policia-cientifica-ainda-nao-identificou-a-terceira-vitima-de-grave-acidente-em-imbituva\/","title":{"rendered":"Mist\u00e9rio e dor: Pol\u00edcia Cient\u00edfica ainda n\u00e3o identificou a terceira v\u00edtima de grave acidente em Imbituva"},"content":{"rendered":"\n<p><\/p>\n\n\n\n<figure class=\"wp-block-image size-full\"><img loading=\"lazy\" decoding=\"async\" width=\"897\" height=\"204\" src=\"https:\/\/radiostudiow.com.br\/site\/wp-content\/uploads\/2025\/03\/SITE-GRANDE5.png\" alt=\"\" class=\"wp-image-35420\" srcset=\"https:\/\/radiostudiow.com.br\/site\/wp-content\/uploads\/2025\/03\/SITE-GRANDE5.png 897w, https:\/\/radiostudiow.com.br\/site\/wp-content\/uploads\/2025\/03\/SITE-GRANDE5-300x68.png 300w, https:\/\/radiostudiow.com.br\/site\/wp-content\/uploads\/2025\/03\/SITE-GRANDE5-768x175.png 768w\" sizes=\"auto, (max-width: 897px) 100vw, 897px\" \/><\/figure>\n\n\n\n<p><\/p>\n\n\n\n<h2 class=\"wp-block-heading\"><em>Fam\u00edlias enfrentam ang\u00fastia pela demora nos resultados dos exames; delegado destaca dificuldade nas investiga\u00e7\u00f5es devido ao estado dos corpos<\/em><\/h2>\n\n\n\n<p><\/p>\n\n\n\n<p>Mais de 24 horas ap\u00f3s o tr\u00e1gico acidente na BR-373, em Imbituva, que resultou na morte de tr\u00eas pessoas ap\u00f3s uma colis\u00e3o frontal entre caminh\u00f5es, a dor das fam\u00edlias se soma \u00e0 ang\u00fastia pela demora na identifica\u00e7\u00e3o oficial das v\u00edtimas.<\/p>\n\n\n\n<p>&nbsp;O caso segue sob investiga\u00e7\u00e3o da Pol\u00edcia Cient\u00edfica de Ponta Grossa, que enfrenta dificuldades t\u00e9cnicas devido \u00e0 carboniza\u00e7\u00e3o completa dos corpos.<\/p>\n\n\n\n<p>Dois dos corpos foram inicialmente reconhecidos por familiares como sendo de Leonildo Bueno da Rocha, de 41 anos, e seu sobrinho Elisson Joilson da Rocha, de 24. No entanto, a confirma\u00e7\u00e3o oficial ainda depende de exames de DNA.<\/p>\n\n\n\n<p>A terceira v\u00edtima, por sua vez, permanece sem qualquer pista de identifica\u00e7\u00e3o \u2014 nem mesmo o sexo da pessoa p\u00f4de ser determinado at\u00e9 o momento.<\/p>\n\n\n\n<figure class=\"wp-block-image size-full\"><img loading=\"lazy\" decoding=\"async\" width=\"897\" height=\"204\" src=\"https:\/\/radiostudiow.com.br\/site\/wp-content\/uploads\/2025\/03\/BARAO-NOVO-NOTICIAS-1.jpg\" alt=\"\" class=\"wp-image-35084\" srcset=\"https:\/\/radiostudiow.com.br\/site\/wp-content\/uploads\/2025\/03\/BARAO-NOVO-NOTICIAS-1.jpg 897w, https:\/\/radiostudiow.com.br\/site\/wp-content\/uploads\/2025\/03\/BARAO-NOVO-NOTICIAS-1-300x68.jpg 300w, https:\/\/radiostudiow.com.br\/site\/wp-content\/uploads\/2025\/03\/BARAO-NOVO-NOTICIAS-1-768x175.jpg 768w\" sizes=\"auto, (max-width: 897px) 100vw, 897px\" \/><\/figure>\n\n\n\n<p><\/p>\n\n\n\n<h2 class=\"wp-block-heading\">A perita-adjunta Kelly Cancela explicou que, devido ao alto grau de calcina\u00e7\u00e3o, at\u00e9 mesmo os exames de arcada dent\u00e1ria foram inviabilizados. \u201cAntes do resultado do DNA, s\u00f3 com alvar\u00e1 judicial seria poss\u00edvel a libera\u00e7\u00e3o dos corpos\u201d, afirmou, destacando que os laudos gen\u00e9ticos podem levar at\u00e9 45 dias para ficarem prontos ap\u00f3s o envio das amostras ao laborat\u00f3rio.<\/h2>\n\n\n\n<p><\/p>\n\n\n\n<blockquote class=\"wp-block-quote is-layout-flow wp-block-quote-is-layout-flow\">\n<h2 class=\"wp-block-heading\">A reportagem da <strong>Studio W<\/strong> conversou com o Delegado Dr. Donizete de Arruda Gordiano, da 10\u00aa Delegacia Regional da Pol\u00edcia Civil de Mallet, que acompanha o caso. Segundo ele, a delegacia tem atuado como ponte entre os familiares e o Instituto M\u00e9dico Legal (IML). \u201cHoje alguns familiares procuraram a delegacia e fizemos contato com o IML de Ponta Grossa. Confirmaram serem tr\u00eas corpos carbonizados, mas ainda sem identifica\u00e7\u00e3o oficial. O IML foi colocado em contato com a fam\u00edlia e est\u00e3o prosseguindo nas formalidades para identifica\u00e7\u00e3o, inclusive com coletas de amostra de DNA se for necess\u00e1rio\u201d, explicou.<\/h2>\n<\/blockquote>\n\n\n\n<p><\/p>\n\n\n\n<figure class=\"wp-block-image size-full\"><img loading=\"lazy\" decoding=\"async\" width=\"897\" height=\"204\" src=\"https:\/\/radiostudiow.com.br\/site\/wp-content\/uploads\/2025\/03\/image-62.png\" alt=\"\" class=\"wp-image-35859\" srcset=\"https:\/\/radiostudiow.com.br\/site\/wp-content\/uploads\/2025\/03\/image-62.png 897w, https:\/\/radiostudiow.com.br\/site\/wp-content\/uploads\/2025\/03\/image-62-300x68.png 300w, https:\/\/radiostudiow.com.br\/site\/wp-content\/uploads\/2025\/03\/image-62-768x175.png 768w\" sizes=\"auto, (max-width: 897px) 100vw, 897px\" \/><\/figure>\n\n\n\n<p><\/p>\n\n\n\n<figure class=\"wp-block-image size-large\"><img loading=\"lazy\" decoding=\"async\" width=\"1024\" height=\"576\" src=\"https:\/\/radiostudiow.com.br\/site\/wp-content\/uploads\/2025\/05\/22cac037-0ef5-4070-a928-0820656b5a37-1024x576.jpg\" alt=\"\" class=\"wp-image-37614\" srcset=\"https:\/\/radiostudiow.com.br\/site\/wp-content\/uploads\/2025\/05\/22cac037-0ef5-4070-a928-0820656b5a37-1024x576.jpg 1024w, https:\/\/radiostudiow.com.br\/site\/wp-content\/uploads\/2025\/05\/22cac037-0ef5-4070-a928-0820656b5a37-300x169.jpg 300w, https:\/\/radiostudiow.com.br\/site\/wp-content\/uploads\/2025\/05\/22cac037-0ef5-4070-a928-0820656b5a37-768x432.jpg 768w, https:\/\/radiostudiow.com.br\/site\/wp-content\/uploads\/2025\/05\/22cac037-0ef5-4070-a928-0820656b5a37-1536x864.jpg 1536w, https:\/\/radiostudiow.com.br\/site\/wp-content\/uploads\/2025\/05\/22cac037-0ef5-4070-a928-0820656b5a37.jpg 1600w\" sizes=\"auto, (max-width: 1024px) 100vw, 1024px\" \/><\/figure>\n\n\n\n<p>Foto: Arquivo SW<\/p>\n\n\n\n<h2 class=\"wp-block-heading\"><strong>A respeito da terceira v\u00edtima, Dr. Donizete foi enf\u00e1tico: \u201cAinda n\u00e3o h\u00e1 informa\u00e7\u00e3o. Certeza mesmo, s\u00f3 com o DNA, pelo estado em que foi encontrado o corpo\u201d.<\/strong><\/h2>\n\n\n\n<p><\/p>\n\n\n\n<h2 class=\"wp-block-heading\">Enquanto isso, a Pol\u00edcia Cient\u00edfica solicita a colabora\u00e7\u00e3o da popula\u00e7\u00e3o para tentar descobrir a identidade da terceira v\u00edtima. Informa\u00e7\u00f5es podem ser repassadas pelo n\u00famero de plant\u00e3o (42) 9 9905-9533 ou presencialmente na sede da institui\u00e7\u00e3o, localizada na Rua \u00c9dipo Ferreira dos Santos Ribas, n\u00ba 166, bairro Nova R\u00fassia, em Ponta Grossa.<\/h2>\n\n\n\n<p><\/p>\n\n\n\n<p>O caso segue em investiga\u00e7\u00e3o, com o apoio da Pol\u00edcia Civil e da Pol\u00edcia Cient\u00edfica, que buscam dar uma resposta \u00e0s fam\u00edlias e \u00e0 sociedade diante de uma trag\u00e9dia que segue envolta em incertezas.<\/p>\n\n\n\n<h2 class=\"wp-block-heading\">Com Informa\u00e7\u00f5es do Portal aRede e da Reda\u00e7\u00e3o da Studio W<\/h2>\n\n\n\n<p><\/p>\n\n\n\n<figure class=\"wp-block-image size-full\"><img loading=\"lazy\" decoding=\"async\" width=\"897\" height=\"204\" src=\"https:\/\/radiostudiow.com.br\/site\/wp-content\/uploads\/2025\/02\/SITE-GRANDE7.png\" alt=\"\" class=\"wp-image-33861\" srcset=\"https:\/\/radiostudiow.com.br\/site\/wp-content\/uploads\/2025\/02\/SITE-GRANDE7.png 897w, https:\/\/radiostudiow.com.br\/site\/wp-content\/uploads\/2025\/02\/SITE-GRANDE7-300x68.png 300w, https:\/\/radiostudiow.com.br\/site\/wp-content\/uploads\/2025\/02\/SITE-GRANDE7-768x175.png 768w\" sizes=\"auto, (max-width: 897px) 100vw, 897px\" \/><\/figure>\n\n\n\n<p><\/p>\n","protected":false},"excerpt":{"rendered":"<p>Fam\u00edlias enfrentam ang\u00fastia pela demora nos resultados dos exames; delegado destaca dificuldade nas investiga\u00e7\u00f5es devido ao estado dos corpos Mais de 24 horas ap\u00f3s o tr\u00e1gico acidente na BR-373, em Imbituva, que resultou na morte de tr\u00eas pessoas ap\u00f3s uma colis\u00e3o frontal entre caminh\u00f5es, a dor das fam\u00edlias se soma \u00e0 ang\u00fastia pela demora na [&hellip;]<\/p>\n","protected":false},"author":2,"featured_media":38475,"comment_status":"open","ping_status":"open","sticky":false,"template":"","format":"standard","meta":{"footnotes":""},"categories":[184],"tags":[172],"class_list":["post-38474","post","type-post","status-publish","format-standard","has-post-thumbnail","hentry","category-local","tag-featured"],"amp_enabled":true,"_links":{"self":[{"href":"https:\/\/radiostudiow.com.br\/site\/wp-json\/wp\/v2\/posts\/38474","targetHints":{"allow":["GET"]}}],"collection":[{"href":"https:\/\/radiostudiow.com.br\/site\/wp-json\/wp\/v2\/posts"}],"about":[{"href":"https:\/\/radiostudiow.com.br\/site\/wp-json\/wp\/v2\/types\/post"}],"author":[{"embeddable":true,"href":"https:\/\/radiostudiow.com.br\/site\/wp-json\/wp\/v2\/users\/2"}],"replies":[{"embeddable":true,"href":"https:\/\/radiostudiow.com.br\/site\/wp-json\/wp\/v2\/comments?post=38474"}],"version-history":[{"count":1,"href":"https:\/\/radiostudiow.com.br\/site\/wp-json\/wp\/v2\/posts\/38474\/revisions"}],"predecessor-version":[{"id":38476,"href":"https:\/\/radiostudiow.com.br\/site\/wp-json\/wp\/v2\/posts\/38474\/revisions\/38476"}],"wp:featuredmedia":[{"embeddable":true,"href":"https:\/\/radiostudiow.com.br\/site\/wp-json\/wp\/v2\/media\/38475"}],"wp:attachment":[{"href":"https:\/\/radiostudiow.com.br\/site\/wp-json\/wp\/v2\/media?parent=38474"}],"wp:term":[{"taxonomy":"category","embeddable":true,"href":"https:\/\/radiostudiow.com.br\/site\/wp-json\/wp\/v2\/categories?post=38474"},{"taxonomy":"post_tag","embeddable":true,"href":"https:\/\/radiostudiow.com.br\/site\/wp-json\/wp\/v2\/tags?post=38474"}],"curies":[{"name":"wp","href":"https:\/\/api.w.org\/{rel}","templated":true}]}}