{"id":38478,"date":"2025-05-21T19:21:28","date_gmt":"2025-05-21T22:21:28","guid":{"rendered":"https:\/\/radiostudiow.com.br\/site\/?p=38478"},"modified":"2025-05-21T19:22:20","modified_gmt":"2025-05-21T22:22:20","slug":"informe-semanal-da-dengue-registra-mais-3-302-casos-e-tres-obitos-no-parana","status":"publish","type":"post","link":"https:\/\/radiostudiow.com.br\/site\/2025\/05\/21\/informe-semanal-da-dengue-registra-mais-3-302-casos-e-tres-obitos-no-parana\/","title":{"rendered":"Informe semanal da dengue registra mais 3.302 casos e tr\u00eas \u00f3bitos no Paran\u00e1"},"content":{"rendered":"\n<figure class=\"wp-block-image size-large\"><img loading=\"lazy\" decoding=\"async\" width=\"1024\" height=\"143\" src=\"https:\/\/radiostudiow.com.br\/site\/wp-content\/uploads\/2025\/01\/BOMBEIROS-1024x143.png\" alt=\"\" class=\"wp-image-37174\" srcset=\"https:\/\/radiostudiow.com.br\/site\/wp-content\/uploads\/2025\/01\/BOMBEIROS-1024x143.png 1024w, https:\/\/radiostudiow.com.br\/site\/wp-content\/uploads\/2025\/01\/BOMBEIROS-300x42.png 300w, https:\/\/radiostudiow.com.br\/site\/wp-content\/uploads\/2025\/01\/BOMBEIROS-768x108.png 768w, https:\/\/radiostudiow.com.br\/site\/wp-content\/uploads\/2025\/01\/BOMBEIROS-1536x215.png 1536w, https:\/\/radiostudiow.com.br\/site\/wp-content\/uploads\/2025\/01\/BOMBEIROS.png 1920w\" sizes=\"auto, (max-width: 1024px) 100vw, 1024px\" \/><\/figure>\n\n\n\n<p>A Secretaria de Estado da Sa\u00fade do Paran\u00e1 (Sesa) divulgou nesta ter\u00e7a-feira (20) o novo informe semanal da dengue. Foram registrados mais 3.302 casos da doen\u00e7a e tr\u00eas \u00f3bitos. Os dados do novo ano epidemiol\u00f3gico 2025 totalizam 196.155 notifica\u00e7\u00f5es, 60.883 diagn\u00f3sticos confirmados e 55 \u00f3bitos em decorr\u00eancia da dengue no Estado.<\/p>\n\n\n\n<p>Ao todo, 397 munic\u00edpios j\u00e1 apresentaram notifica\u00e7\u00f5es da doen\u00e7a, transmitida pelo mosquito&nbsp;Aedes aegypti, e 366 tiveram casos confirmados.<\/p>\n\n\n\n<p>Os novos \u00f3bitos ocorreram entre mar\u00e7o e abril, sendo dois homens e uma mulher, com idades entre 70 e 75 anos, dois deles com comorbidades. Os pacientes residiam em Apucarana, na 16\u00aa Regional de Sa\u00fade (RS) de Apucarana; Florest\u00f3polis e Sertan\u00f3polis, na 17\u00aa RS de Londrina.<\/p>\n\n\n\n<p>As regionais com mais casos confirmados neste per\u00edodo epidemiol\u00f3gico s\u00e3o a 17\u00aa RS de Londrina (14.483); 14\u00aa RS de Paranava\u00ed (10.942); 15\u00aa RS de Maring\u00e1 (7.847); 19\u00aa RS de Jacarezinho (4.169); e 12\u00aa RS de Umuarama (3.809).<\/p>\n\n\n\n<div class=\"wp-block-media-text is-stacked-on-mobile\"><figure class=\"wp-block-media-text__media\"><img loading=\"lazy\" decoding=\"async\" width=\"1024\" height=\"1024\" src=\"https:\/\/radiostudiow.com.br\/site\/wp-content\/uploads\/2025\/04\/487811741_1161041312699430_8877786304738601525_n-1024x1024.jpg\" alt=\"\" class=\"wp-image-37482 size-full\" srcset=\"https:\/\/radiostudiow.com.br\/site\/wp-content\/uploads\/2025\/04\/487811741_1161041312699430_8877786304738601525_n-1024x1024.jpg 1024w, https:\/\/radiostudiow.com.br\/site\/wp-content\/uploads\/2025\/04\/487811741_1161041312699430_8877786304738601525_n-300x300.jpg 300w, https:\/\/radiostudiow.com.br\/site\/wp-content\/uploads\/2025\/04\/487811741_1161041312699430_8877786304738601525_n-768x768.jpg 768w, https:\/\/radiostudiow.com.br\/site\/wp-content\/uploads\/2025\/04\/487811741_1161041312699430_8877786304738601525_n-1536x1536.jpg 1536w, https:\/\/radiostudiow.com.br\/site\/wp-content\/uploads\/2025\/04\/487811741_1161041312699430_8877786304738601525_n-80x80.jpg 80w, https:\/\/radiostudiow.com.br\/site\/wp-content\/uploads\/2025\/04\/487811741_1161041312699430_8877786304738601525_n.jpg 1600w\" sizes=\"auto, (max-width: 1024px) 100vw, 1024px\" \/><\/figure><div class=\"wp-block-media-text__content\">\n<p><strong>OUTRAS ARBOVIROSES&nbsp;\u2013<\/strong>&nbsp;A publica\u00e7\u00e3o inclui ainda dados sobre chikungunya e Zika, doen\u00e7as tamb\u00e9m transmitidas pelo mosquito&nbsp;Aedes aegypti.<\/p>\n\n\n\n<p>Foram confirmados 3.321 casos de chikungunya, 7.280 notifica\u00e7\u00f5es da doen\u00e7a e o primeiro \u00f3bito no Estado. Trata-se de uma mulher de 93 anos, sem comorbidades, residente em Cascavel (10\u00aa Regional de Sa\u00fade), regi\u00e3o Oeste. Em rela\u00e7\u00e3o ao v\u00edrus Zika, at\u00e9 o momento foram registradas 67 notifica\u00e7\u00f5es, sem nenhum caso confirmado.<\/p>\n<\/div><\/div>\n\n\n\n<p>Ainda neste informe, a Sesa publica os casos aut\u00f3ctones de Oropouche no Estado, nos munic\u00edpios de Adrian\u00f3polis (14 casos aut\u00f3ctones) e Morretes (um caso aut\u00f3ctone), al\u00e9m do registro de um caso importado do munic\u00edpio de Arapongas (importado do Esp\u00edrito Santo).<\/p>\n\n\n\n<p><strong>FEBRE OROPOUCHE&nbsp;\u2013&nbsp;<\/strong>A febre Oropouche \u00e9 causada pelo v\u00edrus&nbsp;Orthobunyavirus oropoucheense&nbsp;(OROV), transmitido principalmente pelo inseto&nbsp;Culicoides paraensis, conhecido como maruim ou mosquito-p\u00f3lvora. Ap\u00f3s picar uma pessoa ou animal infectado, o vetor pode transmitir o v\u00edrus a outras pessoas.<\/p>\n\n\n\n<p>Os sintomas da febre Oropouche s\u00e3o semelhantes aos de outras arboviroses, como dengue e chikungunya. Entre os principais sinais est\u00e3o: febre de in\u00edcio s\u00fabito, dor de cabe\u00e7a, dores musculares e articulares, tontura, n\u00e1useas, v\u00f4mitos, dor retro-ocular, calafrios e sensibilidade \u00e0 luz. Em casos mais raros, especialmente em pessoas imunocomprometidas, podem ocorrer complica\u00e7\u00f5es como meningite ass\u00e9ptica e meningoencefalite, al\u00e9m de manifesta\u00e7\u00f5es hemorr\u00e1gicas leves.<\/p>\n\n\n\n<p>Confira o Informe Semanal completo&nbsp;<strong><a href=\"https:\/\/www.documentador.pr.gov.br\/documentador\/pub.do?action=d&amp;uuid=@gtf-escriba-sesa@b3b9a189-9f8d-41bc-98d0-950270a19b63&amp;emPg=true\" target=\"_blank\" rel=\"noreferrer noopener\">AQUI<\/a><\/strong>. Mais informa\u00e7\u00f5es sobre os dados da dengue est\u00e3o&nbsp;neste&nbsp;<strong><a href=\"https:\/\/www.dengue.pr.gov.br\/Pagina\/Boletins-da-Dengue\" target=\"_blank\" rel=\"noreferrer noopener\">LINK<\/a><\/strong>.<\/p>\n\n\n\n<figure class=\"wp-block-image size-large\"><img loading=\"lazy\" decoding=\"async\" width=\"1024\" height=\"1024\" src=\"https:\/\/radiostudiow.com.br\/site\/wp-content\/uploads\/2025\/05\/02-1024x1024.png\" alt=\"\" class=\"wp-image-38482\" srcset=\"https:\/\/radiostudiow.com.br\/site\/wp-content\/uploads\/2025\/05\/02-1024x1024.png 1024w, https:\/\/radiostudiow.com.br\/site\/wp-content\/uploads\/2025\/05\/02-300x300.png 300w, https:\/\/radiostudiow.com.br\/site\/wp-content\/uploads\/2025\/05\/02-768x768.png 768w, https:\/\/radiostudiow.com.br\/site\/wp-content\/uploads\/2025\/05\/02-80x80.png 80w, https:\/\/radiostudiow.com.br\/site\/wp-content\/uploads\/2025\/05\/02.png 1080w\" sizes=\"auto, (max-width: 1024px) 100vw, 1024px\" \/><\/figure>\n","protected":false},"excerpt":{"rendered":"<p>A Secretaria de Estado da Sa\u00fade do Paran\u00e1 (Sesa) divulgou nesta ter\u00e7a-feira (20) o novo informe semanal da dengue. Foram registrados mais 3.302 casos da doen\u00e7a e tr\u00eas \u00f3bitos. Os dados do novo ano epidemiol\u00f3gico 2025 totalizam 196.155 notifica\u00e7\u00f5es, 60.883 diagn\u00f3sticos confirmados e 55 \u00f3bitos em decorr\u00eancia da dengue no Estado. Ao todo, 397 munic\u00edpios [&hellip;]<\/p>\n","protected":false},"author":2,"featured_media":33107,"comment_status":"open","ping_status":"open","sticky":false,"template":"","format":"standard","meta":{"footnotes":""},"categories":[182],"tags":[172],"class_list":["post-38478","post","type-post","status-publish","format-standard","has-post-thumbnail","hentry","category-saude","tag-featured"],"amp_enabled":true,"_links":{"self":[{"href":"https:\/\/radiostudiow.com.br\/site\/wp-json\/wp\/v2\/posts\/38478","targetHints":{"allow":["GET"]}}],"collection":[{"href":"https:\/\/radiostudiow.com.br\/site\/wp-json\/wp\/v2\/posts"}],"about":[{"href":"https:\/\/radiostudiow.com.br\/site\/wp-json\/wp\/v2\/types\/post"}],"author":[{"embeddable":true,"href":"https:\/\/radiostudiow.com.br\/site\/wp-json\/wp\/v2\/users\/2"}],"replies":[{"embeddable":true,"href":"https:\/\/radiostudiow.com.br\/site\/wp-json\/wp\/v2\/comments?post=38478"}],"version-history":[{"count":3,"href":"https:\/\/radiostudiow.com.br\/site\/wp-json\/wp\/v2\/posts\/38478\/revisions"}],"predecessor-version":[{"id":38483,"href":"https:\/\/radiostudiow.com.br\/site\/wp-json\/wp\/v2\/posts\/38478\/revisions\/38483"}],"wp:featuredmedia":[{"embeddable":true,"href":"https:\/\/radiostudiow.com.br\/site\/wp-json\/wp\/v2\/media\/33107"}],"wp:attachment":[{"href":"https:\/\/radiostudiow.com.br\/site\/wp-json\/wp\/v2\/media?parent=38478"}],"wp:term":[{"taxonomy":"category","embeddable":true,"href":"https:\/\/radiostudiow.com.br\/site\/wp-json\/wp\/v2\/categories?post=38478"},{"taxonomy":"post_tag","embeddable":true,"href":"https:\/\/radiostudiow.com.br\/site\/wp-json\/wp\/v2\/tags?post=38478"}],"curies":[{"name":"wp","href":"https:\/\/api.w.org\/{rel}","templated":true}]}}