{"id":38485,"date":"2025-05-22T09:35:14","date_gmt":"2025-05-22T12:35:14","guid":{"rendered":"https:\/\/radiostudiow.com.br\/site\/?p=38485"},"modified":"2025-05-22T09:35:15","modified_gmt":"2025-05-22T12:35:15","slug":"parana-oferece-transporte-intermunicipal-gratuito-para-idosos-de-baixa-renda","status":"publish","type":"post","link":"https:\/\/radiostudiow.com.br\/site\/2025\/05\/22\/parana-oferece-transporte-intermunicipal-gratuito-para-idosos-de-baixa-renda\/","title":{"rendered":"Paran\u00e1 oferece transporte intermunicipal gratuito para idosos de baixa renda"},"content":{"rendered":"\n<figure class=\"wp-block-image size-full\"><img loading=\"lazy\" decoding=\"async\" width=\"598\" height=\"204\" src=\"https:\/\/radiostudiow.com.br\/site\/wp-content\/uploads\/2025\/04\/BOROX.png\" alt=\"\" class=\"wp-image-37229\" srcset=\"https:\/\/radiostudiow.com.br\/site\/wp-content\/uploads\/2025\/04\/BOROX.png 598w, https:\/\/radiostudiow.com.br\/site\/wp-content\/uploads\/2025\/04\/BOROX-300x102.png 300w\" sizes=\"auto, (max-width: 598px) 100vw, 598px\" \/><\/figure>\n\n\n\n<p>Entrou em vigor a lei que assegura gratuidade e desconto de 50% nas passagens de transporte coletivo intermunicipal para pessoas com 65 anos ou mais no Paran\u00e1, desde que tenham renda de at\u00e9 dois sal\u00e1rios m\u00ednimos. Para usufruir do benef\u00edcio, \u00e9 preciso estar inscrito no Cadastro \u00danico para Programas Sociais (Cad\u00danico) e obter a&nbsp;<strong>Carteira da Pessoa Idosa Paranaense<\/strong>.<\/p>\n\n\n\n<p>Sancionada em novembro de 2024 e regulamentada por decreto publicado em 20 de maio de 2025, a Lei n\u00ba 22.162\/2024 foi criada para promover inclus\u00e3o social e mobilidade aos idosos de baixa renda. A emiss\u00e3o da carteira \u2014 gerenciada pela Secretaria da Mulher, Igualdade Racial e Pessoa Idosa (Semipi) \u2014 \u00e9 gratuita e est\u00e1 dispon\u00edvel online no endere\u00e7o:&nbsp;<a class=\"\" href=\"https:\/\/www.parana.pr.gov.br\/lp\/carteiradoidoso\">www.parana.pr.gov.br\/lp\/carteiradoidoso<\/a>. O documento pode ser apresentado na vers\u00e3o digital ou impresso, com validade enquanto o cadastro no Cad\u00danico estiver ativo.<\/p>\n\n\n\n<h3 class=\"wp-block-heading\">Quem pode solicitar<\/h3>\n\n\n\n<ul class=\"wp-block-list\">\n<li>&#8211; Ter\u00a0<strong>65 anos ou mais<\/strong>;<\/li>\n\n\n\n<li>&#8211; Renda mensal\u00a0<strong>at\u00e9 dois sal\u00e1rios m\u00ednimos<\/strong>;<\/li>\n\n\n\n<li>&#8211; Estar com o\u00a0<strong>Cad\u00danico atualizado<\/strong>.<\/li>\n<\/ul>\n\n\n\n<p>A atualiza\u00e7\u00e3o cadastral e a solicita\u00e7\u00e3o da carteira podem ser feitas pelo pr\u00f3prio interessado, em equipamentos p\u00fablicos do munic\u00edpio ou diretamente no site oficial.<\/p>\n\n\n\n<figure class=\"wp-block-image size-full\"><img loading=\"lazy\" decoding=\"async\" width=\"300\" height=\"180\" src=\"https:\/\/radiostudiow.com.br\/site\/wp-content\/uploads\/2025\/04\/LOU.png\" alt=\"\" class=\"wp-image-37228\"\/><\/figure>\n\n\n\n<h3 class=\"wp-block-heading\">Funcionamento do benef\u00edcio<\/h3>\n\n\n\n<p>As empresas de transporte intermunicipal devem reservar,&nbsp;<strong>at\u00e9 tr\u00eas horas antes da viagem<\/strong>:<\/p>\n\n\n\n<ul class=\"wp-block-list\">\n<li>&#8211; <strong>2 assentos gratuitos<\/strong>;<\/li>\n\n\n\n<li>&#8211; <strong>2 assentos com desconto de 50%<\/strong>.<\/li>\n<\/ul>\n\n\n\n<p>Caso n\u00e3o haja procura pelos lugares destinados at\u00e9 o prazo estipulado, eles podem ser liberados para venda convencional. O benef\u00edcio \u00e9 priorit\u00e1rio em linhas convencionais; na aus\u00eancia desse servi\u00e7o, aplica-se tamb\u00e9m \u00e0s linhas leito e semileito.<\/p>\n\n\n\n<p>Para agilizar o embarque, os&nbsp;<strong>quatro primeiros assentos do lado direito<\/strong>&nbsp;do ve\u00edculo ficam reservados \u00e0s pessoas idosas benefici\u00e1rias. Os&nbsp;<strong>quatro primeiros do lado esquerdo<\/strong>&nbsp;s\u00e3o mantidos para portadores de defici\u00eancia ou doen\u00e7as cr\u00f4nicas e seus acompanhantes.<\/p>\n\n\n\n<h3 class=\"wp-block-heading\">Como adquirir as passagens<\/h3>\n\n\n\n<ul class=\"wp-block-list\">\n<li>&#8211; <strong>Presencialmente<\/strong>, nos guich\u00eas das ag\u00eancias de venda;<\/li>\n\n\n\n<li>&#8211; <strong>Online<\/strong>, pelo sistema da empresa, informando o n\u00famero da\u00a0<strong>Carteira da Pessoa Idosa Paranaense 65+<\/strong>.<\/li>\n<\/ul>\n\n\n\n<p>No momento do embarque, o idoso deve apresentar a carteira (impresso ou digital) e um documento oficial com foto. O decreto tamb\u00e9m prev\u00ea que o bilhete de retorno seja emitido simultaneamente ao da viagem de ida, observando-se que s\u00f3 \u00e9 permitido adquirir nova passagem ap\u00f3s o uso da anterior.<\/p>\n\n\n\n<figure class=\"wp-block-image size-full\"><img loading=\"lazy\" decoding=\"async\" width=\"300\" height=\"180\" src=\"https:\/\/radiostudiow.com.br\/site\/wp-content\/uploads\/2025\/04\/AGRODU.png\" alt=\"\" class=\"wp-image-37219\"\/><\/figure>\n\n\n\n<h3 class=\"wp-block-heading\">Valida\u00e7\u00e3o e fiscaliza\u00e7\u00e3o<\/h3>\n\n\n\n<p>A carteira \u00e9&nbsp;<strong>pessoal e intransfer\u00edvel<\/strong>. A confer\u00eancia pode ser feita por meio do&nbsp;<strong>QR Code<\/strong>&nbsp;impresso no documento ou pelo site oficial, na \u00e1rea de \u201cValidar Carteira\u201d. O Departamento de Estradas de Rodagem (DER\/PR) e a Receita Estadual ficar\u00e3o respons\u00e1veis pela fiscaliza\u00e7\u00e3o dos dados e controle das isen\u00e7\u00f5es e descontos.<\/p>\n\n\n\n<p>Idosos que fizerem uso indevido do benef\u00edcio podem ter o direito suspenso. Empresas que se recusarem a oferecer gratuidade ou desconto estar\u00e3o sujeitas \u00e0s penalidades previstas no Regulamento de Transporte Rodovi\u00e1rio Intermunicipal de Passageiros.<\/p>\n\n\n\n<h3 class=\"wp-block-heading\">Divulga\u00e7\u00e3o e adapta\u00e7\u00e3o<\/h3>\n\n\n\n<p>Nas pr\u00f3ximas semanas, o Governo do Estado lan\u00e7ar\u00e1 uma campanha de orienta\u00e7\u00e3o em todos os munic\u00edpios, com cartazes e material informativo nos terminais rodovi\u00e1rios, para esclarecer quem pode solicitar a carteira e como utilizar o benef\u00edcio.<\/p>\n","protected":false},"excerpt":{"rendered":"<p>Entrou em vigor a lei que assegura gratuidade e desconto de 50% nas passagens de transporte coletivo intermunicipal para pessoas com 65 anos ou mais no Paran\u00e1, desde que tenham renda de at\u00e9 dois sal\u00e1rios m\u00ednimos. Para usufruir do benef\u00edcio, \u00e9 preciso estar inscrito no Cadastro \u00danico para Programas Sociais (Cad\u00danico) e obter a&nbsp;Carteira da [&hellip;]<\/p>\n","protected":false},"author":2,"featured_media":38487,"comment_status":"open","ping_status":"open","sticky":false,"template":"","format":"standard","meta":{"footnotes":""},"categories":[7],"tags":[172],"class_list":["post-38485","post","type-post","status-publish","format-standard","has-post-thumbnail","hentry","category-geral","tag-featured"],"amp_enabled":true,"_links":{"self":[{"href":"https:\/\/radiostudiow.com.br\/site\/wp-json\/wp\/v2\/posts\/38485","targetHints":{"allow":["GET"]}}],"collection":[{"href":"https:\/\/radiostudiow.com.br\/site\/wp-json\/wp\/v2\/posts"}],"about":[{"href":"https:\/\/radiostudiow.com.br\/site\/wp-json\/wp\/v2\/types\/post"}],"author":[{"embeddable":true,"href":"https:\/\/radiostudiow.com.br\/site\/wp-json\/wp\/v2\/users\/2"}],"replies":[{"embeddable":true,"href":"https:\/\/radiostudiow.com.br\/site\/wp-json\/wp\/v2\/comments?post=38485"}],"version-history":[{"count":2,"href":"https:\/\/radiostudiow.com.br\/site\/wp-json\/wp\/v2\/posts\/38485\/revisions"}],"predecessor-version":[{"id":38488,"href":"https:\/\/radiostudiow.com.br\/site\/wp-json\/wp\/v2\/posts\/38485\/revisions\/38488"}],"wp:featuredmedia":[{"embeddable":true,"href":"https:\/\/radiostudiow.com.br\/site\/wp-json\/wp\/v2\/media\/38487"}],"wp:attachment":[{"href":"https:\/\/radiostudiow.com.br\/site\/wp-json\/wp\/v2\/media?parent=38485"}],"wp:term":[{"taxonomy":"category","embeddable":true,"href":"https:\/\/radiostudiow.com.br\/site\/wp-json\/wp\/v2\/categories?post=38485"},{"taxonomy":"post_tag","embeddable":true,"href":"https:\/\/radiostudiow.com.br\/site\/wp-json\/wp\/v2\/tags?post=38485"}],"curies":[{"name":"wp","href":"https:\/\/api.w.org\/{rel}","templated":true}]}}