{"id":38489,"date":"2025-05-22T09:39:21","date_gmt":"2025-05-22T12:39:21","guid":{"rendered":"https:\/\/radiostudiow.com.br\/site\/?p=38489"},"modified":"2025-05-22T09:39:22","modified_gmt":"2025-05-22T12:39:22","slug":"tse-alerta-titulos-de-5-milhoes-de-eleitores-podem-ser-cancelados","status":"publish","type":"post","link":"https:\/\/radiostudiow.com.br\/site\/2025\/05\/22\/tse-alerta-titulos-de-5-milhoes-de-eleitores-podem-ser-cancelados\/","title":{"rendered":"TSE alerta: t\u00edtulos de 5 milh\u00f5es de eleitores podem ser cancelados"},"content":{"rendered":"\n<figure class=\"wp-block-image size-full\"><img loading=\"lazy\" decoding=\"async\" width=\"300\" height=\"180\" src=\"https:\/\/radiostudiow.com.br\/site\/wp-content\/uploads\/2025\/05\/VANE.png\" alt=\"\" class=\"wp-image-38014\"\/><\/figure>\n\n\n\n<p>O Tribunal Superior Eleitoral (TSE) informou nesta ter\u00e7a-feira (20) que cerca de 5 milh\u00f5es de t\u00edtulos de eleitor devem ser cancelados. A medida atinge pessoas que n\u00e3o compareceram \u00e0s tr\u00eas \u00faltimas elei\u00e7\u00f5es, n\u00e3o justificaram as aus\u00eancias e n\u00e3o pagaram as multas correspondentes.<\/p>\n\n\n\n<p>O prazo oficial para regulariza\u00e7\u00e3o terminou na segunda-feira (19), mas ainda \u00e9 poss\u00edvel evitar o cancelamento. Para isso, o eleitor deve apresentar um requerimento de regulariza\u00e7\u00e3o, acessando o autoatendimento no site do TSE ou indo a um cart\u00f3rio eleitoral.<\/p>\n\n\n\n<p>A an\u00e1lise do pedido caber\u00e1 ao juiz eleitoral respons\u00e1vel, que decidir\u00e1 com base na documenta\u00e7\u00e3o apresentada.<\/p>\n\n\n\n<figure class=\"wp-block-image size-full\"><img loading=\"lazy\" decoding=\"async\" width=\"598\" height=\"204\" src=\"https:\/\/radiostudiow.com.br\/site\/wp-content\/uploads\/2025\/05\/POLAK.png\" alt=\"\" class=\"wp-image-37847\" srcset=\"https:\/\/radiostudiow.com.br\/site\/wp-content\/uploads\/2025\/05\/POLAK.png 598w, https:\/\/radiostudiow.com.br\/site\/wp-content\/uploads\/2025\/05\/POLAK-300x102.png 300w\" sizes=\"auto, (max-width: 598px) 100vw, 598px\" \/><\/figure>\n\n\n\n<p>O TSE destaca que os cancelamentos n\u00e3o ser\u00e3o comunicados individualmente. A situa\u00e7\u00e3o de cada t\u00edtulo pode ser consultada diretamente no site da Justi\u00e7a Eleitoral.<\/p>\n\n\n\n<p>Segundo o \u00f3rg\u00e3o, quitar os d\u00e9bitos \u00e9 obrigat\u00f3rio, mas n\u00e3o suficiente: \u201cSer\u00e1 necess\u00e1rio, al\u00e9m de pagar os d\u00e9bitos, requerer a regulariza\u00e7\u00e3o do t\u00edtulo\u201d, afirma a Justi\u00e7a Eleitoral.<\/p>\n\n\n\n<p>Quem n\u00e3o tomar provid\u00eancias at\u00e9 o dia 30 de maio ter\u00e1 o t\u00edtulo cancelado, ficando impedido de votar, ser votado e realizar diversos atos da vida civil.<\/p>\n","protected":false},"excerpt":{"rendered":"<p>O Tribunal Superior Eleitoral (TSE) informou nesta ter\u00e7a-feira (20) que cerca de 5 milh\u00f5es de t\u00edtulos de eleitor devem ser cancelados. A medida atinge pessoas que n\u00e3o compareceram \u00e0s tr\u00eas \u00faltimas elei\u00e7\u00f5es, n\u00e3o justificaram as aus\u00eancias e n\u00e3o pagaram as multas correspondentes. O prazo oficial para regulariza\u00e7\u00e3o terminou na segunda-feira (19), mas ainda \u00e9 poss\u00edvel [&hellip;]<\/p>\n","protected":false},"author":2,"featured_media":38490,"comment_status":"open","ping_status":"open","sticky":false,"template":"","format":"standard","meta":{"footnotes":""},"categories":[7],"tags":[172],"class_list":["post-38489","post","type-post","status-publish","format-standard","has-post-thumbnail","hentry","category-geral","tag-featured"],"amp_enabled":true,"_links":{"self":[{"href":"https:\/\/radiostudiow.com.br\/site\/wp-json\/wp\/v2\/posts\/38489","targetHints":{"allow":["GET"]}}],"collection":[{"href":"https:\/\/radiostudiow.com.br\/site\/wp-json\/wp\/v2\/posts"}],"about":[{"href":"https:\/\/radiostudiow.com.br\/site\/wp-json\/wp\/v2\/types\/post"}],"author":[{"embeddable":true,"href":"https:\/\/radiostudiow.com.br\/site\/wp-json\/wp\/v2\/users\/2"}],"replies":[{"embeddable":true,"href":"https:\/\/radiostudiow.com.br\/site\/wp-json\/wp\/v2\/comments?post=38489"}],"version-history":[{"count":1,"href":"https:\/\/radiostudiow.com.br\/site\/wp-json\/wp\/v2\/posts\/38489\/revisions"}],"predecessor-version":[{"id":38491,"href":"https:\/\/radiostudiow.com.br\/site\/wp-json\/wp\/v2\/posts\/38489\/revisions\/38491"}],"wp:featuredmedia":[{"embeddable":true,"href":"https:\/\/radiostudiow.com.br\/site\/wp-json\/wp\/v2\/media\/38490"}],"wp:attachment":[{"href":"https:\/\/radiostudiow.com.br\/site\/wp-json\/wp\/v2\/media?parent=38489"}],"wp:term":[{"taxonomy":"category","embeddable":true,"href":"https:\/\/radiostudiow.com.br\/site\/wp-json\/wp\/v2\/categories?post=38489"},{"taxonomy":"post_tag","embeddable":true,"href":"https:\/\/radiostudiow.com.br\/site\/wp-json\/wp\/v2\/tags?post=38489"}],"curies":[{"name":"wp","href":"https:\/\/api.w.org\/{rel}","templated":true}]}}