{"id":38492,"date":"2025-05-22T10:03:57","date_gmt":"2025-05-22T13:03:57","guid":{"rendered":"https:\/\/radiostudiow.com.br\/site\/?p=38492"},"modified":"2025-05-22T10:03:58","modified_gmt":"2025-05-22T13:03:58","slug":"receita-federal-apreende-r700-mil-em-mercadorias-estrangeiras-em-operacao-nas-estradas-da-regiao-central-paranaense","status":"publish","type":"post","link":"https:\/\/radiostudiow.com.br\/site\/2025\/05\/22\/receita-federal-apreende-r700-mil-em-mercadorias-estrangeiras-em-operacao-nas-estradas-da-regiao-central-paranaense\/","title":{"rendered":"Receita Federal apreende R$700 mil em mercadorias estrangeiras em opera\u00e7\u00e3o nas estradas da regi\u00e3o central paranaense"},"content":{"rendered":"\n<figure class=\"wp-block-image size-full\"><img loading=\"lazy\" decoding=\"async\" width=\"598\" height=\"204\" src=\"https:\/\/radiostudiow.com.br\/site\/wp-content\/uploads\/2025\/01\/SITE-MEDIO3.png\" alt=\"\" class=\"wp-image-32815\" srcset=\"https:\/\/radiostudiow.com.br\/site\/wp-content\/uploads\/2025\/01\/SITE-MEDIO3.png 598w, https:\/\/radiostudiow.com.br\/site\/wp-content\/uploads\/2025\/01\/SITE-MEDIO3-300x102.png 300w\" sizes=\"auto, (max-width: 598px) 100vw, 598px\" \/><\/figure>\n\n\n\n<p><em>As abordagens ocorreram em \u00f4nibus de linha entre Irati\/PR e Porto Amazonas\/PR<\/em><\/p>\n\n\n\n<p>Equipes da Vigil\u00e2ncia e Repress\u00e3o da Receita Federal realizaram opera\u00e7\u00e3o de rotina de combate ao contrabando, descaminho e outros delitos, durante a noite de ter\u00e7a-feira, 20 de maio, e a madrugada desta quarta-feira, 21 de maio, na regi\u00e3o da BR-277 entre os munic\u00edpios de Irati\/PR e de Porto Amazonas\/PR, regi\u00e3o central paranaense.<\/p>\n\n\n\n<p>Durante a opera\u00e7\u00e3o foram fiscalizados 14 \u00f4nibus de linha regular procedentes da regi\u00e3o de fronteira de Foz do Igua\u00e7u com destino ao Rio de Janeiro, S\u00e3o Paulo e outros estados e como resultados a apreens\u00e3o de grande quantidade de mercadorias de origem estrangeira em situa\u00e7\u00e3o irregular, como eletr\u00f4nicos, celulares, cigarros eletr\u00f4nicos e artigos de inform\u00e1tica, produtos avaliados em aproximadamente R$700 mil.<\/p>\n\n\n\n<figure class=\"wp-block-gallery has-nested-images columns-default is-cropped wp-block-gallery-1 is-layout-flex wp-block-gallery-is-layout-flex\">\n<figure class=\"wp-block-image size-large\"><img loading=\"lazy\" decoding=\"async\" width=\"768\" height=\"1024\" data-id=\"38494\" src=\"https:\/\/radiostudiow.com.br\/site\/wp-content\/uploads\/2025\/05\/image-94-768x1024.png\" alt=\"\" class=\"wp-image-38494\" srcset=\"https:\/\/radiostudiow.com.br\/site\/wp-content\/uploads\/2025\/05\/image-94-768x1024.png 768w, https:\/\/radiostudiow.com.br\/site\/wp-content\/uploads\/2025\/05\/image-94-225x300.png 225w, https:\/\/radiostudiow.com.br\/site\/wp-content\/uploads\/2025\/05\/image-94.png 884w\" sizes=\"auto, (max-width: 768px) 100vw, 768px\" \/><\/figure>\n\n\n\n<figure class=\"wp-block-image size-large\"><img loading=\"lazy\" decoding=\"async\" width=\"682\" height=\"909\" data-id=\"38493\" src=\"https:\/\/radiostudiow.com.br\/site\/wp-content\/uploads\/2025\/05\/image-93.png\" alt=\"\" class=\"wp-image-38493\" srcset=\"https:\/\/radiostudiow.com.br\/site\/wp-content\/uploads\/2025\/05\/image-93.png 682w, https:\/\/radiostudiow.com.br\/site\/wp-content\/uploads\/2025\/05\/image-93-225x300.png 225w\" sizes=\"auto, (max-width: 682px) 100vw, 682px\" \/><\/figure>\n<\/figure>\n\n\n\n<figure class=\"wp-block-image size-full\"><img loading=\"lazy\" decoding=\"async\" width=\"598\" height=\"204\" src=\"https:\/\/radiostudiow.com.br\/site\/wp-content\/uploads\/2025\/05\/BEAZY.jpg.png\" alt=\"\" class=\"wp-image-38197\" srcset=\"https:\/\/radiostudiow.com.br\/site\/wp-content\/uploads\/2025\/05\/BEAZY.jpg.png 598w, https:\/\/radiostudiow.com.br\/site\/wp-content\/uploads\/2025\/05\/BEAZY.jpg-300x102.png 300w\" sizes=\"auto, (max-width: 598px) 100vw, 598px\" \/><\/figure>\n\n\n\n<p>As mercadorias apreendidas estavam ocultas em bagagens de m\u00e3o e em bagagens acondicionadas nos compartimentos espec\u00edficos dos \u00f4nibus. As mercadorias estrangeiras em situa\u00e7\u00e3o irregular foram encaminhadas para o Dep\u00f3sito de Mercadorias Apreendidas da Receita Federal em Ponta Grossa\/PR e tendem a sofrer a aplica\u00e7\u00e3o da pena de perdimento.<\/p>\n\n\n\n<p>Como atividade essencial \u00e0 prote\u00e7\u00e3o da sociedade e do Estado, a Receita Federal atua rotineiramente, com servidores que trabalham incansavelmente combatendo o contrabando, o descaminho e outros delitos transfronteiri\u00e7os, em defesa da seguran\u00e7a p\u00fablica, da soberania nacional e da pr\u00f3pria sociedade.<\/p>\n\n\n\n<figure class=\"wp-block-image size-large\"><img loading=\"lazy\" decoding=\"async\" width=\"1024\" height=\"658\" src=\"https:\/\/radiostudiow.com.br\/site\/wp-content\/uploads\/2025\/05\/image-95-1024x658.png\" alt=\"\" class=\"wp-image-38495\" srcset=\"https:\/\/radiostudiow.com.br\/site\/wp-content\/uploads\/2025\/05\/image-95-1024x658.png 1024w, https:\/\/radiostudiow.com.br\/site\/wp-content\/uploads\/2025\/05\/image-95-300x193.png 300w, https:\/\/radiostudiow.com.br\/site\/wp-content\/uploads\/2025\/05\/image-95-768x494.png 768w, https:\/\/radiostudiow.com.br\/site\/wp-content\/uploads\/2025\/05\/image-95.png 1400w\" sizes=\"auto, (max-width: 1024px) 100vw, 1024px\" \/><\/figure>\n","protected":false},"excerpt":{"rendered":"<p>As abordagens ocorreram em \u00f4nibus de linha entre Irati\/PR e Porto Amazonas\/PR Equipes da Vigil\u00e2ncia e Repress\u00e3o da Receita Federal realizaram opera\u00e7\u00e3o de rotina de combate ao contrabando, descaminho e outros delitos, durante a noite de ter\u00e7a-feira, 20 de maio, e a madrugada desta quarta-feira, 21 de maio, na regi\u00e3o da BR-277 entre os munic\u00edpios [&hellip;]<\/p>\n","protected":false},"author":2,"featured_media":38496,"comment_status":"open","ping_status":"open","sticky":false,"template":"","format":"standard","meta":{"footnotes":""},"categories":[2],"tags":[172],"class_list":["post-38492","post","type-post","status-publish","format-standard","has-post-thumbnail","hentry","category-policial","tag-featured"],"amp_enabled":true,"_links":{"self":[{"href":"https:\/\/radiostudiow.com.br\/site\/wp-json\/wp\/v2\/posts\/38492","targetHints":{"allow":["GET"]}}],"collection":[{"href":"https:\/\/radiostudiow.com.br\/site\/wp-json\/wp\/v2\/posts"}],"about":[{"href":"https:\/\/radiostudiow.com.br\/site\/wp-json\/wp\/v2\/types\/post"}],"author":[{"embeddable":true,"href":"https:\/\/radiostudiow.com.br\/site\/wp-json\/wp\/v2\/users\/2"}],"replies":[{"embeddable":true,"href":"https:\/\/radiostudiow.com.br\/site\/wp-json\/wp\/v2\/comments?post=38492"}],"version-history":[{"count":1,"href":"https:\/\/radiostudiow.com.br\/site\/wp-json\/wp\/v2\/posts\/38492\/revisions"}],"predecessor-version":[{"id":38497,"href":"https:\/\/radiostudiow.com.br\/site\/wp-json\/wp\/v2\/posts\/38492\/revisions\/38497"}],"wp:featuredmedia":[{"embeddable":true,"href":"https:\/\/radiostudiow.com.br\/site\/wp-json\/wp\/v2\/media\/38496"}],"wp:attachment":[{"href":"https:\/\/radiostudiow.com.br\/site\/wp-json\/wp\/v2\/media?parent=38492"}],"wp:term":[{"taxonomy":"category","embeddable":true,"href":"https:\/\/radiostudiow.com.br\/site\/wp-json\/wp\/v2\/categories?post=38492"},{"taxonomy":"post_tag","embeddable":true,"href":"https:\/\/radiostudiow.com.br\/site\/wp-json\/wp\/v2\/tags?post=38492"}],"curies":[{"name":"wp","href":"https:\/\/api.w.org\/{rel}","templated":true}]}}