{"id":38498,"date":"2025-05-22T10:06:52","date_gmt":"2025-05-22T13:06:52","guid":{"rendered":"https:\/\/radiostudiow.com.br\/site\/?p=38498"},"modified":"2025-05-22T10:06:52","modified_gmt":"2025-05-22T13:06:52","slug":"operacao-da-policia-militar-cumpre-mandados-de-prisao-por-pensao-alimenticia-em-tres-municipios-da-regiao","status":"publish","type":"post","link":"https:\/\/radiostudiow.com.br\/site\/2025\/05\/22\/operacao-da-policia-militar-cumpre-mandados-de-prisao-por-pensao-alimenticia-em-tres-municipios-da-regiao\/","title":{"rendered":"Opera\u00e7\u00e3o da Pol\u00edcia Militar cumpre mandados de pris\u00e3o por pens\u00e3o aliment\u00edcia em tr\u00eas munic\u00edpios da regi\u00e3o"},"content":{"rendered":"\n<figure class=\"wp-block-image size-full\"><img loading=\"lazy\" decoding=\"async\" width=\"598\" height=\"204\" src=\"https:\/\/radiostudiow.com.br\/site\/wp-content\/uploads\/2025\/01\/SITE-MEDIO7.png\" alt=\"\" class=\"wp-image-32801\" srcset=\"https:\/\/radiostudiow.com.br\/site\/wp-content\/uploads\/2025\/01\/SITE-MEDIO7.png 598w, https:\/\/radiostudiow.com.br\/site\/wp-content\/uploads\/2025\/01\/SITE-MEDIO7-300x102.png 300w\" sizes=\"auto, (max-width: 598px) 100vw, 598px\" \/><\/figure>\n\n\n\n<p>Durante a noite de quarta-feira (21) e a madrugada de quinta (22), equipes do 27\u00ba Batalh\u00e3o da Pol\u00edcia Militar, vinculado ao 4\u00ba Comando Regional, realizaram uma opera\u00e7\u00e3o coordenada para o cumprimento de mandados de pris\u00e3o por pens\u00e3o aliment\u00edcia em tr\u00eas cidades do Sul do Paran\u00e1: Uni\u00e3o da Vit\u00f3ria, General Carneiro e Cruz Machado.<\/p>\n\n\n\n<p>Em Uni\u00e3o da Vit\u00f3ria, cinco homens foram presos nos bairros Bento Munhoz, S\u00e3o Joaquim e S\u00e3o Crist\u00f3v\u00e3o. As deten\u00e7\u00f5es ocorreram tanto durante patrulhamentos de rotina quanto a partir de den\u00fancias e informa\u00e7\u00f5es repassadas \u00e0 PM. Ap\u00f3s serem identificados e terem os mandados confirmados, todos foram presos e encaminhados ao DEPEN (Departamento Penitenci\u00e1rio) local.<\/p>\n\n\n\n<figure class=\"wp-block-image size-full\"><img decoding=\"async\" src=\"https:\/\/radiostudiow.com.br\/site\/wp-content\/uploads\/2025\/05\/EXTREME.png\" alt=\"\" class=\"wp-image-37818\"\/><\/figure>\n\n\n\n<p>No munic\u00edpio de General Carneiro, um homem foi localizado no centro da cidade. A equipe policial, que j\u00e1 tinha conhecimento do mandado de pris\u00e3o em aberto contra ele, realizou a abordagem e o conduziu tamb\u00e9m ao DEPEN de Uni\u00e3o da Vit\u00f3ria.<\/p>\n\n\n\n<p>J\u00e1 em Cruz Machado, os policiais receberam informa\u00e7\u00f5es sobre o paradeiro de um suspeito com mandado ativo por pens\u00e3o aliment\u00edcia. Ele foi encontrado em seu local de trabalho, preso e encaminhado para os procedimentos legais.<\/p>\n\n\n\n<p>De acordo com a Pol\u00edcia Militar, todos os detidos permanecem \u00e0 disposi\u00e7\u00e3o da Justi\u00e7a.<\/p>\n\n\n\n<p>Fonte: 27\u00ba Batalh\u00e3o da Pol\u00edcia Militar \u2013 PMPR<\/p>\n","protected":false},"excerpt":{"rendered":"<p>Durante a noite de quarta-feira (21) e a madrugada de quinta (22), equipes do 27\u00ba Batalh\u00e3o da Pol\u00edcia Militar, vinculado ao 4\u00ba Comando Regional, realizaram uma opera\u00e7\u00e3o coordenada para o cumprimento de mandados de pris\u00e3o por pens\u00e3o aliment\u00edcia em tr\u00eas cidades do Sul do Paran\u00e1: Uni\u00e3o da Vit\u00f3ria, General Carneiro e Cruz Machado. Em Uni\u00e3o [&hellip;]<\/p>\n","protected":false},"author":2,"featured_media":35111,"comment_status":"open","ping_status":"open","sticky":false,"template":"","format":"standard","meta":{"footnotes":""},"categories":[2],"tags":[172],"class_list":["post-38498","post","type-post","status-publish","format-standard","has-post-thumbnail","hentry","category-policial","tag-featured"],"amp_enabled":true,"_links":{"self":[{"href":"https:\/\/radiostudiow.com.br\/site\/wp-json\/wp\/v2\/posts\/38498","targetHints":{"allow":["GET"]}}],"collection":[{"href":"https:\/\/radiostudiow.com.br\/site\/wp-json\/wp\/v2\/posts"}],"about":[{"href":"https:\/\/radiostudiow.com.br\/site\/wp-json\/wp\/v2\/types\/post"}],"author":[{"embeddable":true,"href":"https:\/\/radiostudiow.com.br\/site\/wp-json\/wp\/v2\/users\/2"}],"replies":[{"embeddable":true,"href":"https:\/\/radiostudiow.com.br\/site\/wp-json\/wp\/v2\/comments?post=38498"}],"version-history":[{"count":1,"href":"https:\/\/radiostudiow.com.br\/site\/wp-json\/wp\/v2\/posts\/38498\/revisions"}],"predecessor-version":[{"id":38499,"href":"https:\/\/radiostudiow.com.br\/site\/wp-json\/wp\/v2\/posts\/38498\/revisions\/38499"}],"wp:featuredmedia":[{"embeddable":true,"href":"https:\/\/radiostudiow.com.br\/site\/wp-json\/wp\/v2\/media\/35111"}],"wp:attachment":[{"href":"https:\/\/radiostudiow.com.br\/site\/wp-json\/wp\/v2\/media?parent=38498"}],"wp:term":[{"taxonomy":"category","embeddable":true,"href":"https:\/\/radiostudiow.com.br\/site\/wp-json\/wp\/v2\/categories?post=38498"},{"taxonomy":"post_tag","embeddable":true,"href":"https:\/\/radiostudiow.com.br\/site\/wp-json\/wp\/v2\/tags?post=38498"}],"curies":[{"name":"wp","href":"https:\/\/api.w.org\/{rel}","templated":true}]}}