{"id":38500,"date":"2025-05-22T10:19:06","date_gmt":"2025-05-22T13:19:06","guid":{"rendered":"https:\/\/radiostudiow.com.br\/site\/?p=38500"},"modified":"2025-05-22T10:19:07","modified_gmt":"2025-05-22T13:19:07","slug":"homem-ameaca-servidor-em-via-publica-e-foge-antes-da-chegada-da-policia-em-reboucas","status":"publish","type":"post","link":"https:\/\/radiostudiow.com.br\/site\/2025\/05\/22\/homem-ameaca-servidor-em-via-publica-e-foge-antes-da-chegada-da-policia-em-reboucas\/","title":{"rendered":"Homem amea\u00e7a servidor em via p\u00fablica e foge antes da chegada da pol\u00edcia em Rebou\u00e7as"},"content":{"rendered":"\n<figure class=\"wp-block-image size-full\"><img loading=\"lazy\" decoding=\"async\" width=\"897\" height=\"204\" src=\"https:\/\/radiostudiow.com.br\/site\/wp-content\/uploads\/2025\/03\/image-62.png\" alt=\"\" class=\"wp-image-35859\" srcset=\"https:\/\/radiostudiow.com.br\/site\/wp-content\/uploads\/2025\/03\/image-62.png 897w, https:\/\/radiostudiow.com.br\/site\/wp-content\/uploads\/2025\/03\/image-62-300x68.png 300w, https:\/\/radiostudiow.com.br\/site\/wp-content\/uploads\/2025\/03\/image-62-768x175.png 768w\" sizes=\"auto, (max-width: 897px) 100vw, 897px\" \/><\/figure>\n\n\n\n<p>Um homem causou tumulto e fez amea\u00e7as em frente ao pr\u00e9dio administrativo da Secretaria de Sa\u00fade de Rebou\u00e7as, por volta das 12h45 desta quarta-feira (21).<\/p>\n\n\n\n<p>Segundo a Pol\u00edcia Militar, o suspeito gritava em via p\u00fablica dizendo que iria se vingar de uma situa\u00e7\u00e3o anterior envolvendo seu enteado, que, segundo ele, teria sido v\u00edtima de alguma injusti\u00e7a.<\/p>\n\n\n\n<figure class=\"wp-block-image size-full\"><img loading=\"lazy\" decoding=\"async\" width=\"897\" height=\"204\" src=\"https:\/\/radiostudiow.com.br\/site\/wp-content\/uploads\/2025\/02\/SITE-GRANDE7.png\" alt=\"\" class=\"wp-image-33861\" srcset=\"https:\/\/radiostudiow.com.br\/site\/wp-content\/uploads\/2025\/02\/SITE-GRANDE7.png 897w, https:\/\/radiostudiow.com.br\/site\/wp-content\/uploads\/2025\/02\/SITE-GRANDE7-300x68.png 300w, https:\/\/radiostudiow.com.br\/site\/wp-content\/uploads\/2025\/02\/SITE-GRANDE7-768x175.png 768w\" sizes=\"auto, (max-width: 897px) 100vw, 897px\" \/><\/figure>\n\n\n\n<p>A equipe do Destacamento da Pol\u00edcia Militar (DPM) foi acionada, mas ao chegar ao local o autor das amea\u00e7as j\u00e1 havia se evadido. O solicitante relatou que viu o homem antes da chegada dos policiais. De acordo com ele, o suspeito gritou e ainda o amea\u00e7ou dizendo que iria agredi-lo fisicamente.<\/p>\n\n\n\n<p>Dilig\u00eancias foram realizadas nas imedia\u00e7\u00f5es, mas o indiv\u00edduo n\u00e3o foi localizado. O caso foi registrado e segue sendo apurado pelas autoridades competentes.<\/p>\n","protected":false},"excerpt":{"rendered":"<p>Um homem causou tumulto e fez amea\u00e7as em frente ao pr\u00e9dio administrativo da Secretaria de Sa\u00fade de Rebou\u00e7as, por volta das 12h45 desta quarta-feira (21). Segundo a Pol\u00edcia Militar, o suspeito gritava em via p\u00fablica dizendo que iria se vingar de uma situa\u00e7\u00e3o anterior envolvendo seu enteado, que, segundo ele, teria sido v\u00edtima de alguma [&hellip;]<\/p>\n","protected":false},"author":2,"featured_media":32384,"comment_status":"open","ping_status":"open","sticky":false,"template":"","format":"standard","meta":{"footnotes":""},"categories":[2],"tags":[172],"class_list":["post-38500","post","type-post","status-publish","format-standard","has-post-thumbnail","hentry","category-policial","tag-featured"],"amp_enabled":true,"_links":{"self":[{"href":"https:\/\/radiostudiow.com.br\/site\/wp-json\/wp\/v2\/posts\/38500","targetHints":{"allow":["GET"]}}],"collection":[{"href":"https:\/\/radiostudiow.com.br\/site\/wp-json\/wp\/v2\/posts"}],"about":[{"href":"https:\/\/radiostudiow.com.br\/site\/wp-json\/wp\/v2\/types\/post"}],"author":[{"embeddable":true,"href":"https:\/\/radiostudiow.com.br\/site\/wp-json\/wp\/v2\/users\/2"}],"replies":[{"embeddable":true,"href":"https:\/\/radiostudiow.com.br\/site\/wp-json\/wp\/v2\/comments?post=38500"}],"version-history":[{"count":2,"href":"https:\/\/radiostudiow.com.br\/site\/wp-json\/wp\/v2\/posts\/38500\/revisions"}],"predecessor-version":[{"id":38502,"href":"https:\/\/radiostudiow.com.br\/site\/wp-json\/wp\/v2\/posts\/38500\/revisions\/38502"}],"wp:featuredmedia":[{"embeddable":true,"href":"https:\/\/radiostudiow.com.br\/site\/wp-json\/wp\/v2\/media\/32384"}],"wp:attachment":[{"href":"https:\/\/radiostudiow.com.br\/site\/wp-json\/wp\/v2\/media?parent=38500"}],"wp:term":[{"taxonomy":"category","embeddable":true,"href":"https:\/\/radiostudiow.com.br\/site\/wp-json\/wp\/v2\/categories?post=38500"},{"taxonomy":"post_tag","embeddable":true,"href":"https:\/\/radiostudiow.com.br\/site\/wp-json\/wp\/v2\/tags?post=38500"}],"curies":[{"name":"wp","href":"https:\/\/api.w.org\/{rel}","templated":true}]}}