{"id":38503,"date":"2025-05-22T10:57:28","date_gmt":"2025-05-22T13:57:28","guid":{"rendered":"https:\/\/radiostudiow.com.br\/site\/?p=38503"},"modified":"2025-05-22T10:59:48","modified_gmt":"2025-05-22T13:59:48","slug":"prazo-para-pagamento-do-ipva-de-veiculos-com-final-de-placa-5-e-6-encerra-nesta-quinta-feira","status":"publish","type":"post","link":"https:\/\/radiostudiow.com.br\/site\/2025\/05\/22\/prazo-para-pagamento-do-ipva-de-veiculos-com-final-de-placa-5-e-6-encerra-nesta-quinta-feira\/","title":{"rendered":"Prazo para pagamento do IPVA de ve\u00edculos com final de placa 5 e 6 encerra nesta quinta-feira (22)"},"content":{"rendered":"\n<figure class=\"wp-block-image size-full\"><img loading=\"lazy\" decoding=\"async\" width=\"897\" height=\"204\" src=\"https:\/\/radiostudiow.com.br\/site\/wp-content\/uploads\/2025\/01\/SITE-GRANDE3.png\" alt=\"\" class=\"wp-image-32900\" srcset=\"https:\/\/radiostudiow.com.br\/site\/wp-content\/uploads\/2025\/01\/SITE-GRANDE3.png 897w, https:\/\/radiostudiow.com.br\/site\/wp-content\/uploads\/2025\/01\/SITE-GRANDE3-300x68.png 300w, https:\/\/radiostudiow.com.br\/site\/wp-content\/uploads\/2025\/01\/SITE-GRANDE3-768x175.png 768w\" sizes=\"auto, (max-width: 897px) 100vw, 897px\" \/><\/figure>\n\n\n\n<p class=\"has-text-align-center\"><em><strong>Mat\u00e9ria: Portal RDX<\/strong><\/em><\/p>\n\n\n\n<p>O prazo para que donos de ve\u00edculos com final de placa 5 e 6 paguem a quinta e \u00faltima parcela do Imposto sobre a Propriedade de Ve\u00edculos Automotores (IPVA) de 2025 encerra nesta quinta-feira (22). Os contribuintes que optaram pelo parcelamento em cinco vezes devem pagar a cota final do tributo ao longo desta semana, sem a incid\u00eancia de juros.<\/p>\n\n\n\n<p>O cronograma de pagamentos varia de acordo com o final da placa do ve\u00edculo. Por isso, \u00e9 preciso que os propriet\u00e1rios fiquem atentos ao calend\u00e1rio para n\u00e3o terem que arcar com encargos no caso de atrasos. A&nbsp;multa \u00e9 de 0,33% ao dia mais juros de mora (de acordo com a taxa Selic). Ap\u00f3s 30 dias de atraso, o percentual \u00e9 fixado em 10% do valor do imposto.<\/p>\n\n\n\n<p><strong>OP\u00c7\u00d5ES DE PAGAMENTO<\/strong>&nbsp;\u2013 Assim como j\u00e1 ocorria em anos anteriores, as guias de recolhimento (GR-PR) n\u00e3o s\u00e3o enviadas pelos correios. A Secretaria de Estado da Fazenda e a Receita Estadual tamb\u00e9m n\u00e3o encaminham boletos por e-mail nem aplicativos de mensagens. Os contribuintes do Paran\u00e1 devem ger\u00e1-las para pagamento por meio dos canais oficiais, como o&nbsp;<strong><a href=\"https:\/\/www.contribuinte.fazenda.pr.gov.br\/ipva\/faces\/home\" target=\"_blank\" rel=\"noreferrer noopener\">Portal IPVA<\/a><\/strong>, os aplicativos Servi\u00e7os R\u00e1pidos, da Receita Estadual, e Detran Inteligente, dispon\u00edveis para&nbsp;<strong><a href=\"https:\/\/play.google.com\/store\/apps\/details?id=br.gov.pr.celepar.receita.servicos&amp;pli=1\" target=\"_blank\" rel=\"noreferrer noopener\">Android<\/a><\/strong>&nbsp;e&nbsp;<strong><a href=\"https:\/\/apps.apple.com\/br\/app\/receita-paran%C3%A1\/id1613796501\" target=\"_blank\" rel=\"noreferrer noopener\">iOS<\/a><\/strong>, ou&nbsp;<strong><a href=\"https:\/\/arrecadacao.fazenda.pr.gov.br\/\" target=\"_blank\" rel=\"noreferrer noopener\">Portal de Pagamentos de Tributos<\/a><\/strong>.<\/p>\n\n\n\n<figure class=\"wp-block-image size-full\"><img loading=\"lazy\" decoding=\"async\" width=\"900\" height=\"408\" src=\"https:\/\/radiostudiow.com.br\/site\/wp-content\/uploads\/2025\/03\/SITE-E-TV-1.png\" alt=\"\" class=\"wp-image-35744\" srcset=\"https:\/\/radiostudiow.com.br\/site\/wp-content\/uploads\/2025\/03\/SITE-E-TV-1.png 900w, https:\/\/radiostudiow.com.br\/site\/wp-content\/uploads\/2025\/03\/SITE-E-TV-1-300x136.png 300w, https:\/\/radiostudiow.com.br\/site\/wp-content\/uploads\/2025\/03\/SITE-E-TV-1-768x348.png 768w\" sizes=\"auto, (max-width: 900px) 100vw, 900px\" \/><\/figure>\n\n\n\n<p>Uma alternativa de pagamento do IPVA \u00e9 o pix, por meio do QR Code inserido na guia de recolhimento, a partir de mais de 800 institui\u00e7\u00f5es financeiras. O pagamento nessa modalidade \u00e9 compensado em at\u00e9 24 horas e pode ser feito nos canais eletr\u00f4nicos dos bancos ou por meio de aplicativos, n\u00e3o limitados aos parceiros do Estado.<\/p>\n\n\n\n<p>Al\u00e9m disso, \u00e9 poss\u00edvel pagar o IPVA com cart\u00e3o de cr\u00e9dito, que permite parcelar os d\u00e9bitos em at\u00e9 12 vezes. Neste caso, a Fazenda e a Receita chamam a aten\u00e7\u00e3o para as taxas cobradas pelas institui\u00e7\u00f5es operadoras. A tabela dos juros aplicados por cada uma delas est\u00e1 dispon\u00edvel&nbsp;<strong><a href=\"https:\/\/www.fazenda.pr.gov.br\/Pagina\/Empresas-credenciadas-para-pagamento-do-IPVA-com-cartao-de-credito\" target=\"_blank\" rel=\"noreferrer noopener\">AQUI<\/a><\/strong>.<\/p>\n\n\n\n<p>A Secretaria da Fazenda alerta os contribuintes sobre a exist\u00eancia de sites falsos relacionados \u00e0 cobran\u00e7a do IPVA. A recomenda\u00e7\u00e3o \u00e9 que as guias de pagamento sejam sempre geradas atrav\u00e9s dos sites oficiais, cujos endere\u00e7os terminam com a extens\u00e3o \u201cpr.gov.br\u201d, ou por meio dos apps da Receita Estadual e do Detran, que fornecem formas seguras de realizar os pagamentos.<\/p>\n\n\n\n<figure class=\"wp-block-image size-full\"><img loading=\"lazy\" decoding=\"async\" width=\"598\" height=\"204\" src=\"https:\/\/radiostudiow.com.br\/site\/wp-content\/uploads\/2025\/04\/BOROX.png\" alt=\"\" class=\"wp-image-37229\" srcset=\"https:\/\/radiostudiow.com.br\/site\/wp-content\/uploads\/2025\/04\/BOROX.png 598w, https:\/\/radiostudiow.com.br\/site\/wp-content\/uploads\/2025\/04\/BOROX-300x102.png 300w\" sizes=\"auto, (max-width: 598px) 100vw, 598px\" \/><\/figure>\n\n\n\n<p><strong>Confira o calend\u00e1rio de pagamento da \u00faltima parcela do imposto:<\/strong><\/p>\n\n\n\n<p>Finais 1 e 2: 20\/05 (vencido)<\/p>\n\n\n\n<p>Finais 3 e 4: 21\/05 (vencido)<\/p>\n\n\n\n<p>Finais 5 e 6: 22\/05<\/p>\n\n\n\n<p>Finais 7 e 8: 23\/05<\/p>\n\n\n\n<p>Finais 9 e 0: 26\/05<\/p>\n\n\n\n<p><strong><em>Com informa\u00e7\u00f5es AEN<\/em><\/strong> \/ <em><strong>Portal RDX<\/strong><\/em><\/p>\n\n\n\n<p><\/p>\n","protected":false},"excerpt":{"rendered":"<p>Mat\u00e9ria: Portal RDX O prazo para que donos de ve\u00edculos com final de placa 5 e 6 paguem a quinta e \u00faltima parcela do Imposto sobre a Propriedade de Ve\u00edculos Automotores (IPVA) de 2025 encerra nesta quinta-feira (22). Os contribuintes que optaram pelo parcelamento em cinco vezes devem pagar a cota final do tributo ao [&hellip;]<\/p>\n","protected":false},"author":2,"featured_media":33209,"comment_status":"open","ping_status":"open","sticky":false,"template":"","format":"standard","meta":{"footnotes":""},"categories":[7],"tags":[172],"class_list":["post-38503","post","type-post","status-publish","format-standard","has-post-thumbnail","hentry","category-geral","tag-featured"],"amp_enabled":true,"_links":{"self":[{"href":"https:\/\/radiostudiow.com.br\/site\/wp-json\/wp\/v2\/posts\/38503","targetHints":{"allow":["GET"]}}],"collection":[{"href":"https:\/\/radiostudiow.com.br\/site\/wp-json\/wp\/v2\/posts"}],"about":[{"href":"https:\/\/radiostudiow.com.br\/site\/wp-json\/wp\/v2\/types\/post"}],"author":[{"embeddable":true,"href":"https:\/\/radiostudiow.com.br\/site\/wp-json\/wp\/v2\/users\/2"}],"replies":[{"embeddable":true,"href":"https:\/\/radiostudiow.com.br\/site\/wp-json\/wp\/v2\/comments?post=38503"}],"version-history":[{"count":3,"href":"https:\/\/radiostudiow.com.br\/site\/wp-json\/wp\/v2\/posts\/38503\/revisions"}],"predecessor-version":[{"id":38510,"href":"https:\/\/radiostudiow.com.br\/site\/wp-json\/wp\/v2\/posts\/38503\/revisions\/38510"}],"wp:featuredmedia":[{"embeddable":true,"href":"https:\/\/radiostudiow.com.br\/site\/wp-json\/wp\/v2\/media\/33209"}],"wp:attachment":[{"href":"https:\/\/radiostudiow.com.br\/site\/wp-json\/wp\/v2\/media?parent=38503"}],"wp:term":[{"taxonomy":"category","embeddable":true,"href":"https:\/\/radiostudiow.com.br\/site\/wp-json\/wp\/v2\/categories?post=38503"},{"taxonomy":"post_tag","embeddable":true,"href":"https:\/\/radiostudiow.com.br\/site\/wp-json\/wp\/v2\/tags?post=38503"}],"curies":[{"name":"wp","href":"https:\/\/api.w.org\/{rel}","templated":true}]}}