{"id":38506,"date":"2025-05-22T11:01:42","date_gmt":"2025-05-22T14:01:42","guid":{"rendered":"https:\/\/radiostudiow.com.br\/site\/?p=38506"},"modified":"2025-05-22T11:01:51","modified_gmt":"2025-05-22T14:01:51","slug":"crianca-de-10-anos-e-atropelada-por-veiculo-na-avenida-rigesa-em-tres-barras","status":"publish","type":"post","link":"https:\/\/radiostudiow.com.br\/site\/2025\/05\/22\/crianca-de-10-anos-e-atropelada-por-veiculo-na-avenida-rigesa-em-tres-barras\/","title":{"rendered":"Crian\u00e7a de 10 anos \u00e9 atropelada por ve\u00edculo em Tr\u00eas Barras"},"content":{"rendered":"\n<figure class=\"wp-block-image size-full\"><img loading=\"lazy\" decoding=\"async\" width=\"897\" height=\"204\" src=\"https:\/\/radiostudiow.com.br\/site\/wp-content\/uploads\/2025\/05\/NUTRI-MALLET.png\" alt=\"\" class=\"wp-image-37813\" srcset=\"https:\/\/radiostudiow.com.br\/site\/wp-content\/uploads\/2025\/05\/NUTRI-MALLET.png 897w, https:\/\/radiostudiow.com.br\/site\/wp-content\/uploads\/2025\/05\/NUTRI-MALLET-300x68.png 300w, https:\/\/radiostudiow.com.br\/site\/wp-content\/uploads\/2025\/05\/NUTRI-MALLET-768x175.png 768w\" sizes=\"auto, (max-width: 897px) 100vw, 897px\" \/><\/figure>\n\n\n\n<p>Uma menina de 10 anos foi atropelada por um Fiat Palio na avenida Rigesa, no centro de Tr\u00eas Barras, pr\u00f3ximo \u00e0 Confec\u00e7\u00f5es Dona L\u00facia no in\u00edcio da noite desta quarta-feira (21).<\/p>\n\n\n\n<p>De acordo com os bombeiros, a crian\u00e7a estava ca\u00edda na cal\u00e7ada, recebendo ajuda de algumas pessoas que passavam pelo local. Ela estava consciente e orientada, com sinais vitais est\u00e1veis, mas reclamava de dores nos arcos costais ao respirar e na pelve, embora n\u00e3o apresentasse ind\u00edcios de les\u00e3o cervical.<\/p>\n\n\n\n<p>O motorista do ve\u00edculo, de 20 anos, saiu ileso e permaneceu no local para prestar esclarecimentos \u00e0 Pol\u00edcia Militar.<\/p>\n\n\n\n<figure class=\"wp-block-image size-full\"><img loading=\"lazy\" decoding=\"async\" width=\"300\" height=\"180\" src=\"https:\/\/radiostudiow.com.br\/site\/wp-content\/uploads\/2025\/04\/DAIANE.png\" alt=\"\" class=\"wp-image-37227\"\/><\/figure>\n\n\n\n<p>Ap\u00f3s o atendimento inicial, a menina foi levada para o Pronto Atendimento de Tr\u00eas Barras, onde recebeu cuidados m\u00e9dicos. A \u00e1rea do acidente ficou sob a responsabilidade da equipe da PM.<\/p>\n\n\n\n<p>Conforme o boletim policial, o condutor do ve\u00edculo prestou socorro imediato \u00e0 v\u00edtima at\u00e9 a chegada da equipe de resgate. Segundo seu relato, a pedestre atravessou repentinamente a via, n\u00e3o sendo poss\u00edvel evitar a colis\u00e3o, mesmo com a tentativa de frenagem.<\/p>\n\n\n\n<p>A PM registrou um boletim na modalidade Boletim&nbsp;de Comunica\u00e7\u00e3o de Ocorr\u00eancia Policial (BO-COP), para que sejam apuradas as circunst\u00e2ncias do acidente. O ve\u00edculo envolvido n\u00e3o apresentou danos significativos.<\/p>\n","protected":false},"excerpt":{"rendered":"<p>Uma menina de 10 anos foi atropelada por um Fiat Palio na avenida Rigesa, no centro de Tr\u00eas Barras, pr\u00f3ximo \u00e0 Confec\u00e7\u00f5es Dona L\u00facia no in\u00edcio da noite desta quarta-feira (21). De acordo com os bombeiros, a crian\u00e7a estava ca\u00edda na cal\u00e7ada, recebendo ajuda de algumas pessoas que passavam pelo local. Ela estava consciente e [&hellip;]<\/p>\n","protected":false},"author":2,"featured_media":38507,"comment_status":"open","ping_status":"open","sticky":false,"template":"","format":"standard","meta":{"footnotes":""},"categories":[185],"tags":[172],"class_list":["post-38506","post","type-post","status-publish","format-standard","has-post-thumbnail","hentry","category-regional","tag-featured"],"amp_enabled":true,"_links":{"self":[{"href":"https:\/\/radiostudiow.com.br\/site\/wp-json\/wp\/v2\/posts\/38506","targetHints":{"allow":["GET"]}}],"collection":[{"href":"https:\/\/radiostudiow.com.br\/site\/wp-json\/wp\/v2\/posts"}],"about":[{"href":"https:\/\/radiostudiow.com.br\/site\/wp-json\/wp\/v2\/types\/post"}],"author":[{"embeddable":true,"href":"https:\/\/radiostudiow.com.br\/site\/wp-json\/wp\/v2\/users\/2"}],"replies":[{"embeddable":true,"href":"https:\/\/radiostudiow.com.br\/site\/wp-json\/wp\/v2\/comments?post=38506"}],"version-history":[{"count":3,"href":"https:\/\/radiostudiow.com.br\/site\/wp-json\/wp\/v2\/posts\/38506\/revisions"}],"predecessor-version":[{"id":38512,"href":"https:\/\/radiostudiow.com.br\/site\/wp-json\/wp\/v2\/posts\/38506\/revisions\/38512"}],"wp:featuredmedia":[{"embeddable":true,"href":"https:\/\/radiostudiow.com.br\/site\/wp-json\/wp\/v2\/media\/38507"}],"wp:attachment":[{"href":"https:\/\/radiostudiow.com.br\/site\/wp-json\/wp\/v2\/media?parent=38506"}],"wp:term":[{"taxonomy":"category","embeddable":true,"href":"https:\/\/radiostudiow.com.br\/site\/wp-json\/wp\/v2\/categories?post=38506"},{"taxonomy":"post_tag","embeddable":true,"href":"https:\/\/radiostudiow.com.br\/site\/wp-json\/wp\/v2\/tags?post=38506"}],"curies":[{"name":"wp","href":"https:\/\/api.w.org\/{rel}","templated":true}]}}