{"id":38516,"date":"2025-05-22T20:51:00","date_gmt":"2025-05-22T23:51:00","guid":{"rendered":"https:\/\/radiostudiow.com.br\/site\/?p=38516"},"modified":"2025-05-22T18:27:15","modified_gmt":"2025-05-22T21:27:15","slug":"softys-sepac-leva-sustentabilidade-e-inclusao-a-escola-especial-raio-de-luz-em-mallet","status":"publish","type":"post","link":"https:\/\/radiostudiow.com.br\/site\/2025\/05\/22\/softys-sepac-leva-sustentabilidade-e-inclusao-a-escola-especial-raio-de-luz-em-mallet\/","title":{"rendered":"Softys Sepac leva sustentabilidade e inclus\u00e3o \u00e0 Escola Especial Raio de Luz em Mallet"},"content":{"rendered":"\n<p><\/p>\n\n\n\n<figure class=\"wp-block-image size-full\"><img loading=\"lazy\" decoding=\"async\" width=\"897\" height=\"204\" src=\"https:\/\/radiostudiow.com.br\/site\/wp-content\/uploads\/2024\/12\/SEPAC.png\" alt=\"\" class=\"wp-image-32250\" srcset=\"https:\/\/radiostudiow.com.br\/site\/wp-content\/uploads\/2024\/12\/SEPAC.png 897w, https:\/\/radiostudiow.com.br\/site\/wp-content\/uploads\/2024\/12\/SEPAC-300x68.png 300w, https:\/\/radiostudiow.com.br\/site\/wp-content\/uploads\/2024\/12\/SEPAC-768x175.png 768w\" sizes=\"auto, (max-width: 897px) 100vw, 897px\" \/><\/figure>\n\n\n\n<p><\/p>\n\n\n\n<p>Em mais uma iniciativa voltada \u00e0 sustentabilidade e ao bem-estar social, a equipe da Softys Sepac promoveu uma a\u00e7\u00e3o especial na Escola Especial Raio de Luz \u2013 a querida APAE de Mallet.<\/p>\n\n\n\n<p>A atividade faz parte do <strong>Programa Softys Contigo<\/strong>, que vem transformando realidades desde 2022 com a\u00e7\u00f5es voltadas ao cuidado com as pessoas e o meio ambiente.<\/p>\n\n\n\n<p><\/p>\n\n\n\n<figure class=\"wp-block-image size-full\"><img loading=\"lazy\" decoding=\"async\" width=\"942\" height=\"593\" src=\"https:\/\/radiostudiow.com.br\/site\/wp-content\/uploads\/2025\/05\/1-1.jpg\" alt=\"\" class=\"wp-image-38519\" srcset=\"https:\/\/radiostudiow.com.br\/site\/wp-content\/uploads\/2025\/05\/1-1.jpg 942w, https:\/\/radiostudiow.com.br\/site\/wp-content\/uploads\/2025\/05\/1-1-300x189.jpg 300w, https:\/\/radiostudiow.com.br\/site\/wp-content\/uploads\/2025\/05\/1-1-768x483.jpg 768w\" sizes=\"auto, (max-width: 942px) 100vw, 942px\" \/><\/figure>\n\n\n\n<p><\/p>\n\n\n\n<p><\/p>\n\n\n\n<p>Nesta edi\u00e7\u00e3o, a empresa implantou na institui\u00e7\u00e3o <strong>uma horta para recrea\u00e7\u00e3o e um orquid\u00e1rio<\/strong>, al\u00e9m de um <strong>sistema de capta\u00e7\u00e3o da \u00e1gua da chuva<\/strong>, refor\u00e7ando o compromisso da Softys Sepac com pr\u00e1ticas ecol\u00f3gicas e sustent\u00e1veis. O projeto foi pensado com carinho para integrar os alunos em uma viv\u00eancia com a terra, o verde e o ciclo natural da \u00e1gua.<\/p>\n\n\n\n<p>Ao todo, <strong>47 alunos foram beneficiados diretamente<\/strong>, participando do plantio de hortali\u00e7as e verduras, com apoio dos professores e da equipe pedag\u00f3gica. Mais do que plantar sementes na terra, o projeto plantou valores fundamentais como o cuidado com a natureza, o trabalho em equipe e a valoriza\u00e7\u00e3o da inclus\u00e3o.<\/p>\n\n\n\n<figure class=\"wp-block-image size-large\"><img loading=\"lazy\" decoding=\"async\" width=\"1024\" height=\"590\" src=\"https:\/\/radiostudiow.com.br\/site\/wp-content\/uploads\/2025\/05\/4-1-1024x590.jpg\" alt=\"\" class=\"wp-image-38520\" srcset=\"https:\/\/radiostudiow.com.br\/site\/wp-content\/uploads\/2025\/05\/4-1-1024x590.jpg 1024w, https:\/\/radiostudiow.com.br\/site\/wp-content\/uploads\/2025\/05\/4-1-300x173.jpg 300w, https:\/\/radiostudiow.com.br\/site\/wp-content\/uploads\/2025\/05\/4-1-768x443.jpg 768w, https:\/\/radiostudiow.com.br\/site\/wp-content\/uploads\/2025\/05\/4-1.jpg 1228w\" sizes=\"auto, (max-width: 1024px) 100vw, 1024px\" \/><\/figure>\n\n\n\n<p><\/p>\n\n\n\n<p>A participa\u00e7\u00e3o ativa dos alunos nesse processo foi emocionante, pois eles colocaram a m\u00e3o na terra, aprenderam sobre o cultivo e compreenderam a import\u00e2ncia de cuidar do meio ambiente. \u00c9 uma viv\u00eancia que ultrapassa os muros da escola.<\/p>\n\n\n\n<p>O <strong>Programa Softys Contigo<\/strong> reafirma, com essa a\u00e7\u00e3o, seu papel social e ambiental, mostrando que \u00e9 poss\u00edvel unir desenvolvimento sustent\u00e1vel, educa\u00e7\u00e3o e inclus\u00e3o.<\/p>\n\n\n\n<figure class=\"wp-block-image size-large\"><img loading=\"lazy\" decoding=\"async\" width=\"1024\" height=\"497\" src=\"https:\/\/radiostudiow.com.br\/site\/wp-content\/uploads\/2025\/05\/2-1024x497.jpg\" alt=\"\" class=\"wp-image-38521\" srcset=\"https:\/\/radiostudiow.com.br\/site\/wp-content\/uploads\/2025\/05\/2-1024x497.jpg 1024w, https:\/\/radiostudiow.com.br\/site\/wp-content\/uploads\/2025\/05\/2-300x146.jpg 300w, https:\/\/radiostudiow.com.br\/site\/wp-content\/uploads\/2025\/05\/2-768x373.jpg 768w, https:\/\/radiostudiow.com.br\/site\/wp-content\/uploads\/2025\/05\/2.jpg 1252w\" sizes=\"auto, (max-width: 1024px) 100vw, 1024px\" \/><\/figure>\n\n\n\n<p>&nbsp;A parceria com a Escola Raio de Luz deixa um legado duradouro na comunidade, fortalecendo la\u00e7os e inspirando novas atitudes.<\/p>\n\n\n\n<blockquote class=\"wp-block-quote is-layout-flow wp-block-quote-is-layout-flow\">\n<p>Acompanhe no v\u00eddeo como foi esse processo de constru\u00e7\u00e3o de um reservat\u00f3rio para capta\u00e7\u00e3o da \u00e1gua da chuva e de uma horta para recrea\u00e7\u00e3o.<\/p>\n<\/blockquote>\n\n\n\n<figure class=\"wp-block-embed is-type-video is-provider-youtube wp-block-embed-youtube wp-embed-aspect-16-9 wp-has-aspect-ratio\"><div class=\"wp-block-embed__wrapper\">\n<iframe loading=\"lazy\" title=\"Softys Sepac leva sustentabilidade e inclus\u00e3o \u00e0 Escola Especial Raio de Luz em Mallet\" width=\"740\" height=\"416\" src=\"https:\/\/www.youtube.com\/embed\/nJgKK3qv5Lg?feature=oembed\" frameborder=\"0\" allow=\"accelerometer; autoplay; clipboard-write; encrypted-media; gyroscope; picture-in-picture; web-share\" referrerpolicy=\"strict-origin-when-cross-origin\" allowfullscreen><\/iframe>\n<\/div><\/figure>\n\n\n\n<p><strong>Programa Softys Contigo, conectando pessoas, natureza e futuro, afinal&#8230;<\/strong><\/p>\n\n\n\n<p><strong>&nbsp;\u201cCuidar est\u00e1 em nossas m\u00e3os\u201d<\/strong><\/p>\n","protected":false},"excerpt":{"rendered":"<p>Em mais uma iniciativa voltada \u00e0 sustentabilidade e ao bem-estar social, a equipe da Softys Sepac promoveu uma a\u00e7\u00e3o especial na Escola Especial Raio de Luz \u2013 a querida APAE de Mallet. A atividade faz parte do Programa Softys Contigo, que vem transformando realidades desde 2022 com a\u00e7\u00f5es voltadas ao cuidado com as pessoas e [&hellip;]<\/p>\n","protected":false},"author":2,"featured_media":38522,"comment_status":"open","ping_status":"open","sticky":false,"template":"","format":"standard","meta":{"footnotes":""},"categories":[184],"tags":[172],"class_list":["post-38516","post","type-post","status-publish","format-standard","has-post-thumbnail","hentry","category-local","tag-featured"],"amp_enabled":true,"_links":{"self":[{"href":"https:\/\/radiostudiow.com.br\/site\/wp-json\/wp\/v2\/posts\/38516","targetHints":{"allow":["GET"]}}],"collection":[{"href":"https:\/\/radiostudiow.com.br\/site\/wp-json\/wp\/v2\/posts"}],"about":[{"href":"https:\/\/radiostudiow.com.br\/site\/wp-json\/wp\/v2\/types\/post"}],"author":[{"embeddable":true,"href":"https:\/\/radiostudiow.com.br\/site\/wp-json\/wp\/v2\/users\/2"}],"replies":[{"embeddable":true,"href":"https:\/\/radiostudiow.com.br\/site\/wp-json\/wp\/v2\/comments?post=38516"}],"version-history":[{"count":3,"href":"https:\/\/radiostudiow.com.br\/site\/wp-json\/wp\/v2\/posts\/38516\/revisions"}],"predecessor-version":[{"id":38536,"href":"https:\/\/radiostudiow.com.br\/site\/wp-json\/wp\/v2\/posts\/38516\/revisions\/38536"}],"wp:featuredmedia":[{"embeddable":true,"href":"https:\/\/radiostudiow.com.br\/site\/wp-json\/wp\/v2\/media\/38522"}],"wp:attachment":[{"href":"https:\/\/radiostudiow.com.br\/site\/wp-json\/wp\/v2\/media?parent=38516"}],"wp:term":[{"taxonomy":"category","embeddable":true,"href":"https:\/\/radiostudiow.com.br\/site\/wp-json\/wp\/v2\/categories?post=38516"},{"taxonomy":"post_tag","embeddable":true,"href":"https:\/\/radiostudiow.com.br\/site\/wp-json\/wp\/v2\/tags?post=38516"}],"curies":[{"name":"wp","href":"https:\/\/api.w.org\/{rel}","templated":true}]}}