{"id":38526,"date":"2025-05-22T18:19:20","date_gmt":"2025-05-22T21:19:20","guid":{"rendered":"https:\/\/radiostudiow.com.br\/site\/?p=38526"},"modified":"2025-05-22T18:19:21","modified_gmt":"2025-05-22T21:19:21","slug":"uniao-da-vitoria-e-general-carneiro-sao-alvos-de-megaoperacao-policial","status":"publish","type":"post","link":"https:\/\/radiostudiow.com.br\/site\/2025\/05\/22\/uniao-da-vitoria-e-general-carneiro-sao-alvos-de-megaoperacao-policial\/","title":{"rendered":"Uni\u00e3o da Vit\u00f3ria e General Carneiro s\u00e3o alvos de megaopera\u00e7\u00e3o Policial"},"content":{"rendered":"\n<figure class=\"wp-block-image size-full\"><img loading=\"lazy\" decoding=\"async\" width=\"897\" height=\"204\" src=\"https:\/\/radiostudiow.com.br\/site\/wp-content\/uploads\/2025\/03\/SITE-GRANDE5.png\" alt=\"\" class=\"wp-image-35420\" srcset=\"https:\/\/radiostudiow.com.br\/site\/wp-content\/uploads\/2025\/03\/SITE-GRANDE5.png 897w, https:\/\/radiostudiow.com.br\/site\/wp-content\/uploads\/2025\/03\/SITE-GRANDE5-300x68.png 300w, https:\/\/radiostudiow.com.br\/site\/wp-content\/uploads\/2025\/03\/SITE-GRANDE5-768x175.png 768w\" sizes=\"auto, (max-width: 897px) 100vw, 897px\" \/><\/figure>\n\n\n\n<p>Uma opera\u00e7\u00e3o conjunta entre a\u00a0Pol\u00edcia Civil e a Pol\u00edcia Militar\u00a0foi deflagrada na manh\u00e3 desta quinta-feira, 22, com o objetivo de combater\u00a0crimes violentos e o tr\u00e1fico de drogas\u00a0nos munic\u00edpios de\u00a0Uni\u00e3o da Vit\u00f3ria e General Carneiro.\u00a0<\/p>\n\n\n\n<p>Batizada de\u00a0\u201cCidade Segura\u201d, a a\u00e7\u00e3o mobilizou efetivos da 4\u00aa Subdivis\u00e3o Policial (4\u00aa SDP) e do 27\u00ba Batalh\u00e3o da Pol\u00edcia Militar (BPM), atuando de forma integrada para reprimir delitos graves que vinham gerando inseguran\u00e7a na regi\u00e3o.<\/p>\n\n\n\n<p>Segundo a Pol\u00edcia Civil,\u00a0a investiga\u00e7\u00e3o teve in\u00edcio ap\u00f3s uma tentativa de homic\u00eddio registrada no dia 11 de maio, nas proximidades de uma casa noturna em Uni\u00e3o da Vit\u00f3ria.<\/p>\n\n\n\n<figure class=\"wp-block-image size-full\"><img loading=\"lazy\" decoding=\"async\" width=\"897\" height=\"204\" src=\"https:\/\/radiostudiow.com.br\/site\/wp-content\/uploads\/2025\/03\/BARAO-NOVO-NOTICIAS-1.jpg\" alt=\"\" class=\"wp-image-35084\" srcset=\"https:\/\/radiostudiow.com.br\/site\/wp-content\/uploads\/2025\/03\/BARAO-NOVO-NOTICIAS-1.jpg 897w, https:\/\/radiostudiow.com.br\/site\/wp-content\/uploads\/2025\/03\/BARAO-NOVO-NOTICIAS-1-300x68.jpg 300w, https:\/\/radiostudiow.com.br\/site\/wp-content\/uploads\/2025\/03\/BARAO-NOVO-NOTICIAS-1-768x175.jpg 768w\" sizes=\"auto, (max-width: 897px) 100vw, 897px\" \/><\/figure>\n\n\n\n<p>Na ocasi\u00e3o,\u00a0um casal foi brutalmente agredido por um grupo de pessoas, que os esperava na sa\u00edda do local.\u00a0As v\u00edtimas foram atacadas com pedras, peda\u00e7os de pau, facas, socos e chutes.\u00a0Al\u00e9m desse caso, outros epis\u00f3dios graves registrados ao longo do m\u00eas tamb\u00e9m motivaram a deflagra\u00e7\u00e3o da opera\u00e7\u00e3o.<\/p>\n\n\n\n<p>Ao todo, foram cumpridos\u00a0seis mandados de pris\u00e3o e quatro de busca e apreens\u00e3o.\u00a0Durante as dilig\u00eancias, as for\u00e7as policiais apreenderam mais de 100 gramas de maconha, duas facas, uma balan\u00e7a de precis\u00e3o, uma m\u00e1quina de cart\u00e3o e cinco aparelhos celulares. Os detidos foram encaminhados \u00e0 unidade local do Departamento de Pol\u00edcia Penal (DEPPEN).<\/p>\n\n\n\n<p><strong><em>\u201cEsta \u00e9 uma resposta firme e coordenada das for\u00e7as de seguran\u00e7a diante de crimes graves como a tentativa de homic\u00eddio, al\u00e9m do enfrentamento ao tr\u00e1fico de drogas, que alimenta diversas formas de viol\u00eancia\u201d<\/em><\/strong><em>,\u00a0destacou a Pol\u00edcia Civil.<\/em><\/p>\n\n\n\n<figure class=\"wp-block-image size-full\"><img loading=\"lazy\" decoding=\"async\" width=\"900\" height=\"408\" src=\"https:\/\/radiostudiow.com.br\/site\/wp-content\/uploads\/2025\/03\/SITE-E-TV-1.png\" alt=\"\" class=\"wp-image-35744\" srcset=\"https:\/\/radiostudiow.com.br\/site\/wp-content\/uploads\/2025\/03\/SITE-E-TV-1.png 900w, https:\/\/radiostudiow.com.br\/site\/wp-content\/uploads\/2025\/03\/SITE-E-TV-1-300x136.png 300w, https:\/\/radiostudiow.com.br\/site\/wp-content\/uploads\/2025\/03\/SITE-E-TV-1-768x348.png 768w\" sizes=\"auto, (max-width: 900px) 100vw, 900px\" \/><\/figure>\n\n\n\n<p>As pol\u00edcias Civil e Militar refor\u00e7aram o compromisso de manter opera\u00e7\u00f5es conjuntas, com o objetivo de desarticular grupos criminosos, garantir a seguran\u00e7a da popula\u00e7\u00e3o e reduzir os \u00edndices de criminalidade na regi\u00e3o.<\/p>\n\n\n\n<p>Novas informa\u00e7\u00f5es poder\u00e3o ser divulgadas conforme o avan\u00e7o das investiga\u00e7\u00f5es.<\/p>\n\n\n\n<p>Informa\u00e7\u00f5es e den\u00fancias podem ser repassadas de forma an\u00f4nima pelos telefones (42) 3521-3515 (WhatsApp) ou 190, bem como presencialmente na sede da 4\u00aa Subdivis\u00e3o Policial de Uni\u00e3o da Vit\u00f3ria\/PR.<\/p>\n","protected":false},"excerpt":{"rendered":"<p>Uma opera\u00e7\u00e3o conjunta entre a\u00a0Pol\u00edcia Civil e a Pol\u00edcia Militar\u00a0foi deflagrada na manh\u00e3 desta quinta-feira, 22, com o objetivo de combater\u00a0crimes violentos e o tr\u00e1fico de drogas\u00a0nos munic\u00edpios de\u00a0Uni\u00e3o da Vit\u00f3ria e General Carneiro.\u00a0 Batizada de\u00a0\u201cCidade Segura\u201d, a a\u00e7\u00e3o mobilizou efetivos da 4\u00aa Subdivis\u00e3o Policial (4\u00aa SDP) e do 27\u00ba Batalh\u00e3o da Pol\u00edcia Militar (BPM), [&hellip;]<\/p>\n","protected":false},"author":2,"featured_media":23586,"comment_status":"open","ping_status":"open","sticky":false,"template":"","format":"standard","meta":{"footnotes":""},"categories":[2],"tags":[172],"class_list":["post-38526","post","type-post","status-publish","format-standard","has-post-thumbnail","hentry","category-policial","tag-featured"],"amp_enabled":true,"_links":{"self":[{"href":"https:\/\/radiostudiow.com.br\/site\/wp-json\/wp\/v2\/posts\/38526","targetHints":{"allow":["GET"]}}],"collection":[{"href":"https:\/\/radiostudiow.com.br\/site\/wp-json\/wp\/v2\/posts"}],"about":[{"href":"https:\/\/radiostudiow.com.br\/site\/wp-json\/wp\/v2\/types\/post"}],"author":[{"embeddable":true,"href":"https:\/\/radiostudiow.com.br\/site\/wp-json\/wp\/v2\/users\/2"}],"replies":[{"embeddable":true,"href":"https:\/\/radiostudiow.com.br\/site\/wp-json\/wp\/v2\/comments?post=38526"}],"version-history":[{"count":1,"href":"https:\/\/radiostudiow.com.br\/site\/wp-json\/wp\/v2\/posts\/38526\/revisions"}],"predecessor-version":[{"id":38527,"href":"https:\/\/radiostudiow.com.br\/site\/wp-json\/wp\/v2\/posts\/38526\/revisions\/38527"}],"wp:featuredmedia":[{"embeddable":true,"href":"https:\/\/radiostudiow.com.br\/site\/wp-json\/wp\/v2\/media\/23586"}],"wp:attachment":[{"href":"https:\/\/radiostudiow.com.br\/site\/wp-json\/wp\/v2\/media?parent=38526"}],"wp:term":[{"taxonomy":"category","embeddable":true,"href":"https:\/\/radiostudiow.com.br\/site\/wp-json\/wp\/v2\/categories?post=38526"},{"taxonomy":"post_tag","embeddable":true,"href":"https:\/\/radiostudiow.com.br\/site\/wp-json\/wp\/v2\/tags?post=38526"}],"curies":[{"name":"wp","href":"https:\/\/api.w.org\/{rel}","templated":true}]}}