{"id":38528,"date":"2025-05-23T10:48:06","date_gmt":"2025-05-23T13:48:06","guid":{"rendered":"https:\/\/radiostudiow.com.br\/site\/?p=38528"},"modified":"2025-05-23T10:48:07","modified_gmt":"2025-05-23T13:48:07","slug":"adolescente-revela-bastidores-de-crimes-ciberneticos","status":"publish","type":"post","link":"https:\/\/radiostudiow.com.br\/site\/2025\/05\/23\/adolescente-revela-bastidores-de-crimes-ciberneticos\/","title":{"rendered":"Adolescente revela bastidores de crimes cibern\u00e9ticos"},"content":{"rendered":"\n<p class=\"has-text-align-center\"><em>da Reda\u00e7\u00e3o com informa\u00e7\u00f5es da TV\/Globo | Da Reda\u00e7\u00e3o Portal V.Vale<\/em><\/p>\n\n\n\n<p>Uma opera\u00e7\u00e3o coordenada pela Pol\u00edcia Civil do Rio de Janeiro mobilizou for\u00e7as policiais de diversos estados para combater uma das maiores organiza\u00e7\u00f5es criminosas do pa\u00eds voltadas \u00e0 pr\u00e1tica de crimes cibern\u00e9ticos contra crian\u00e7as e adolescentes.<\/p>\n\n\n\n<p>A a\u00e7\u00e3o, batizada de&nbsp;Opera\u00e7\u00e3o Adolesc\u00eancia Segura,&nbsp;ocorreu simultaneamente no Rio de Janeiro, S\u00e3o Paulo, Santa Catarina, Paran\u00e1, Mato Grosso do Sul, Minas Gerais, Goi\u00e1s e Rio Grande do Sul.<\/p>\n\n\n\n<p>Entre os alvos da opera\u00e7\u00e3o estava uma adolescente de&nbsp;14 anos,&nbsp;de&nbsp;Cruz Machado, e outra de General Carneiro&nbsp;por meio da&nbsp;4\u00aa Subdivis\u00e3o Policial de Uni\u00e3o da Vit\u00f3ria.<\/p>\n\n\n\n<figure class=\"wp-block-image size-full\"><img loading=\"lazy\" decoding=\"async\" width=\"598\" height=\"204\" src=\"https:\/\/radiostudiow.com.br\/site\/wp-content\/uploads\/2025\/05\/BEAZY.jpg.png\" alt=\"\" class=\"wp-image-38197\" srcset=\"https:\/\/radiostudiow.com.br\/site\/wp-content\/uploads\/2025\/05\/BEAZY.jpg.png 598w, https:\/\/radiostudiow.com.br\/site\/wp-content\/uploads\/2025\/05\/BEAZY.jpg-300x102.png 300w\" sizes=\"auto, (max-width: 598px) 100vw, 598px\" \/><\/figure>\n\n\n\n<p>A jovem foi internada ap\u00f3s mandado judicial de busca e apreens\u00e3o por suspeita de envolvimento em&nbsp;crimes cibern\u00e9ticos graves, como apologia ao nazismo, incentivo ao suic\u00eddio e automutila\u00e7\u00e3o, divulga\u00e7\u00e3o de pornografia infantil, maus-tratos a animais e tentativa de homic\u00eddio.<\/p>\n\n\n\n<p>A quadrilha operava principalmente atrav\u00e9s da plataforma Discord, reunindo milhares de jovens em servidores onde crimes eram transmitidos ao vivo e, em alguns casos, monetizados.<\/p>\n\n\n\n<p>A relev\u00e2ncia e periculosidade da organiza\u00e7\u00e3o chamou a aten\u00e7\u00e3o de ag\u00eancias norte-americanas como a HSI (Homeland Security Investigations) e o NCMEC (Centro Nacional para Crian\u00e7as Desaparecidas e Exploradas), que auxiliaram nas investiga\u00e7\u00f5es.<\/p>\n\n\n\n<h3 class=\"wp-block-heading\">Entrevista exclusiva ao Profiss\u00e3o Rep\u00f3rter<\/h3>\n\n\n\n<p>O caso ganhou repercuss\u00e3o nacional ap\u00f3s a equipe do programa&nbsp;<a href=\"https:\/\/g1.globo.com\/profissao-reporter\/noticia\/2025\/05\/21\/gravava-elas-se-mutilando-peladas-adolescente-revela-detalhes-sobre-atuacao-em-grupo-que-pratica-crimes-no-discord.ghtml\"><em>Profiss\u00e3o Rep\u00f3rter<\/em>, da TV Globo<\/a>, entrevistar uma adolescente envolvida no caso com autoriza\u00e7\u00e3o da Justi\u00e7a e da fam\u00edlia. Na reportagem exibida esta semana, a jovem revelou detalhes alarmantes sobre o funcionamento do grupo e seu papel dentro da organiza\u00e7\u00e3o.<\/p>\n\n\n\n<figure class=\"wp-block-image size-full\"><img loading=\"lazy\" decoding=\"async\" width=\"300\" height=\"180\" src=\"https:\/\/radiostudiow.com.br\/site\/wp-content\/uploads\/2025\/04\/DAIANE.png\" alt=\"\" class=\"wp-image-37227\"\/><\/figure>\n\n\n\n<p>\u201cEu era namorada do que tacou fogo no mendigo\u201d,&nbsp;contou a adolescente, referindo-se ao ataque brutal ocorrido em fevereiro deste ano, no Rio de Janeiro, quando um homem em situa\u00e7\u00e3o de rua teve 70% do corpo queimado por um adolescente enquanto o crime era transmitido ao vivo.<\/p>\n\n\n\n<p>Segundo a jovem, ela atuava como&nbsp;\u201cgerente de dados\u201d&nbsp;do grupo, que reunia mais de 3 mil membros<em>.<\/em><\/p>\n\n\n\n<p><em><strong>\u201cTinha os eventos pagos. As pessoas pagavam para assistir. Quando o evento era pago, a gente ficava com parte do lucro ou com cart\u00f5es que a gente roubava\u201d<\/strong>, disse.<\/em><\/p>\n\n\n\n<p>A adolescente relatou ainda que participou de cerca de 300 eventos ao vivo, muitos deles envolvendo automutila\u00e7\u00e3o de meninas adolescentes, os quais ela mesma gravava e enviava ao l\u00edder do grupo, identificado como um homem de 25 anos, chamado\u00a0Andrei.<\/p>\n\n\n\n<p>Al\u00e9m das transmiss\u00f5es, ela afirmou ter participado de amea\u00e7as e extors\u00f5es contra v\u00edtimas.\u00a0\u201cPegava os dados da m\u00e3e, mandava para elas e dizia que tinham 10 minutos para decidir o que queriam, sen\u00e3o a gente acabava com a vida delas.\u201d<\/p>\n\n\n\n<figure class=\"wp-block-image size-full\"><img loading=\"lazy\" decoding=\"async\" width=\"598\" height=\"204\" src=\"https:\/\/radiostudiow.com.br\/site\/wp-content\/uploads\/2025\/01\/SITE-MEDIO3.png\" alt=\"\" class=\"wp-image-32815\" srcset=\"https:\/\/radiostudiow.com.br\/site\/wp-content\/uploads\/2025\/01\/SITE-MEDIO3.png 598w, https:\/\/radiostudiow.com.br\/site\/wp-content\/uploads\/2025\/01\/SITE-MEDIO3-300x102.png 300w\" sizes=\"auto, (max-width: 598px) 100vw, 598px\" \/><\/figure>\n\n\n\n<h3 class=\"wp-block-heading\">\u201cSe meus pais tivessem me controlado, teria sido diferente\u201d<\/h3>\n\n\n\n<p>Durante a entrevista, a adolescente tamb\u00e9m refletiu sobre a aus\u00eancia de controle parental em sua vida digital.\u00a0\u201cMeus pais nunca tentaram impedir o que eu via. Se tivessem feito isso, teria me impedido de entrar no Discord. E eu seria muito grata hoje em dia.\u201d<\/p>\n\n\n\n<p>Ela tamb\u00e9m revelou ter se automutilado em 2022, durante um per\u00edodo de conflitos familiares e dificuldades na escola.<\/p>\n\n\n\n<h3 class=\"wp-block-heading\">Investiga\u00e7\u00e3o continua<\/h3>\n\n\n\n<p>A Pol\u00edcia Civil do Paran\u00e1 segue com as investiga\u00e7\u00f5es para identificar outros integrantes da organiza\u00e7\u00e3o criminosa que possam estar atuando na regi\u00e3o de Uni\u00e3o da Vit\u00f3ria e munic\u00edpios vizinhos.<\/p>\n\n\n\n<p>A&nbsp;<em>Opera\u00e7\u00e3o Adolesc\u00eancia Segura<\/em>&nbsp;acende um alerta sobre os riscos da exposi\u00e7\u00e3o de crian\u00e7as e adolescentes a ambientes virtuais n\u00e3o monitorados, evidenciando a urg\u00eancia de pol\u00edticas p\u00fablicas e envolvimento familiar no uso seguro da internet.<\/p>\n\n\n\n<p><\/p>\n\n\n\n<p><strong>DISCORD<\/strong><\/p>\n\n\n\n<figure class=\"wp-block-image\" id=\"attachment_566096\"><img decoding=\"async\" src=\"https:\/\/static5.vvale.com.br\/wp-content\/uploads\/2025\/05\/discord_3-720x431.jpg\" alt=\"\" class=\"wp-image-566096\"\/><figcaption class=\"wp-element-caption\">Ag\u00eancia Brasil<\/figcaption><\/figure>\n\n\n\n<p>O&nbsp;<strong>Discord<\/strong>&nbsp;\u00e9 uma&nbsp;<strong>plataforma de comunica\u00e7\u00e3o online<\/strong>&nbsp;que permite que pessoas conversem por&nbsp;<strong>texto, voz e v\u00eddeo<\/strong>, individualmente ou em grupos. Originalmente criado para&nbsp;<strong>comunidades de gamers<\/strong>, o Discord cresceu e hoje \u00e9 usado por uma variedade de p\u00fablicos \u2014 desde estudantes e profissionais at\u00e9 criadores de conte\u00fado e f\u00e3s de diversos temas.<\/p>\n\n\n\n<h3 class=\"wp-block-heading\">Principais caracter\u00edsticas do Discord:<\/h3>\n\n\n\n<ul class=\"wp-block-list\">\n<li><strong>Servidores<\/strong>: S\u00e3o espa\u00e7os privados ou p\u00fablicos onde as pessoas se re\u00fanem em torno de um tema (como um f\u00f3rum moderno). Cada servidor pode ter v\u00e1rios&nbsp;<strong>canais de texto e voz<\/strong>.<\/li>\n\n\n\n<li><strong>Canais de texto<\/strong>: Usados para bate-papo por escrito, envio de arquivos, links, memes, etc.<\/li>\n\n\n\n<li><strong>Canais de voz<\/strong>: Para conversas em tempo real por \u00e1udio (como chamadas em grupo).<\/li>\n\n\n\n<li><strong>Bots e automa\u00e7\u00f5es<\/strong>: Usu\u00e1rios podem adicionar bots que moderam conversas, tocam m\u00fasicas, organizam eventos, entre outras fun\u00e7\u00f5es.<\/li>\n\n\n\n<li><strong>Privacidade e anonimato<\/strong>: Usu\u00e1rios podem adotar apelidos e conversar com desconhecidos, o que torna a plataforma um ambiente de risco quando mal utilizado, especialmente por menores de idade.<\/li>\n<\/ul>\n\n\n\n<h3 class=\"wp-block-heading\">Por que o Discord \u00e9 frequentemente mencionado em casos de crimes cibern\u00e9ticos?<\/h3>\n\n\n\n<ul class=\"wp-block-list\">\n<li>Por ser&nbsp;<strong>gratuito, acess\u00edvel e dif\u00edcil de moderar completamente<\/strong>, o Discord pode ser usado por grupos que praticam&nbsp;<strong>atividades ilegais ou perigosas<\/strong>, como aliciamento, divulga\u00e7\u00e3o de conte\u00fado proibido e incita\u00e7\u00e3o \u00e0 viol\u00eancia.<\/li>\n\n\n\n<li>O&nbsp;<strong>anonimato e a linguagem de comunidade fechada<\/strong>&nbsp;favorecem a manipula\u00e7\u00e3o emocional, especialmente de crian\u00e7as e adolescentes que est\u00e3o mais vulner\u00e1veis.<\/li>\n<\/ul>\n","protected":false},"excerpt":{"rendered":"<p>da Reda\u00e7\u00e3o com informa\u00e7\u00f5es da TV\/Globo | Da Reda\u00e7\u00e3o Portal V.Vale Uma opera\u00e7\u00e3o coordenada pela Pol\u00edcia Civil do Rio de Janeiro mobilizou for\u00e7as policiais de diversos estados para combater uma das maiores organiza\u00e7\u00f5es criminosas do pa\u00eds voltadas \u00e0 pr\u00e1tica de crimes cibern\u00e9ticos contra crian\u00e7as e adolescentes. A a\u00e7\u00e3o, batizada de&nbsp;Opera\u00e7\u00e3o Adolesc\u00eancia Segura,&nbsp;ocorreu simultaneamente no Rio [&hellip;]<\/p>\n","protected":false},"author":2,"featured_media":38530,"comment_status":"open","ping_status":"open","sticky":false,"template":"","format":"standard","meta":{"footnotes":""},"categories":[2],"tags":[172],"class_list":["post-38528","post","type-post","status-publish","format-standard","has-post-thumbnail","hentry","category-policial","tag-featured"],"amp_enabled":true,"_links":{"self":[{"href":"https:\/\/radiostudiow.com.br\/site\/wp-json\/wp\/v2\/posts\/38528","targetHints":{"allow":["GET"]}}],"collection":[{"href":"https:\/\/radiostudiow.com.br\/site\/wp-json\/wp\/v2\/posts"}],"about":[{"href":"https:\/\/radiostudiow.com.br\/site\/wp-json\/wp\/v2\/types\/post"}],"author":[{"embeddable":true,"href":"https:\/\/radiostudiow.com.br\/site\/wp-json\/wp\/v2\/users\/2"}],"replies":[{"embeddable":true,"href":"https:\/\/radiostudiow.com.br\/site\/wp-json\/wp\/v2\/comments?post=38528"}],"version-history":[{"count":4,"href":"https:\/\/radiostudiow.com.br\/site\/wp-json\/wp\/v2\/posts\/38528\/revisions"}],"predecessor-version":[{"id":38592,"href":"https:\/\/radiostudiow.com.br\/site\/wp-json\/wp\/v2\/posts\/38528\/revisions\/38592"}],"wp:featuredmedia":[{"embeddable":true,"href":"https:\/\/radiostudiow.com.br\/site\/wp-json\/wp\/v2\/media\/38530"}],"wp:attachment":[{"href":"https:\/\/radiostudiow.com.br\/site\/wp-json\/wp\/v2\/media?parent=38528"}],"wp:term":[{"taxonomy":"category","embeddable":true,"href":"https:\/\/radiostudiow.com.br\/site\/wp-json\/wp\/v2\/categories?post=38528"},{"taxonomy":"post_tag","embeddable":true,"href":"https:\/\/radiostudiow.com.br\/site\/wp-json\/wp\/v2\/tags?post=38528"}],"curies":[{"name":"wp","href":"https:\/\/api.w.org\/{rel}","templated":true}]}}