{"id":38532,"date":"2025-05-22T18:31:01","date_gmt":"2025-05-22T21:31:01","guid":{"rendered":"https:\/\/radiostudiow.com.br\/site\/?p=38532"},"modified":"2025-05-22T18:51:48","modified_gmt":"2025-05-22T21:51:48","slug":"motorista-perde-a-vida-em-acidente-entre-dois-caminhoes-na-br-476-em-lapa","status":"publish","type":"post","link":"https:\/\/radiostudiow.com.br\/site\/2025\/05\/22\/motorista-perde-a-vida-em-acidente-entre-dois-caminhoes-na-br-476-em-lapa\/","title":{"rendered":"Motorista perde a vida em acidente entre dois caminh\u00f5es na BR-476 em Lapa"},"content":{"rendered":"\n<figure class=\"wp-block-image size-full\"><img loading=\"lazy\" decoding=\"async\" width=\"598\" height=\"204\" src=\"https:\/\/radiostudiow.com.br\/site\/wp-content\/uploads\/2025\/05\/POLAK.png\" alt=\"\" class=\"wp-image-37847\" srcset=\"https:\/\/radiostudiow.com.br\/site\/wp-content\/uploads\/2025\/05\/POLAK.png 598w, https:\/\/radiostudiow.com.br\/site\/wp-content\/uploads\/2025\/05\/POLAK-300x102.png 300w\" sizes=\"auto, (max-width: 598px) 100vw, 598px\" \/><\/figure>\n\n\n\n<p>Um grave acidente foi registrado na BR-476, km 192 nas proximidades da pra\u00e7a de ped\u00e1gio da Lapa, na descida conhecida como Santinha no in\u00edcio da tarde desta quinta-feira (22).<\/p>\n\n\n\n<p>Dois caminh\u00f5es colidiram frontalmente, provocando a interdi\u00e7\u00e3o total da rodovia nos dois sentidos. Equipes da concession\u00e1ria Via Arauc\u00e1ria se deslocaram at\u00e9 o local para prestar atendimento na remo\u00e7\u00e3o dos ve\u00edculos.<\/p>\n\n\n\n<p>O motorista do caminh\u00e3o Volkswagen Constellation infelizmente n\u00e3o resistiu aos ferimentos e faleceu no Hospital Regional do munic\u00edpio.<\/p>\n\n\n\n<p>Segundo informa\u00e7\u00f5es preliminares, o condutor ficou preso \u00e0s ferragens e foi resgatado ap\u00f3s um intenso trabalho realizado pela equipe de atendimento do ped\u00e1gio. Ap\u00f3s ser retirado, ele foi encaminhado com vida ao pronto-socorro do hospital, mas seu estado de sa\u00fade era grave e, apesar dos esfor\u00e7os da equipe m\u00e9dica, ele veio a \u00f3bito.<\/p>\n\n\n\n<p>O Instituto M\u00e9dico Legal (IML) de Curitiba foi acionado para realizar o recolhimento do corpo.<\/p>\n\n\n\n<figure class=\"wp-block-image size-full\"><img loading=\"lazy\" decoding=\"async\" width=\"897\" height=\"204\" src=\"https:\/\/radiostudiow.com.br\/site\/wp-content\/uploads\/2024\/01\/SITE-GRANDE3.png\" alt=\"zaions\" class=\"wp-image-18936\" srcset=\"https:\/\/radiostudiow.com.br\/site\/wp-content\/uploads\/2024\/01\/SITE-GRANDE3.png 897w, https:\/\/radiostudiow.com.br\/site\/wp-content\/uploads\/2024\/01\/SITE-GRANDE3-300x68.png 300w, https:\/\/radiostudiow.com.br\/site\/wp-content\/uploads\/2024\/01\/SITE-GRANDE3-768x175.png 768w\" sizes=\"auto, (max-width: 897px) 100vw, 897px\" \/><\/figure>\n\n\n\n<p>O caminh\u00e3o envolvido no acidente possu\u00eda placas da cidade de Xanxer\u00ea, em Santa Catarina. Inicialmente, h\u00e1 informa\u00e7\u00f5es de que o motorista seria natural de Florian\u00f3polis, capital do mesmo estado.<\/p>\n\n\n\n<p>O acidente aconteceu ap\u00f3s uma carreta com um cont\u00eainer acoplado dar o L e colidir contra o caminh\u00e3o que subia deixando o motorista preso nas ferragens. No acidente tamb\u00e9m bateu em mais dois caminh\u00f5es que seguiam no sentido contr\u00e1rio.<\/p>\n\n\n\n<p>A pista foi totalmente liberada por volta das 15h50 desta quinta-feira (22). A pista ficou interdidata por mais de 3 horas ap\u00f3s uma colis\u00e3o.<\/p>\n","protected":false},"excerpt":{"rendered":"<p>Um grave acidente foi registrado na BR-476, km 192 nas proximidades da pra\u00e7a de ped\u00e1gio da Lapa, na descida conhecida como Santinha no in\u00edcio da tarde desta quinta-feira (22). Dois caminh\u00f5es colidiram frontalmente, provocando a interdi\u00e7\u00e3o total da rodovia nos dois sentidos. Equipes da concession\u00e1ria Via Arauc\u00e1ria se deslocaram at\u00e9 o local para prestar atendimento [&hellip;]<\/p>\n","protected":false},"author":2,"featured_media":38533,"comment_status":"open","ping_status":"open","sticky":false,"template":"","format":"standard","meta":{"footnotes":""},"categories":[185],"tags":[172],"class_list":["post-38532","post","type-post","status-publish","format-standard","has-post-thumbnail","hentry","category-regional","tag-featured"],"amp_enabled":true,"_links":{"self":[{"href":"https:\/\/radiostudiow.com.br\/site\/wp-json\/wp\/v2\/posts\/38532","targetHints":{"allow":["GET"]}}],"collection":[{"href":"https:\/\/radiostudiow.com.br\/site\/wp-json\/wp\/v2\/posts"}],"about":[{"href":"https:\/\/radiostudiow.com.br\/site\/wp-json\/wp\/v2\/types\/post"}],"author":[{"embeddable":true,"href":"https:\/\/radiostudiow.com.br\/site\/wp-json\/wp\/v2\/users\/2"}],"replies":[{"embeddable":true,"href":"https:\/\/radiostudiow.com.br\/site\/wp-json\/wp\/v2\/comments?post=38532"}],"version-history":[{"count":4,"href":"https:\/\/radiostudiow.com.br\/site\/wp-json\/wp\/v2\/posts\/38532\/revisions"}],"predecessor-version":[{"id":38548,"href":"https:\/\/radiostudiow.com.br\/site\/wp-json\/wp\/v2\/posts\/38532\/revisions\/38548"}],"wp:featuredmedia":[{"embeddable":true,"href":"https:\/\/radiostudiow.com.br\/site\/wp-json\/wp\/v2\/media\/38533"}],"wp:attachment":[{"href":"https:\/\/radiostudiow.com.br\/site\/wp-json\/wp\/v2\/media?parent=38532"}],"wp:term":[{"taxonomy":"category","embeddable":true,"href":"https:\/\/radiostudiow.com.br\/site\/wp-json\/wp\/v2\/categories?post=38532"},{"taxonomy":"post_tag","embeddable":true,"href":"https:\/\/radiostudiow.com.br\/site\/wp-json\/wp\/v2\/tags?post=38532"}],"curies":[{"name":"wp","href":"https:\/\/api.w.org\/{rel}","templated":true}]}}