{"id":3854,"date":"2021-09-29T16:16:42","date_gmt":"2021-09-29T19:16:42","guid":{"rendered":"https:\/\/radiostudiow.com.br\/site\/?p=3854"},"modified":"2025-01-31T15:12:27","modified_gmt":"2025-01-31T18:12:27","slug":"bateria-automotiva-e-furtada-de-estabelecimento-em-sao-mateus-do-sul","status":"publish","type":"post","link":"https:\/\/radiostudiow.com.br\/site\/2021\/09\/29\/bateria-automotiva-e-furtada-de-estabelecimento-em-sao-mateus-do-sul\/","title":{"rendered":"Bateria automotiva \u00e9 furtada de estabelecimento em S\u00e3o Mateus do Sul"},"content":{"rendered":"\n<p>Um furto foi registrado por volta das 00:45 horas da madrugada dessa ter\u00e7a-feira, 28 de setembro, em um estabelecimento comercial na \u00e1rea central de S\u00e3o Mateus do Sul.<\/p>\n\n\n\n<p>O solicitante relatou para a equipe da Pol\u00edcia Militar que ao chegar ao seu local de trabalho, percebeu que a porta da frente do estabelecimento estava arrombada.<\/p>\n\n\n\n<p>A v\u00edtima constatou que do interior deu por falta de uma bateria Heliar caixa branca.<\/p>\n\n\n\n<figure class=\"wp-block-image size-full\"><img decoding=\"async\" src=\"https:\/\/radiostudiow.com.br\/site\/wp-content\/uploads\/2021\/09\/HF-MALLET.jpg\" alt=\"\" class=\"wp-image-3544\"\/><\/figure>\n","protected":false},"excerpt":{"rendered":"<p>Um furto foi registrado por volta das 00:45 horas da madrugada dessa ter\u00e7a-feira, 28 de setembro, em um estabelecimento comercial na \u00e1rea central de S\u00e3o Mateus do Sul. O solicitante relatou para a equipe da Pol\u00edcia Militar que ao chegar ao seu local de trabalho, percebeu que a porta da frente do estabelecimento estava arrombada. [&hellip;]<\/p>\n","protected":false},"author":2,"featured_media":0,"comment_status":"open","ping_status":"open","sticky":false,"template":"","format":"standard","meta":{"footnotes":""},"categories":[2],"tags":[172],"class_list":["post-3854","post","type-post","status-publish","format-standard","hentry","category-policial","tag-featured"],"amp_enabled":true,"_links":{"self":[{"href":"https:\/\/radiostudiow.com.br\/site\/wp-json\/wp\/v2\/posts\/3854","targetHints":{"allow":["GET"]}}],"collection":[{"href":"https:\/\/radiostudiow.com.br\/site\/wp-json\/wp\/v2\/posts"}],"about":[{"href":"https:\/\/radiostudiow.com.br\/site\/wp-json\/wp\/v2\/types\/post"}],"author":[{"embeddable":true,"href":"https:\/\/radiostudiow.com.br\/site\/wp-json\/wp\/v2\/users\/2"}],"replies":[{"embeddable":true,"href":"https:\/\/radiostudiow.com.br\/site\/wp-json\/wp\/v2\/comments?post=3854"}],"version-history":[{"count":2,"href":"https:\/\/radiostudiow.com.br\/site\/wp-json\/wp\/v2\/posts\/3854\/revisions"}],"predecessor-version":[{"id":3857,"href":"https:\/\/radiostudiow.com.br\/site\/wp-json\/wp\/v2\/posts\/3854\/revisions\/3857"}],"wp:attachment":[{"href":"https:\/\/radiostudiow.com.br\/site\/wp-json\/wp\/v2\/media?parent=3854"}],"wp:term":[{"taxonomy":"category","embeddable":true,"href":"https:\/\/radiostudiow.com.br\/site\/wp-json\/wp\/v2\/categories?post=3854"},{"taxonomy":"post_tag","embeddable":true,"href":"https:\/\/radiostudiow.com.br\/site\/wp-json\/wp\/v2\/tags?post=3854"}],"curies":[{"name":"wp","href":"https:\/\/api.w.org\/{rel}","templated":true}]}}