{"id":38542,"date":"2025-05-22T18:45:25","date_gmt":"2025-05-22T21:45:25","guid":{"rendered":"https:\/\/radiostudiow.com.br\/site\/?p=38542"},"modified":"2025-05-22T18:58:05","modified_gmt":"2025-05-22T21:58:05","slug":"viatura-da-prf-sai-da-pista-durante-perseguicao-na-pr-364-em-inacio-martins","status":"publish","type":"post","link":"https:\/\/radiostudiow.com.br\/site\/2025\/05\/22\/viatura-da-prf-sai-da-pista-durante-perseguicao-na-pr-364-em-inacio-martins\/","title":{"rendered":"Viatura da PRF sai da pista durante persegui\u00e7\u00e3o na PR-364, em In\u00e1cio Martins"},"content":{"rendered":"\n<p><\/p>\n\n\n\n<figure class=\"wp-block-image size-full\"><img loading=\"lazy\" decoding=\"async\" width=\"598\" height=\"204\" src=\"https:\/\/radiostudiow.com.br\/site\/wp-content\/uploads\/2025\/05\/POLAK.png\" alt=\"\" class=\"wp-image-37847\" srcset=\"https:\/\/radiostudiow.com.br\/site\/wp-content\/uploads\/2025\/05\/POLAK.png 598w, https:\/\/radiostudiow.com.br\/site\/wp-content\/uploads\/2025\/05\/POLAK-300x102.png 300w\" sizes=\"auto, (max-width: 598px) 100vw, 598px\" \/><\/figure>\n\n\n\n<p><\/p>\n\n\n\n<p>Um acidente sem v\u00edtimas foi registrado na manh\u00e3 desta quinta-feira (22), por volta das 10h30, na PR-364, no trecho entre os munic\u00edpios de In\u00e1cio Martins e Irati, na regi\u00e3o Centro-Sul do Paran\u00e1. O fato ocorreu no <strong>quil\u00f4metro 137 + 300 metros da rodovia<\/strong>, quando uma viatura da Pol\u00edcia Rodovi\u00e1ria Federal (PRF) <strong>saiu da pista durante um acompanhamento t\u00e1tico<\/strong>.<\/p>\n\n\n\n<p>Segundo informa\u00e7\u00f5es repassadas pelas autoridades que atenderam a ocorr\u00eancia, o ve\u00edculo envolvido \u00e9 um <strong>Chevrolet Trailblazer com placas de Curitiba (PR)<\/strong>. O condutor, um policial de 48 anos, n\u00e3o sofreu ferimentos. No momento do acidente, <strong>tr\u00eas policiais ocupavam a viatura, todos sa\u00edram ilesos<\/strong>.<\/p>\n\n\n\n<p>De acordo com a nota oficial divulgada pela PRF, a viatura seguia no <strong>sentido decrescente da rodovia<\/strong> quando o condutor <strong>perdeu o controle da dire\u00e7\u00e3o<\/strong>, resultando na sa\u00edda de pista pelo lado direito da via. Apesar dos danos materiais no ve\u00edculo, <strong>n\u00e3o houve v\u00edtimas<\/strong>.<\/p>\n\n\n\n<figure class=\"wp-block-image size-large\"><img loading=\"lazy\" decoding=\"async\" width=\"768\" height=\"1024\" src=\"https:\/\/radiostudiow.com.br\/site\/wp-content\/uploads\/2025\/05\/fca69f17-e0c5-4f68-994d-d66dd2820b23-768x1024.jpg\" alt=\"\" class=\"wp-image-38543\" srcset=\"https:\/\/radiostudiow.com.br\/site\/wp-content\/uploads\/2025\/05\/fca69f17-e0c5-4f68-994d-d66dd2820b23-768x1024.jpg 768w, https:\/\/radiostudiow.com.br\/site\/wp-content\/uploads\/2025\/05\/fca69f17-e0c5-4f68-994d-d66dd2820b23-225x300.jpg 225w, https:\/\/radiostudiow.com.br\/site\/wp-content\/uploads\/2025\/05\/fca69f17-e0c5-4f68-994d-d66dd2820b23-1152x1536.jpg 1152w, https:\/\/radiostudiow.com.br\/site\/wp-content\/uploads\/2025\/05\/fca69f17-e0c5-4f68-994d-d66dd2820b23-1536x2048.jpg 1536w, https:\/\/radiostudiow.com.br\/site\/wp-content\/uploads\/2025\/05\/fca69f17-e0c5-4f68-994d-d66dd2820b23-scaled.jpg 1920w\" sizes=\"auto, (max-width: 768px) 100vw, 768px\" \/><\/figure>\n\n\n\n<p><\/p>\n\n\n\n<p><\/p>\n\n\n\n<figure class=\"wp-block-image size-full\"><img loading=\"lazy\" decoding=\"async\" width=\"598\" height=\"204\" src=\"https:\/\/radiostudiow.com.br\/site\/wp-content\/uploads\/2025\/01\/SITE-MEDIO7.png\" alt=\"\" class=\"wp-image-32801\" srcset=\"https:\/\/radiostudiow.com.br\/site\/wp-content\/uploads\/2025\/01\/SITE-MEDIO7.png 598w, https:\/\/radiostudiow.com.br\/site\/wp-content\/uploads\/2025\/01\/SITE-MEDIO7-300x102.png 300w\" sizes=\"auto, (max-width: 598px) 100vw, 598px\" \/><\/figure>\n\n\n\n<h2 class=\"wp-block-heading\">A PRF informou ainda que, mesmo com o incidente, a <strong>Pol\u00edcia Militar conseguiu interceptar o ve\u00edculo que estava sendo perseguido<\/strong>. Durante a abordagem, foram encontrados <strong>diversos aparelhos celulares de origem estrangeira<\/strong>, caracterizando <strong>crime de descaminho<\/strong>.<\/h2>\n\n\n\n<p><\/p>\n\n\n\n<p>A ocorr\u00eancia foi atendida em conjunto pela Pol\u00edcia Militar do Paran\u00e1 (PMPR), por meio do <strong>CPE\/BPRv da 5\u00aa Companhia da Pol\u00edcia Rodovi\u00e1ria Estadual de Pitanga<\/strong>.<\/p>\n\n\n\n<p><\/p>\n\n\n\n<figure class=\"wp-block-image size-full\"><img loading=\"lazy\" decoding=\"async\" width=\"598\" height=\"204\" src=\"https:\/\/radiostudiow.com.br\/site\/wp-content\/uploads\/2024\/10\/labirati.png\" alt=\"\" class=\"wp-image-28854\" srcset=\"https:\/\/radiostudiow.com.br\/site\/wp-content\/uploads\/2024\/10\/labirati.png 598w, https:\/\/radiostudiow.com.br\/site\/wp-content\/uploads\/2024\/10\/labirati-300x102.png 300w\" sizes=\"auto, (max-width: 598px) 100vw, 598px\" \/><\/figure>\n\n\n\n<p><\/p>\n\n\n\n<figure class=\"wp-block-image size-large\"><img loading=\"lazy\" decoding=\"async\" width=\"768\" height=\"1024\" src=\"https:\/\/radiostudiow.com.br\/site\/wp-content\/uploads\/2025\/05\/prf-1-768x1024.jpg\" alt=\"\" class=\"wp-image-38544\" srcset=\"https:\/\/radiostudiow.com.br\/site\/wp-content\/uploads\/2025\/05\/prf-1-768x1024.jpg 768w, https:\/\/radiostudiow.com.br\/site\/wp-content\/uploads\/2025\/05\/prf-1-225x300.jpg 225w, https:\/\/radiostudiow.com.br\/site\/wp-content\/uploads\/2025\/05\/prf-1-1152x1536.jpg 1152w, https:\/\/radiostudiow.com.br\/site\/wp-content\/uploads\/2025\/05\/prf-1-1536x2048.jpg 1536w, https:\/\/radiostudiow.com.br\/site\/wp-content\/uploads\/2025\/05\/prf-1-scaled.jpg 1920w\" sizes=\"auto, (max-width: 768px) 100vw, 768px\" \/><\/figure>\n\n\n\n<h2 class=\"wp-block-heading\"><strong>Resumo da ocorr\u00eancia:<\/strong><\/h2>\n\n\n\n<ul class=\"wp-block-list\">\n<li><strong>Data:<\/strong> 22\/05\/2025<\/li>\n\n\n\n<li><strong>Hor\u00e1rio:<\/strong> 10h30<\/li>\n\n\n\n<li><strong>Local:<\/strong> PR-364, km 137+300m \u2013 In\u00e1cio Martins (PR)<\/li>\n\n\n\n<li><strong>Tipo de ocorr\u00eancia:<\/strong> Sa\u00edda de pista<\/li>\n\n\n\n<li><strong>Envolvidos:<\/strong> Viatura da PRF, com tr\u00eas policiais (sem ferimentos)<\/li>\n\n\n\n<li><strong>Desfecho:<\/strong> Ve\u00edculo de fuga interceptado pela PM com carga de celulares ilegais<\/li>\n<\/ul>\n\n\n\n<p>A Pol\u00edcia Rodovi\u00e1ria Federal segue com as investiga\u00e7\u00f5es para apurar as circunst\u00e2ncias exatas do acidente.<\/p>\n\n\n\n<h2 class=\"wp-block-heading\"><strong>Informa\u00e7\u00f5es: PMPR \/ CPE \/ BPRv \/ 5\u00aa Cia \/ PRV Pitanga \u2013 Rep\u00f3rter Kiko de Oliveira<\/strong><\/h2>\n","protected":false},"excerpt":{"rendered":"<p>Um acidente sem v\u00edtimas foi registrado na manh\u00e3 desta quinta-feira (22), por volta das 10h30, na PR-364, no trecho entre os munic\u00edpios de In\u00e1cio Martins e Irati, na regi\u00e3o Centro-Sul do Paran\u00e1. O fato ocorreu no quil\u00f4metro 137 + 300 metros da rodovia, quando uma viatura da Pol\u00edcia Rodovi\u00e1ria Federal (PRF) saiu da pista durante [&hellip;]<\/p>\n","protected":false},"author":2,"featured_media":0,"comment_status":"open","ping_status":"open","sticky":false,"template":"","format":"standard","meta":{"footnotes":""},"categories":[185],"tags":[172],"class_list":["post-38542","post","type-post","status-publish","format-standard","hentry","category-regional","tag-featured"],"amp_enabled":true,"_links":{"self":[{"href":"https:\/\/radiostudiow.com.br\/site\/wp-json\/wp\/v2\/posts\/38542","targetHints":{"allow":["GET"]}}],"collection":[{"href":"https:\/\/radiostudiow.com.br\/site\/wp-json\/wp\/v2\/posts"}],"about":[{"href":"https:\/\/radiostudiow.com.br\/site\/wp-json\/wp\/v2\/types\/post"}],"author":[{"embeddable":true,"href":"https:\/\/radiostudiow.com.br\/site\/wp-json\/wp\/v2\/users\/2"}],"replies":[{"embeddable":true,"href":"https:\/\/radiostudiow.com.br\/site\/wp-json\/wp\/v2\/comments?post=38542"}],"version-history":[{"count":2,"href":"https:\/\/radiostudiow.com.br\/site\/wp-json\/wp\/v2\/posts\/38542\/revisions"}],"predecessor-version":[{"id":38550,"href":"https:\/\/radiostudiow.com.br\/site\/wp-json\/wp\/v2\/posts\/38542\/revisions\/38550"}],"wp:attachment":[{"href":"https:\/\/radiostudiow.com.br\/site\/wp-json\/wp\/v2\/media?parent=38542"}],"wp:term":[{"taxonomy":"category","embeddable":true,"href":"https:\/\/radiostudiow.com.br\/site\/wp-json\/wp\/v2\/categories?post=38542"},{"taxonomy":"post_tag","embeddable":true,"href":"https:\/\/radiostudiow.com.br\/site\/wp-json\/wp\/v2\/tags?post=38542"}],"curies":[{"name":"wp","href":"https:\/\/api.w.org\/{rel}","templated":true}]}}