{"id":38549,"date":"2025-05-22T19:01:36","date_gmt":"2025-05-22T22:01:36","guid":{"rendered":"https:\/\/radiostudiow.com.br\/site\/?p=38549"},"modified":"2025-05-22T19:01:37","modified_gmt":"2025-05-22T22:01:37","slug":"grave-acidente-na-br-277-em-palmeira-envolve-tres-caminhoes-e-um-automovel","status":"publish","type":"post","link":"https:\/\/radiostudiow.com.br\/site\/2025\/05\/22\/grave-acidente-na-br-277-em-palmeira-envolve-tres-caminhoes-e-um-automovel\/","title":{"rendered":"Grave acidente na BR-277 em Palmeira envolve tr\u00eas caminh\u00f5es e um autom\u00f3vel"},"content":{"rendered":"\n<figure class=\"wp-block-image size-full\"><img loading=\"lazy\" decoding=\"async\" width=\"598\" height=\"204\" src=\"https:\/\/radiostudiow.com.br\/site\/wp-content\/uploads\/2025\/01\/SITE-MEDIO7.png\" alt=\"\" class=\"wp-image-32801\" srcset=\"https:\/\/radiostudiow.com.br\/site\/wp-content\/uploads\/2025\/01\/SITE-MEDIO7.png 598w, https:\/\/radiostudiow.com.br\/site\/wp-content\/uploads\/2025\/01\/SITE-MEDIO7-300x102.png 300w\" sizes=\"auto, (max-width: 598px) 100vw, 598px\" \/><\/figure>\n\n\n\n<p>Um grave acidente foi registrado na BR-277, no Km 167 entre Palmeira e Porto Amazonas por volta das 14h13min desta quinta-feira (22).<\/p>\n\n\n\n<p>De acordo com informa\u00e7\u00f5es preliminares do Corpo de Bombeiros, a colis\u00e3o envolveu tr\u00eas caminh\u00f5es e um autom\u00f3vel.<\/p>\n\n\n\n<p>O condutor de um dos caminh\u00f5es ficou preso \u00e0s ferragens e sofreu ferimentos graves. Outra v\u00edtima teve ferimentos leves e duas pessoas sa\u00edram ilesas da ocorr\u00eancia.<\/p>\n\n\n\n<p>A pista est\u00e1 totalmente interditada para atendimento da situa\u00e7\u00e3o, em breve atualiza\u00e7\u00e3o.<\/p>\n\n\n\n<figure class=\"wp-block-image size-large\"><img loading=\"lazy\" decoding=\"async\" width=\"1024\" height=\"143\" src=\"https:\/\/radiostudiow.com.br\/site\/wp-content\/uploads\/2025\/05\/BOMBEIROS-1024x143.png\" alt=\"\" class=\"wp-image-38231\" srcset=\"https:\/\/radiostudiow.com.br\/site\/wp-content\/uploads\/2025\/05\/BOMBEIROS-1024x143.png 1024w, https:\/\/radiostudiow.com.br\/site\/wp-content\/uploads\/2025\/05\/BOMBEIROS-300x42.png 300w, https:\/\/radiostudiow.com.br\/site\/wp-content\/uploads\/2025\/05\/BOMBEIROS-768x108.png 768w, https:\/\/radiostudiow.com.br\/site\/wp-content\/uploads\/2025\/05\/BOMBEIROS-1536x215.png 1536w, https:\/\/radiostudiow.com.br\/site\/wp-content\/uploads\/2025\/05\/BOMBEIROS.png 1920w\" sizes=\"auto, (max-width: 1024px) 100vw, 1024px\" \/><\/figure>\n\n\n\n<figure class=\"wp-block-gallery has-nested-images columns-default is-cropped wp-block-gallery-1 is-layout-flex wp-block-gallery-is-layout-flex\">\n<figure class=\"wp-block-image size-large\"><img loading=\"lazy\" decoding=\"async\" width=\"900\" height=\"525\" data-id=\"38552\" src=\"https:\/\/radiostudiow.com.br\/site\/wp-content\/uploads\/2025\/05\/499524115_1331143569013514_7452046866090185806_n.jpg\" alt=\"\" class=\"wp-image-38552\" srcset=\"https:\/\/radiostudiow.com.br\/site\/wp-content\/uploads\/2025\/05\/499524115_1331143569013514_7452046866090185806_n.jpg 900w, https:\/\/radiostudiow.com.br\/site\/wp-content\/uploads\/2025\/05\/499524115_1331143569013514_7452046866090185806_n-300x175.jpg 300w, https:\/\/radiostudiow.com.br\/site\/wp-content\/uploads\/2025\/05\/499524115_1331143569013514_7452046866090185806_n-768x448.jpg 768w\" sizes=\"auto, (max-width: 900px) 100vw, 900px\" \/><\/figure>\n\n\n\n<figure class=\"wp-block-image size-large\"><img loading=\"lazy\" decoding=\"async\" width=\"900\" height=\"525\" data-id=\"38554\" src=\"https:\/\/radiostudiow.com.br\/site\/wp-content\/uploads\/2025\/05\/500763228_1331143559013515_7514710598101717906_n.jpg\" alt=\"\" class=\"wp-image-38554\" srcset=\"https:\/\/radiostudiow.com.br\/site\/wp-content\/uploads\/2025\/05\/500763228_1331143559013515_7514710598101717906_n.jpg 900w, https:\/\/radiostudiow.com.br\/site\/wp-content\/uploads\/2025\/05\/500763228_1331143559013515_7514710598101717906_n-300x175.jpg 300w, https:\/\/radiostudiow.com.br\/site\/wp-content\/uploads\/2025\/05\/500763228_1331143559013515_7514710598101717906_n-768x448.jpg 768w\" sizes=\"auto, (max-width: 900px) 100vw, 900px\" \/><\/figure>\n\n\n\n<figure class=\"wp-block-image size-large\"><img loading=\"lazy\" decoding=\"async\" width=\"900\" height=\"525\" data-id=\"38553\" src=\"https:\/\/radiostudiow.com.br\/site\/wp-content\/uploads\/2025\/05\/499660365_1331143572346847_1920437732181807625_n.jpg\" alt=\"\" class=\"wp-image-38553\" srcset=\"https:\/\/radiostudiow.com.br\/site\/wp-content\/uploads\/2025\/05\/499660365_1331143572346847_1920437732181807625_n.jpg 900w, https:\/\/radiostudiow.com.br\/site\/wp-content\/uploads\/2025\/05\/499660365_1331143572346847_1920437732181807625_n-300x175.jpg 300w, https:\/\/radiostudiow.com.br\/site\/wp-content\/uploads\/2025\/05\/499660365_1331143572346847_1920437732181807625_n-768x448.jpg 768w\" sizes=\"auto, (max-width: 900px) 100vw, 900px\" \/><\/figure>\n<\/figure>\n","protected":false},"excerpt":{"rendered":"<p>Um grave acidente foi registrado na BR-277, no Km 167 entre Palmeira e Porto Amazonas por volta das 14h13min desta quinta-feira (22). De acordo com informa\u00e7\u00f5es preliminares do Corpo de Bombeiros, a colis\u00e3o envolveu tr\u00eas caminh\u00f5es e um autom\u00f3vel. O condutor de um dos caminh\u00f5es ficou preso \u00e0s ferragens e sofreu ferimentos graves. Outra v\u00edtima [&hellip;]<\/p>\n","protected":false},"author":2,"featured_media":38555,"comment_status":"open","ping_status":"open","sticky":false,"template":"","format":"standard","meta":{"footnotes":""},"categories":[185],"tags":[172],"class_list":["post-38549","post","type-post","status-publish","format-standard","has-post-thumbnail","hentry","category-regional","tag-featured"],"amp_enabled":true,"_links":{"self":[{"href":"https:\/\/radiostudiow.com.br\/site\/wp-json\/wp\/v2\/posts\/38549","targetHints":{"allow":["GET"]}}],"collection":[{"href":"https:\/\/radiostudiow.com.br\/site\/wp-json\/wp\/v2\/posts"}],"about":[{"href":"https:\/\/radiostudiow.com.br\/site\/wp-json\/wp\/v2\/types\/post"}],"author":[{"embeddable":true,"href":"https:\/\/radiostudiow.com.br\/site\/wp-json\/wp\/v2\/users\/2"}],"replies":[{"embeddable":true,"href":"https:\/\/radiostudiow.com.br\/site\/wp-json\/wp\/v2\/comments?post=38549"}],"version-history":[{"count":2,"href":"https:\/\/radiostudiow.com.br\/site\/wp-json\/wp\/v2\/posts\/38549\/revisions"}],"predecessor-version":[{"id":38558,"href":"https:\/\/radiostudiow.com.br\/site\/wp-json\/wp\/v2\/posts\/38549\/revisions\/38558"}],"wp:featuredmedia":[{"embeddable":true,"href":"https:\/\/radiostudiow.com.br\/site\/wp-json\/wp\/v2\/media\/38555"}],"wp:attachment":[{"href":"https:\/\/radiostudiow.com.br\/site\/wp-json\/wp\/v2\/media?parent=38549"}],"wp:term":[{"taxonomy":"category","embeddable":true,"href":"https:\/\/radiostudiow.com.br\/site\/wp-json\/wp\/v2\/categories?post=38549"},{"taxonomy":"post_tag","embeddable":true,"href":"https:\/\/radiostudiow.com.br\/site\/wp-json\/wp\/v2\/tags?post=38549"}],"curies":[{"name":"wp","href":"https:\/\/api.w.org\/{rel}","templated":true}]}}