{"id":38551,"date":"2025-05-22T19:01:41","date_gmt":"2025-05-22T22:01:41","guid":{"rendered":"https:\/\/radiostudiow.com.br\/site\/?p=38551"},"modified":"2025-05-22T19:01:42","modified_gmt":"2025-05-22T22:01:42","slug":"policia-apreende-motocicleta-com-42-celulares-contrabandeados-na-pr-364-em-inacio-martins","status":"publish","type":"post","link":"https:\/\/radiostudiow.com.br\/site\/2025\/05\/22\/policia-apreende-motocicleta-com-42-celulares-contrabandeados-na-pr-364-em-inacio-martins\/","title":{"rendered":"Pol\u00edcia apreende motocicleta com 42 celulares contrabandeados na PR-364, em In\u00e1cio Martins"},"content":{"rendered":"\n<p><\/p>\n\n\n\n<figure class=\"wp-block-image size-full\"><img loading=\"lazy\" decoding=\"async\" width=\"598\" height=\"204\" src=\"https:\/\/radiostudiow.com.br\/site\/wp-content\/uploads\/2025\/05\/BEAZY.jpg.png\" alt=\"\" class=\"wp-image-38197\" srcset=\"https:\/\/radiostudiow.com.br\/site\/wp-content\/uploads\/2025\/05\/BEAZY.jpg.png 598w, https:\/\/radiostudiow.com.br\/site\/wp-content\/uploads\/2025\/05\/BEAZY.jpg-300x102.png 300w\" sizes=\"auto, (max-width: 598px) 100vw, 598px\" \/><\/figure>\n\n\n\n<p><\/p>\n\n\n\n<p>Na manh\u00e3 desta quinta-feira (22), uma a\u00e7\u00e3o conjunta entre a Pol\u00edcia Militar e a Pol\u00edcia Rodovi\u00e1ria Federal (PRF) resultou na apreens\u00e3o de <strong>42 aparelhos celulares de origem estrangeira<\/strong>, transportados em uma motocicleta na <strong>rodovia PR-364<\/strong>, em In\u00e1cio Martins, regi\u00e3o Centro-Sul do Paran\u00e1.<\/p>\n\n\n\n<h2 class=\"wp-block-heading\">Segundo informa\u00e7\u00f5es da <strong>R\u00e1dio Patrulha Auto (RPA)<\/strong>, a equipe intensificou o policiamento nas imedia\u00e7\u00f5es da rodovia ap\u00f3s receber informa\u00e7\u00f5es de que uma motocicleta havia <strong>fugido de uma abordagem da PRF<\/strong> momentos antes. Durante as dilig\u00eancias, os policiais conseguiram localizar e abordar o condutor do ve\u00edculo.<\/h2>\n\n\n\n<p><\/p>\n\n\n\n<figure class=\"wp-block-image size-full\"><img loading=\"lazy\" decoding=\"async\" width=\"897\" height=\"204\" src=\"https:\/\/radiostudiow.com.br\/site\/wp-content\/uploads\/2025\/05\/NUTRI-MALLET.png\" alt=\"\" class=\"wp-image-37813\" srcset=\"https:\/\/radiostudiow.com.br\/site\/wp-content\/uploads\/2025\/05\/NUTRI-MALLET.png 897w, https:\/\/radiostudiow.com.br\/site\/wp-content\/uploads\/2025\/05\/NUTRI-MALLET-300x68.png 300w, https:\/\/radiostudiow.com.br\/site\/wp-content\/uploads\/2025\/05\/NUTRI-MALLET-768x175.png 768w\" sizes=\"auto, (max-width: 897px) 100vw, 897px\" \/><\/figure>\n\n\n\n<p><\/p>\n\n\n\n<h2 class=\"wp-block-heading\">Durante a revista, foi constatado que o motociclista <strong>transportava os aparelhos em uma caixa acoplada \u00e0 motocicleta<\/strong>. Os produtos s\u00e3o de <strong>proced\u00eancia estrangeira e sem comprova\u00e7\u00e3o legal de importa\u00e7\u00e3o<\/strong>, o que caracteriza o crime de <strong>descaminho<\/strong>.<\/h2>\n\n\n\n<p><\/p>\n\n\n\n<p>Diante dos fatos, a <strong>Receita Federal foi acionada<\/strong> para dar continuidade aos procedimentos legais e realizar a apreens\u00e3o da mercadoria. O condutor da motocicleta e o material apreendido foram encaminhados para as provid\u00eancias cab\u00edveis.<\/p>\n\n\n\n<figure class=\"wp-block-image size-full\"><img loading=\"lazy\" decoding=\"async\" width=\"897\" height=\"204\" src=\"https:\/\/radiostudiow.com.br\/site\/wp-content\/uploads\/2025\/03\/image-62.png\" alt=\"\" class=\"wp-image-35859\" srcset=\"https:\/\/radiostudiow.com.br\/site\/wp-content\/uploads\/2025\/03\/image-62.png 897w, https:\/\/radiostudiow.com.br\/site\/wp-content\/uploads\/2025\/03\/image-62-300x68.png 300w, https:\/\/radiostudiow.com.br\/site\/wp-content\/uploads\/2025\/03\/image-62-768x175.png 768w\" sizes=\"auto, (max-width: 897px) 100vw, 897px\" \/><\/figure>\n\n\n\n<p><\/p>\n\n\n\n<p>A ocorr\u00eancia refor\u00e7a o trabalho integrado das for\u00e7as de seguran\u00e7a no combate ao contrabando e ao com\u00e9rcio ilegal de mercadorias na regi\u00e3o.<\/p>\n\n\n\n<h2 class=\"wp-block-heading\">INFORMA\u00c7\u00d5ES: Rep\u00f3rter Kiko de Oliveira<\/h2>\n\n\n\n<p><\/p>\n","protected":false},"excerpt":{"rendered":"<p>Na manh\u00e3 desta quinta-feira (22), uma a\u00e7\u00e3o conjunta entre a Pol\u00edcia Militar e a Pol\u00edcia Rodovi\u00e1ria Federal (PRF) resultou na apreens\u00e3o de 42 aparelhos celulares de origem estrangeira, transportados em uma motocicleta na rodovia PR-364, em In\u00e1cio Martins, regi\u00e3o Centro-Sul do Paran\u00e1. Segundo informa\u00e7\u00f5es da R\u00e1dio Patrulha Auto (RPA), a equipe intensificou o policiamento nas [&hellip;]<\/p>\n","protected":false},"author":2,"featured_media":38557,"comment_status":"open","ping_status":"open","sticky":false,"template":"","format":"standard","meta":{"footnotes":""},"categories":[185],"tags":[172],"class_list":["post-38551","post","type-post","status-publish","format-standard","has-post-thumbnail","hentry","category-regional","tag-featured"],"amp_enabled":true,"_links":{"self":[{"href":"https:\/\/radiostudiow.com.br\/site\/wp-json\/wp\/v2\/posts\/38551","targetHints":{"allow":["GET"]}}],"collection":[{"href":"https:\/\/radiostudiow.com.br\/site\/wp-json\/wp\/v2\/posts"}],"about":[{"href":"https:\/\/radiostudiow.com.br\/site\/wp-json\/wp\/v2\/types\/post"}],"author":[{"embeddable":true,"href":"https:\/\/radiostudiow.com.br\/site\/wp-json\/wp\/v2\/users\/2"}],"replies":[{"embeddable":true,"href":"https:\/\/radiostudiow.com.br\/site\/wp-json\/wp\/v2\/comments?post=38551"}],"version-history":[{"count":1,"href":"https:\/\/radiostudiow.com.br\/site\/wp-json\/wp\/v2\/posts\/38551\/revisions"}],"predecessor-version":[{"id":38559,"href":"https:\/\/radiostudiow.com.br\/site\/wp-json\/wp\/v2\/posts\/38551\/revisions\/38559"}],"wp:featuredmedia":[{"embeddable":true,"href":"https:\/\/radiostudiow.com.br\/site\/wp-json\/wp\/v2\/media\/38557"}],"wp:attachment":[{"href":"https:\/\/radiostudiow.com.br\/site\/wp-json\/wp\/v2\/media?parent=38551"}],"wp:term":[{"taxonomy":"category","embeddable":true,"href":"https:\/\/radiostudiow.com.br\/site\/wp-json\/wp\/v2\/categories?post=38551"},{"taxonomy":"post_tag","embeddable":true,"href":"https:\/\/radiostudiow.com.br\/site\/wp-json\/wp\/v2\/tags?post=38551"}],"curies":[{"name":"wp","href":"https:\/\/api.w.org\/{rel}","templated":true}]}}