{"id":38564,"date":"2025-05-22T19:29:04","date_gmt":"2025-05-22T22:29:04","guid":{"rendered":"https:\/\/radiostudiow.com.br\/site\/?p=38564"},"modified":"2025-05-22T19:29:05","modified_gmt":"2025-05-22T22:29:05","slug":"policia-militar-atende-ocorrencia-de-desentendimento-familiar-no-bairro-eldorado-em-mallet","status":"publish","type":"post","link":"https:\/\/radiostudiow.com.br\/site\/2025\/05\/22\/policia-militar-atende-ocorrencia-de-desentendimento-familiar-no-bairro-eldorado-em-mallet\/","title":{"rendered":"Pol\u00edcia Militar atende ocorr\u00eancia de desentendimento familiar no bairro Eldorado, em Mallet"},"content":{"rendered":"\n<p><\/p>\n\n\n\n<figure class=\"wp-block-image size-full\"><img loading=\"lazy\" decoding=\"async\" width=\"897\" height=\"204\" src=\"https:\/\/radiostudiow.com.br\/site\/wp-content\/uploads\/2025\/02\/SITE-GRANDE7.png\" alt=\"\" class=\"wp-image-33861\" srcset=\"https:\/\/radiostudiow.com.br\/site\/wp-content\/uploads\/2025\/02\/SITE-GRANDE7.png 897w, https:\/\/radiostudiow.com.br\/site\/wp-content\/uploads\/2025\/02\/SITE-GRANDE7-300x68.png 300w, https:\/\/radiostudiow.com.br\/site\/wp-content\/uploads\/2025\/02\/SITE-GRANDE7-768x175.png 768w\" sizes=\"auto, (max-width: 897px) 100vw, 897px\" \/><\/figure>\n\n\n\n<p><\/p>\n\n\n\n<h2 class=\"wp-block-heading\">A Pol\u00edcia Militar de Mallet atendeu, no in\u00edcio da madrugada desta quinta-feira (22), por volta da 1h10, uma ocorr\u00eancia de <strong>desentendimento familiar com danos materiais<\/strong>, registrada no <strong>bairro Eldorado<\/strong>.<\/h2>\n\n\n\n<p><\/p>\n\n\n\n<p>A equipe do 3\u00ba Pelot\u00e3o foi acionada via Central de Opera\u00e7\u00f5es (SADE) para verificar uma poss\u00edvel situa\u00e7\u00e3o de <strong>viol\u00eancia dom\u00e9stica<\/strong>.<\/p>\n\n\n\n<h2 class=\"wp-block-heading\">No local, a solicitante informou que seu marido chegou em casa visivelmente embriagado, gritando desde a rua com frases ofensivas como: \u201cningu\u00e9m gosta de mim, ningu\u00e9m presta, bando de filhos da p&#8230;\u201d. Em seguida, teria iniciado uma <strong>discuss\u00e3o intensa com a companheira<\/strong>, durante a qual <strong>quebrou a porta e a janela da resid\u00eancia<\/strong> e ainda <strong>arremessou pratos e talheres pela janela<\/strong>.<\/h2>\n\n\n\n<p><\/p>\n\n\n\n<figure class=\"wp-block-image size-full\"><img loading=\"lazy\" decoding=\"async\" width=\"897\" height=\"204\" src=\"https:\/\/radiostudiow.com.br\/site\/wp-content\/uploads\/2025\/03\/BARAO-NOVO-NOTICIAS-1.jpg\" alt=\"\" class=\"wp-image-35084\" srcset=\"https:\/\/radiostudiow.com.br\/site\/wp-content\/uploads\/2025\/03\/BARAO-NOVO-NOTICIAS-1.jpg 897w, https:\/\/radiostudiow.com.br\/site\/wp-content\/uploads\/2025\/03\/BARAO-NOVO-NOTICIAS-1-300x68.jpg 300w, https:\/\/radiostudiow.com.br\/site\/wp-content\/uploads\/2025\/03\/BARAO-NOVO-NOTICIAS-1-768x175.jpg 768w\" sizes=\"auto, (max-width: 897px) 100vw, 897px\" \/><\/figure>\n\n\n\n<p><\/p>\n\n\n\n<h2 class=\"wp-block-heading\">Ao ser questionada pela equipe policial sobre poss\u00edveis agress\u00f5es f\u00edsicas ou amea\u00e7as, a mulher <strong>negou ter sido agredida<\/strong>, afirmando que houve apenas discuss\u00e3o verbal e danos ao im\u00f3vel. <strong>N\u00e3o foram constatadas les\u00f5es aparentes<\/strong> na v\u00edtima.<\/h2>\n\n\n\n<p><\/p>\n\n\n\n<p>Diante da situa\u00e7\u00e3o, a mulher foi orientada sobre seus direitos legais, incluindo a possibilidade de <strong>representa\u00e7\u00e3o criminal pelos danos materiais<\/strong> e <strong>pedido de medida protetiva com base na Lei Maria da Penha<\/strong>, mas optou por <strong>n\u00e3o representar naquele momento<\/strong>.<\/p>\n\n\n\n<figure class=\"wp-block-image size-full\"><img loading=\"lazy\" decoding=\"async\" width=\"897\" height=\"204\" src=\"https:\/\/radiostudiow.com.br\/site\/wp-content\/uploads\/2025\/03\/SITE-GRANDE5.png\" alt=\"\" class=\"wp-image-35420\" srcset=\"https:\/\/radiostudiow.com.br\/site\/wp-content\/uploads\/2025\/03\/SITE-GRANDE5.png 897w, https:\/\/radiostudiow.com.br\/site\/wp-content\/uploads\/2025\/03\/SITE-GRANDE5-300x68.png 300w, https:\/\/radiostudiow.com.br\/site\/wp-content\/uploads\/2025\/03\/SITE-GRANDE5-768x175.png 768w\" sizes=\"auto, (max-width: 897px) 100vw, 897px\" \/><\/figure>\n\n\n\n<p><\/p>\n\n\n\n<p>O homem, por sua vez, <strong>se comprometeu a n\u00e3o retornar \u00e0 resid\u00eancia<\/strong>, recolheu alguns de seus pertences e informou que passaria a noite na casa do pai, localizada no interior do munic\u00edpio.<\/p>\n\n\n\n<p>A ocorr\u00eancia foi registrada e documentada em <strong>boletim policial<\/strong> para eventuais medidas futuras.<\/p>\n\n\n\n<p><\/p>\n\n\n\n<figure class=\"wp-block-image size-full\"><img loading=\"lazy\" decoding=\"async\" width=\"897\" height=\"204\" src=\"https:\/\/radiostudiow.com.br\/site\/wp-content\/uploads\/2025\/03\/image-62.png\" alt=\"\" class=\"wp-image-35859\" srcset=\"https:\/\/radiostudiow.com.br\/site\/wp-content\/uploads\/2025\/03\/image-62.png 897w, https:\/\/radiostudiow.com.br\/site\/wp-content\/uploads\/2025\/03\/image-62-300x68.png 300w, https:\/\/radiostudiow.com.br\/site\/wp-content\/uploads\/2025\/03\/image-62-768x175.png 768w\" sizes=\"auto, (max-width: 897px) 100vw, 897px\" \/><\/figure>\n\n\n\n<blockquote class=\"wp-block-quote is-layout-flow wp-block-quote-is-layout-flow\">\n<p> FONTE: 27\u00ba BPM <\/p>\n<\/blockquote>\n","protected":false},"excerpt":{"rendered":"<p>A Pol\u00edcia Militar de Mallet atendeu, no in\u00edcio da madrugada desta quinta-feira (22), por volta da 1h10, uma ocorr\u00eancia de desentendimento familiar com danos materiais, registrada no bairro Eldorado. A equipe do 3\u00ba Pelot\u00e3o foi acionada via Central de Opera\u00e7\u00f5es (SADE) para verificar uma poss\u00edvel situa\u00e7\u00e3o de viol\u00eancia dom\u00e9stica. No local, a solicitante informou que [&hellip;]<\/p>\n","protected":false},"author":2,"featured_media":38565,"comment_status":"open","ping_status":"open","sticky":false,"template":"","format":"standard","meta":{"footnotes":""},"categories":[184],"tags":[172],"class_list":["post-38564","post","type-post","status-publish","format-standard","has-post-thumbnail","hentry","category-local","tag-featured"],"amp_enabled":true,"_links":{"self":[{"href":"https:\/\/radiostudiow.com.br\/site\/wp-json\/wp\/v2\/posts\/38564","targetHints":{"allow":["GET"]}}],"collection":[{"href":"https:\/\/radiostudiow.com.br\/site\/wp-json\/wp\/v2\/posts"}],"about":[{"href":"https:\/\/radiostudiow.com.br\/site\/wp-json\/wp\/v2\/types\/post"}],"author":[{"embeddable":true,"href":"https:\/\/radiostudiow.com.br\/site\/wp-json\/wp\/v2\/users\/2"}],"replies":[{"embeddable":true,"href":"https:\/\/radiostudiow.com.br\/site\/wp-json\/wp\/v2\/comments?post=38564"}],"version-history":[{"count":1,"href":"https:\/\/radiostudiow.com.br\/site\/wp-json\/wp\/v2\/posts\/38564\/revisions"}],"predecessor-version":[{"id":38566,"href":"https:\/\/radiostudiow.com.br\/site\/wp-json\/wp\/v2\/posts\/38564\/revisions\/38566"}],"wp:featuredmedia":[{"embeddable":true,"href":"https:\/\/radiostudiow.com.br\/site\/wp-json\/wp\/v2\/media\/38565"}],"wp:attachment":[{"href":"https:\/\/radiostudiow.com.br\/site\/wp-json\/wp\/v2\/media?parent=38564"}],"wp:term":[{"taxonomy":"category","embeddable":true,"href":"https:\/\/radiostudiow.com.br\/site\/wp-json\/wp\/v2\/categories?post=38564"},{"taxonomy":"post_tag","embeddable":true,"href":"https:\/\/radiostudiow.com.br\/site\/wp-json\/wp\/v2\/tags?post=38564"}],"curies":[{"name":"wp","href":"https:\/\/api.w.org\/{rel}","templated":true}]}}