{"id":38568,"date":"2025-05-23T10:19:25","date_gmt":"2025-05-23T13:19:25","guid":{"rendered":"https:\/\/radiostudiow.com.br\/site\/?p=38568"},"modified":"2025-05-23T10:22:12","modified_gmt":"2025-05-23T13:22:12","slug":"operacao-prende-suspeitos-de-tentativa-de-homicidio-em-uniao-da-vitoria","status":"publish","type":"post","link":"https:\/\/radiostudiow.com.br\/site\/2025\/05\/23\/operacao-prende-suspeitos-de-tentativa-de-homicidio-em-uniao-da-vitoria\/","title":{"rendered":"Opera\u00e7\u00e3o prende suspeitos de tentativa de homic\u00eddio em Uni\u00e3o da Vit\u00f3ria"},"content":{"rendered":"\n<figure class=\"wp-block-image size-full\"><img loading=\"lazy\" decoding=\"async\" width=\"897\" height=\"204\" src=\"https:\/\/radiostudiow.com.br\/site\/wp-content\/uploads\/2025\/03\/SITE-GRANDE5.png\" alt=\"\" class=\"wp-image-35420\" srcset=\"https:\/\/radiostudiow.com.br\/site\/wp-content\/uploads\/2025\/03\/SITE-GRANDE5.png 897w, https:\/\/radiostudiow.com.br\/site\/wp-content\/uploads\/2025\/03\/SITE-GRANDE5-300x68.png 300w, https:\/\/radiostudiow.com.br\/site\/wp-content\/uploads\/2025\/03\/SITE-GRANDE5-768x175.png 768w\" sizes=\"auto, (max-width: 897px) 100vw, 897px\" \/><\/figure>\n\n\n\n<p class=\"has-text-align-center\"><em>Informa\u00e7\u00f5es e reda\u00e7\u00e3o Portal V.Vale<\/em><\/p>\n\n\n\n<p>A Pol\u00edcia Civil e a Pol\u00edcia Militar de Uni\u00e3o da Vit\u00f3ria deflagraram na manh\u00e3 desta quinta-feira, 22 de maio,  a opera\u00e7\u00e3o&nbsp;<em>Cidade Segura<\/em>,&nbsp;que resultou na&nbsp;pris\u00e3o de seis pessoas suspeitas de envolvimento direto e indireto na tentativa de homic\u00eddio registrada em Uni\u00e3o da Vit\u00f3ria no \u00faltimo dia 11 de maio.<\/p>\n\n\n\n<p>A a\u00e7\u00e3o integrada envolveu diversas equipes, incluindo ROTAM, Canil e unidades da Pol\u00edcia Civil, e se concentrou principalmente no&nbsp;bairro Rocio,&nbsp;local do crime, com uma pris\u00e3o tamb\u00e9m sendo registrada na zona rural de General Carneiro.<\/p>\n\n\n\n<p>A principal suspeita do do crime, uma mulher identificada como&nbsp;K.E.S., de 30 anos,&nbsp;foi presa&nbsp;em sua resid\u00eancia na rua Padre Saporiti,&nbsp;no bairro Rocio.<\/p>\n\n\n\n<figure class=\"wp-block-image size-full\"><img loading=\"lazy\" decoding=\"async\" width=\"300\" height=\"180\" src=\"https:\/\/radiostudiow.com.br\/site\/wp-content\/uploads\/2025\/05\/Avenida-BIKE.jpg\" alt=\"\" class=\"wp-image-37992\"\/><\/figure>\n\n\n\n<p>Segundo as investiga\u00e7\u00f5es, ela teria aguardado um casal do lado de fora de uma casa noturna antes de atac\u00e1-los \u2014&nbsp;o homem seria seu ex-companheiro, e o crime, segundo a pol\u00edcia, teria sido motivado por&nbsp;ci\u00fames.<\/p>\n\n\n\n<p>No im\u00f3vel, os policiais apreenderam&nbsp;16 gramas de maconha, uma balan\u00e7a de precis\u00e3o, uma faca, uma m\u00e1quina de cart\u00e3o, seda para cigarro e um celular, ind\u00edcios que tamb\u00e9m configuram envolvimento com o tr\u00e1fico de drogas. Uma segunda mulher que estava na casa foi conduzida \u00e0 delegacia.<\/p>\n\n\n\n<figure class=\"wp-block-image\"><img decoding=\"async\" src=\"https:\/\/static5.vvale.com.br\/wp-content\/uploads\/2025\/05\/drogas.png\" alt=\"\" class=\"wp-image-566180\"\/><\/figure>\n\n\n\n<h3 class=\"wp-block-heading\">Outros quatro mandados de pris\u00e3o foram cumpridos no bairro Rocio. Dois homens&nbsp;foram presos em uma casa na rua Ucraniana, onde foram encontrados celulares e uma faca.<\/h3>\n\n\n\n<figure class=\"wp-block-image\"><img decoding=\"async\" src=\"https:\/\/static5.vvale.com.br\/wp-content\/uploads\/2025\/05\/ceeee.png\" alt=\"\" class=\"wp-image-566181\"\/><\/figure>\n\n\n\n<p>J\u00e1&nbsp;um jovem&nbsp;de 18 anos, foi detido por volta das 08h30, tamb\u00e9m na rua Ucraniana, e&nbsp;outro suspeito&nbsp;de 24 anos, foi preso pouco antes, \u00e0s 07h25, na rua Angelo Pasqualin.&nbsp;Todos s\u00e3o suspeitos de participa\u00e7\u00e3o no crime ou de auxiliarem a principal autora.<\/p>\n\n\n\n<p>Em General Carneiro, uma pris\u00e3o foi efetuada na localidade de Santa L\u00eddia, na PR-170.<\/p>\n\n\n\n<figure class=\"wp-block-image size-full\"><img loading=\"lazy\" decoding=\"async\" width=\"598\" height=\"204\" src=\"https:\/\/radiostudiow.com.br\/site\/wp-content\/uploads\/2025\/05\/POLAK.png\" alt=\"\" class=\"wp-image-37847\" srcset=\"https:\/\/radiostudiow.com.br\/site\/wp-content\/uploads\/2025\/05\/POLAK.png 598w, https:\/\/radiostudiow.com.br\/site\/wp-content\/uploads\/2025\/05\/POLAK-300x102.png 300w\" sizes=\"auto, (max-width: 598px) 100vw, 598px\" \/><\/figure>\n\n\n\n<p>O irm\u00e3o da principal suspeita do crime, foi detido sob acusa\u00e7\u00e3o de&nbsp;coa\u00e7\u00e3o no curso do processo, ou seja, por tentar influenciar ou interferir nas investiga\u00e7\u00f5es, mesmo sem envolvimento direto na tentativa de homic\u00eddio.<\/p>\n\n\n\n<p>Em sua casa, foram apreendidos&nbsp;dois celulares e 57,8 gramas de maconha. No momento da pris\u00e3o, ele estava acompanhado da companheira e do filho de colo do casal.<\/p>\n\n\n\n<p>As investiga\u00e7\u00f5es continuam e novas dilig\u00eancias n\u00e3o est\u00e3o descartadas.<\/p>\n\n\n\n<figure class=\"wp-block-image\"><img decoding=\"async\" src=\"https:\/\/static5.vvale.com.br\/wp-content\/uploads\/2025\/05\/fbkghjka-561x600.png\" alt=\"\" class=\"wp-image-566182\"\/><\/figure>\n\n\n\n<p class=\"has-text-align-center\"><em>Informa\u00e7\u00f5es e reda\u00e7\u00e3o Portal V.Vale<\/em><\/p>\n","protected":false},"excerpt":{"rendered":"<p>Informa\u00e7\u00f5es e reda\u00e7\u00e3o Portal V.Vale A Pol\u00edcia Civil e a Pol\u00edcia Militar de Uni\u00e3o da Vit\u00f3ria deflagraram na manh\u00e3 desta quinta-feira, 22 de maio, a opera\u00e7\u00e3o&nbsp;Cidade Segura,&nbsp;que resultou na&nbsp;pris\u00e3o de seis pessoas suspeitas de envolvimento direto e indireto na tentativa de homic\u00eddio registrada em Uni\u00e3o da Vit\u00f3ria no \u00faltimo dia 11 de maio. A a\u00e7\u00e3o [&hellip;]<\/p>\n","protected":false},"author":2,"featured_media":38569,"comment_status":"open","ping_status":"open","sticky":false,"template":"","format":"standard","meta":{"footnotes":""},"categories":[2],"tags":[172],"class_list":["post-38568","post","type-post","status-publish","format-standard","has-post-thumbnail","hentry","category-policial","tag-featured"],"amp_enabled":true,"_links":{"self":[{"href":"https:\/\/radiostudiow.com.br\/site\/wp-json\/wp\/v2\/posts\/38568","targetHints":{"allow":["GET"]}}],"collection":[{"href":"https:\/\/radiostudiow.com.br\/site\/wp-json\/wp\/v2\/posts"}],"about":[{"href":"https:\/\/radiostudiow.com.br\/site\/wp-json\/wp\/v2\/types\/post"}],"author":[{"embeddable":true,"href":"https:\/\/radiostudiow.com.br\/site\/wp-json\/wp\/v2\/users\/2"}],"replies":[{"embeddable":true,"href":"https:\/\/radiostudiow.com.br\/site\/wp-json\/wp\/v2\/comments?post=38568"}],"version-history":[{"count":3,"href":"https:\/\/radiostudiow.com.br\/site\/wp-json\/wp\/v2\/posts\/38568\/revisions"}],"predecessor-version":[{"id":38583,"href":"https:\/\/radiostudiow.com.br\/site\/wp-json\/wp\/v2\/posts\/38568\/revisions\/38583"}],"wp:featuredmedia":[{"embeddable":true,"href":"https:\/\/radiostudiow.com.br\/site\/wp-json\/wp\/v2\/media\/38569"}],"wp:attachment":[{"href":"https:\/\/radiostudiow.com.br\/site\/wp-json\/wp\/v2\/media?parent=38568"}],"wp:term":[{"taxonomy":"category","embeddable":true,"href":"https:\/\/radiostudiow.com.br\/site\/wp-json\/wp\/v2\/categories?post=38568"},{"taxonomy":"post_tag","embeddable":true,"href":"https:\/\/radiostudiow.com.br\/site\/wp-json\/wp\/v2\/tags?post=38568"}],"curies":[{"name":"wp","href":"https:\/\/api.w.org\/{rel}","templated":true}]}}