{"id":38571,"date":"2025-05-23T10:35:39","date_gmt":"2025-05-23T13:35:39","guid":{"rendered":"https:\/\/radiostudiow.com.br\/site\/?p=38571"},"modified":"2025-05-23T10:35:40","modified_gmt":"2025-05-23T13:35:40","slug":"homem-e-preso-apos-roubar-farmacia-em-porto-uniao","status":"publish","type":"post","link":"https:\/\/radiostudiow.com.br\/site\/2025\/05\/23\/homem-e-preso-apos-roubar-farmacia-em-porto-uniao\/","title":{"rendered":"Homem \u00e9 preso ap\u00f3s roubar farm\u00e1cia em Porto Uni\u00e3o"},"content":{"rendered":"\n<figure class=\"wp-block-image size-full\"><img loading=\"lazy\" decoding=\"async\" width=\"598\" height=\"204\" src=\"https:\/\/radiostudiow.com.br\/site\/wp-content\/uploads\/2025\/01\/SITE-MEDIO7.png\" alt=\"\" class=\"wp-image-32801\" srcset=\"https:\/\/radiostudiow.com.br\/site\/wp-content\/uploads\/2025\/01\/SITE-MEDIO7.png 598w, https:\/\/radiostudiow.com.br\/site\/wp-content\/uploads\/2025\/01\/SITE-MEDIO7-300x102.png 300w\" sizes=\"auto, (max-width: 598px) 100vw, 598px\" \/><\/figure>\n\n\n\n<p>A equipe da Pol\u00edcia Militar de Porto Uni\u00e3o prendeu o autor de um roubo ocorrido na manh\u00e3 do mesmo dia em uma farm\u00e1cia na \u00e1rea central da cidade nesta quinta-feira (22).<\/p>\n\n\n\n<p>Os policiais analisaram as imagens das c\u00e2meras de seguran\u00e7a do estabelecimento e conseguiu identificar e localizar o suspeito. Ap\u00f3s ser abordado, ele confessou o crime.<\/p>\n\n\n\n<figure class=\"wp-block-image size-full\"><img loading=\"lazy\" decoding=\"async\" width=\"300\" height=\"180\" src=\"https:\/\/radiostudiow.com.br\/site\/wp-content\/uploads\/2025\/04\/LOU.png\" alt=\"\" class=\"wp-image-37228\"\/><\/figure>\n\n\n\n<p>O autor relatou que simulou estar armado para intimidar os funcion\u00e1rios e roubou o dinheiro do caixa, que foi usado para comprar alimentos e drogas. O homem foi encaminhado \u00e0 Delegacia de Pol\u00edcia Civil, onde foram adotados os procedimentos legais.<\/p>\n\n\n\n<p>A equipe da Pol\u00edcia Militar de Santa Catarina refor\u00e7a seu compromisso com a seguran\u00e7a da popula\u00e7\u00e3o, destacando a import\u00e2ncia das redes de vizinhos, rurais e do com\u00e9rcio no combate \u00e0 criminalidade, al\u00e9m da atua\u00e7\u00e3o constante do policiamento ostensivo.<\/p>\n","protected":false},"excerpt":{"rendered":"<p>A equipe da Pol\u00edcia Militar de Porto Uni\u00e3o prendeu o autor de um roubo ocorrido na manh\u00e3 do mesmo dia em uma farm\u00e1cia na \u00e1rea central da cidade nesta quinta-feira (22). Os policiais analisaram as imagens das c\u00e2meras de seguran\u00e7a do estabelecimento e conseguiu identificar e localizar o suspeito. Ap\u00f3s ser abordado, ele confessou o [&hellip;]<\/p>\n","protected":false},"author":2,"featured_media":37600,"comment_status":"open","ping_status":"open","sticky":false,"template":"","format":"standard","meta":{"footnotes":""},"categories":[2],"tags":[172],"class_list":["post-38571","post","type-post","status-publish","format-standard","has-post-thumbnail","hentry","category-policial","tag-featured"],"amp_enabled":true,"_links":{"self":[{"href":"https:\/\/radiostudiow.com.br\/site\/wp-json\/wp\/v2\/posts\/38571","targetHints":{"allow":["GET"]}}],"collection":[{"href":"https:\/\/radiostudiow.com.br\/site\/wp-json\/wp\/v2\/posts"}],"about":[{"href":"https:\/\/radiostudiow.com.br\/site\/wp-json\/wp\/v2\/types\/post"}],"author":[{"embeddable":true,"href":"https:\/\/radiostudiow.com.br\/site\/wp-json\/wp\/v2\/users\/2"}],"replies":[{"embeddable":true,"href":"https:\/\/radiostudiow.com.br\/site\/wp-json\/wp\/v2\/comments?post=38571"}],"version-history":[{"count":2,"href":"https:\/\/radiostudiow.com.br\/site\/wp-json\/wp\/v2\/posts\/38571\/revisions"}],"predecessor-version":[{"id":38586,"href":"https:\/\/radiostudiow.com.br\/site\/wp-json\/wp\/v2\/posts\/38571\/revisions\/38586"}],"wp:featuredmedia":[{"embeddable":true,"href":"https:\/\/radiostudiow.com.br\/site\/wp-json\/wp\/v2\/media\/37600"}],"wp:attachment":[{"href":"https:\/\/radiostudiow.com.br\/site\/wp-json\/wp\/v2\/media?parent=38571"}],"wp:term":[{"taxonomy":"category","embeddable":true,"href":"https:\/\/radiostudiow.com.br\/site\/wp-json\/wp\/v2\/categories?post=38571"},{"taxonomy":"post_tag","embeddable":true,"href":"https:\/\/radiostudiow.com.br\/site\/wp-json\/wp\/v2\/tags?post=38571"}],"curies":[{"name":"wp","href":"https:\/\/api.w.org\/{rel}","templated":true}]}}