{"id":38573,"date":"2025-05-23T10:53:58","date_gmt":"2025-05-23T13:53:58","guid":{"rendered":"https:\/\/radiostudiow.com.br\/site\/?p=38573"},"modified":"2025-05-23T10:54:31","modified_gmt":"2025-05-23T13:54:31","slug":"caminhao-tomba-e-carga-e-roubada-por-saqueadores-na-serra-do-leao-em-uniao-da-vitoria","status":"publish","type":"post","link":"https:\/\/radiostudiow.com.br\/site\/2025\/05\/23\/caminhao-tomba-e-carga-e-roubada-por-saqueadores-na-serra-do-leao-em-uniao-da-vitoria\/","title":{"rendered":"Caminh\u00e3o tomba e carga \u00e9 roubada por saqueadores na\u00a0Serra do Le\u00e3o, em Uni\u00e3o da Vit\u00f3ria"},"content":{"rendered":"\n<figure class=\"wp-block-image size-full\"><img loading=\"lazy\" decoding=\"async\" width=\"598\" height=\"204\" src=\"https:\/\/radiostudiow.com.br\/site\/wp-content\/uploads\/2025\/01\/SITE-MEDIO.png\" alt=\"\" class=\"wp-image-32810\" srcset=\"https:\/\/radiostudiow.com.br\/site\/wp-content\/uploads\/2025\/01\/SITE-MEDIO.png 598w, https:\/\/radiostudiow.com.br\/site\/wp-content\/uploads\/2025\/01\/SITE-MEDIO-300x102.png 300w\" sizes=\"auto, (max-width: 598px) 100vw, 598px\" \/><\/figure>\n\n\n\n<p class=\"has-text-align-center\"><em>Fonte: Portal V.Vale<\/em><\/p>\n\n\n\n<p>Um caminh\u00e3o tombou na&nbsp;BR-153, no trecho de descida da&nbsp;Serra do Le\u00e3o, em Uni\u00e3o da Vit\u00f3ria por volta das 20 horas desta quinta-feira (22).<\/p>\n\n\n\n<p>O caminh\u00e3o VW 24.250, de cor branca e placas de Contenda (PR), perdeu o controle e tombou fora da pista. Apesar do impacto, o motorista n\u00e3o sofreu ferimentos aparentes e dispensou atendimento hospitalar ap\u00f3s a chegada do Corpo de Bombeiros.<\/p>\n\n\n\n<p>Pouco depois do acidente, a carga transportada acabou sendo saqueada por populares que passavam pelo local.<\/p>\n","protected":false},"excerpt":{"rendered":"<p>Fonte: Portal V.Vale Um caminh\u00e3o tombou na&nbsp;BR-153, no trecho de descida da&nbsp;Serra do Le\u00e3o, em Uni\u00e3o da Vit\u00f3ria por volta das 20 horas desta quinta-feira (22). O caminh\u00e3o VW 24.250, de cor branca e placas de Contenda (PR), perdeu o controle e tombou fora da pista. Apesar do impacto, o motorista n\u00e3o sofreu ferimentos aparentes [&hellip;]<\/p>\n","protected":false},"author":2,"featured_media":30530,"comment_status":"open","ping_status":"open","sticky":false,"template":"","format":"standard","meta":{"footnotes":""},"categories":[185],"tags":[172],"class_list":["post-38573","post","type-post","status-publish","format-standard","has-post-thumbnail","hentry","category-regional","tag-featured"],"amp_enabled":true,"_links":{"self":[{"href":"https:\/\/radiostudiow.com.br\/site\/wp-json\/wp\/v2\/posts\/38573","targetHints":{"allow":["GET"]}}],"collection":[{"href":"https:\/\/radiostudiow.com.br\/site\/wp-json\/wp\/v2\/posts"}],"about":[{"href":"https:\/\/radiostudiow.com.br\/site\/wp-json\/wp\/v2\/types\/post"}],"author":[{"embeddable":true,"href":"https:\/\/radiostudiow.com.br\/site\/wp-json\/wp\/v2\/users\/2"}],"replies":[{"embeddable":true,"href":"https:\/\/radiostudiow.com.br\/site\/wp-json\/wp\/v2\/comments?post=38573"}],"version-history":[{"count":4,"href":"https:\/\/radiostudiow.com.br\/site\/wp-json\/wp\/v2\/posts\/38573\/revisions"}],"predecessor-version":[{"id":38595,"href":"https:\/\/radiostudiow.com.br\/site\/wp-json\/wp\/v2\/posts\/38573\/revisions\/38595"}],"wp:featuredmedia":[{"embeddable":true,"href":"https:\/\/radiostudiow.com.br\/site\/wp-json\/wp\/v2\/media\/30530"}],"wp:attachment":[{"href":"https:\/\/radiostudiow.com.br\/site\/wp-json\/wp\/v2\/media?parent=38573"}],"wp:term":[{"taxonomy":"category","embeddable":true,"href":"https:\/\/radiostudiow.com.br\/site\/wp-json\/wp\/v2\/categories?post=38573"},{"taxonomy":"post_tag","embeddable":true,"href":"https:\/\/radiostudiow.com.br\/site\/wp-json\/wp\/v2\/tags?post=38573"}],"curies":[{"name":"wp","href":"https:\/\/api.w.org\/{rel}","templated":true}]}}