{"id":38575,"date":"2025-05-23T10:04:04","date_gmt":"2025-05-23T13:04:04","guid":{"rendered":"https:\/\/radiostudiow.com.br\/site\/?p=38575"},"modified":"2025-05-23T10:04:04","modified_gmt":"2025-05-23T13:04:04","slug":"homem-morre-apos-ser-atingido-por-uma-arvore-enquanto-trabalhava-no-interior-de-ivai","status":"publish","type":"post","link":"https:\/\/radiostudiow.com.br\/site\/2025\/05\/23\/homem-morre-apos-ser-atingido-por-uma-arvore-enquanto-trabalhava-no-interior-de-ivai\/","title":{"rendered":"Homem morre ap\u00f3s ser atingido por uma \u00e1rvore enquanto trabalhava no interior de Iva\u00ed"},"content":{"rendered":"\n<figure class=\"wp-block-image size-full\"><img loading=\"lazy\" decoding=\"async\" width=\"897\" height=\"204\" src=\"https:\/\/radiostudiow.com.br\/site\/wp-content\/uploads\/2025\/03\/image-62.png\" alt=\"\" class=\"wp-image-35859\" srcset=\"https:\/\/radiostudiow.com.br\/site\/wp-content\/uploads\/2025\/03\/image-62.png 897w, https:\/\/radiostudiow.com.br\/site\/wp-content\/uploads\/2025\/03\/image-62-300x68.png 300w, https:\/\/radiostudiow.com.br\/site\/wp-content\/uploads\/2025\/03\/image-62-768x175.png 768w\" sizes=\"auto, (max-width: 897px) 100vw, 897px\" \/><\/figure>\n\n\n\n<p>O Santiago Maia do Nascimento conhecido como &#8220;Bartolo&#8221; de 38 anos, estava trabalhando no corte de madeira em uma propriedade particular quando foi atingido na cabe\u00e7a por uma \u00e1rvore de eucalipto e acabou caindo de forma inesperada. Ele morreu na hora<\/p>\n\n\n\n<p>Um tr\u00e1gico acidente de trabalho foi registrado na manh\u00e3 dessa quinta-feira, 22 de maio, na localidade de Enxovia Velha pr\u00f3ximo da localidade de Bom Jesus, na \u00e1rea rural de Iva\u00ed<\/p>\n\n\n\n<p>Equipes do SAMU foram acionadas imediatamente, mas ao chegarem ao local constataram o \u00f3bito do trabalhador. A Pol\u00edcia Militar tamb\u00e9m esteve presente, realizando o isolamento da \u00e1rea e acionando os demais \u00f3rg\u00e3os competentes, incluindo a Pol\u00edcia Cient\u00edfica, Pol\u00edcia Civil e o Instituto M\u00e9dico Legal (IML), que fez a remo\u00e7\u00e3o do corpo.<\/p>\n\n\n\n<p>Outro trabalhador que estava com a v\u00edtima no momento do acidente, e que seria seu cunhado, entrou em estado de choque e deixou o local para comunicar os familiares.<\/p>\n\n\n\n<figure class=\"wp-block-image size-full\"><img loading=\"lazy\" decoding=\"async\" width=\"897\" height=\"204\" src=\"https:\/\/radiostudiow.com.br\/site\/wp-content\/uploads\/2025\/05\/NUTRI-MALLET.png\" alt=\"\" class=\"wp-image-37813\" srcset=\"https:\/\/radiostudiow.com.br\/site\/wp-content\/uploads\/2025\/05\/NUTRI-MALLET.png 897w, https:\/\/radiostudiow.com.br\/site\/wp-content\/uploads\/2025\/05\/NUTRI-MALLET-300x68.png 300w, https:\/\/radiostudiow.com.br\/site\/wp-content\/uploads\/2025\/05\/NUTRI-MALLET-768x175.png 768w\" sizes=\"auto, (max-width: 897px) 100vw, 897px\" \/><\/figure>\n\n\n\n<p>A Pol\u00edcia Civil foi at\u00e9 sua resid\u00eancia para colher mais informa\u00e7\u00f5es sobre o ocorrido. As causas do acidente ser\u00e3o investigadas pelas autoridades competentes.<\/p>\n\n\n\n<p>Santiago era morador do Palmital Cunha. Deixa sua esposa , e seus filhos: Deixa tamb\u00e9m sua m\u00e3e, seus irm\u00e3os e demais familiares.<\/p>\n\n\n\n<p>\u00c9 com pesar que a Funer\u00e1ria Bom Jesus e o Plano Bom Jesus comunicou o falecimento do Jovem Senhor Santiago Maia do Nascimento.<\/p>\n\n\n\n<p>A fam\u00edlia enlutada desde j\u00e1 agradece as homenagens de carinho e conforto recebidas neste momento.<\/p>\n\n\n\n<p>Informa\u00e7\u00f5es 8\u00b0CIPM\/Funer\u00e1ria Bom Jesus &#8211; Imagem Divulga\u00e7\u00e3o\/Funer\u00e1ria Bom Jesus &#8211; Colabora\u00e7\u00e3o Rep\u00f3rter Kiko de Oliveira<\/p>\n","protected":false},"excerpt":{"rendered":"<p>O Santiago Maia do Nascimento conhecido como &#8220;Bartolo&#8221; de 38 anos, estava trabalhando no corte de madeira em uma propriedade particular quando foi atingido na cabe\u00e7a por uma \u00e1rvore de eucalipto e acabou caindo de forma inesperada. Ele morreu na hora Um tr\u00e1gico acidente de trabalho foi registrado na manh\u00e3 dessa quinta-feira, 22 de maio, [&hellip;]<\/p>\n","protected":false},"author":2,"featured_media":38579,"comment_status":"open","ping_status":"open","sticky":false,"template":"","format":"standard","meta":{"footnotes":""},"categories":[2],"tags":[172],"class_list":["post-38575","post","type-post","status-publish","format-standard","has-post-thumbnail","hentry","category-policial","tag-featured"],"amp_enabled":true,"_links":{"self":[{"href":"https:\/\/radiostudiow.com.br\/site\/wp-json\/wp\/v2\/posts\/38575","targetHints":{"allow":["GET"]}}],"collection":[{"href":"https:\/\/radiostudiow.com.br\/site\/wp-json\/wp\/v2\/posts"}],"about":[{"href":"https:\/\/radiostudiow.com.br\/site\/wp-json\/wp\/v2\/types\/post"}],"author":[{"embeddable":true,"href":"https:\/\/radiostudiow.com.br\/site\/wp-json\/wp\/v2\/users\/2"}],"replies":[{"embeddable":true,"href":"https:\/\/radiostudiow.com.br\/site\/wp-json\/wp\/v2\/comments?post=38575"}],"version-history":[{"count":2,"href":"https:\/\/radiostudiow.com.br\/site\/wp-json\/wp\/v2\/posts\/38575\/revisions"}],"predecessor-version":[{"id":38580,"href":"https:\/\/radiostudiow.com.br\/site\/wp-json\/wp\/v2\/posts\/38575\/revisions\/38580"}],"wp:featuredmedia":[{"embeddable":true,"href":"https:\/\/radiostudiow.com.br\/site\/wp-json\/wp\/v2\/media\/38579"}],"wp:attachment":[{"href":"https:\/\/radiostudiow.com.br\/site\/wp-json\/wp\/v2\/media?parent=38575"}],"wp:term":[{"taxonomy":"category","embeddable":true,"href":"https:\/\/radiostudiow.com.br\/site\/wp-json\/wp\/v2\/categories?post=38575"},{"taxonomy":"post_tag","embeddable":true,"href":"https:\/\/radiostudiow.com.br\/site\/wp-json\/wp\/v2\/tags?post=38575"}],"curies":[{"name":"wp","href":"https:\/\/api.w.org\/{rel}","templated":true}]}}