{"id":3858,"date":"2021-09-29T17:12:11","date_gmt":"2021-09-29T20:12:11","guid":{"rendered":"https:\/\/radiostudiow.com.br\/site\/?p=3858"},"modified":"2025-01-31T15:12:26","modified_gmt":"2025-01-31T18:12:26","slug":"professora-de-imbituva-morre-em-acidente","status":"publish","type":"post","link":"https:\/\/radiostudiow.com.br\/site\/2021\/09\/29\/professora-de-imbituva-morre-em-acidente\/","title":{"rendered":"Professora de Imbituva morre em acidente"},"content":{"rendered":"\n<p>A professora Ana Cleide Ferreira Bobato, de 29 anos, foi v\u00edtima de um grave acidente ocorrido na segunda-feira (27), na PR-522, na localidade de Palmar, em Imbituva. Ela conduzia um ve\u00edculo que capotou e saiu da pista.<\/p>\n\n\n\n<p>Segundo a Pol\u00edcia Rodovi\u00e1ria Estadual (PRE), a professora morreu no local. O corpo foi encaminhado ao IML de Ponta Grossa. Equipes do Corpo de Bombeiros e Criminal\u00edstica tamb\u00e9m prestaram atendimento.<\/p>\n\n\n\n<p>Ana residia em Valinhos e lecionava em Palmital dos Cunhas Iva\u00ed.<\/p>\n\n\n\n<figure class=\"wp-block-image size-full\"><img decoding=\"async\" src=\"https:\/\/radiostudiow.com.br\/site\/wp-content\/uploads\/2021\/08\/240387432_2992083691066122_4820772207429196742_n.jpg\" alt=\"\" class=\"wp-image-3380\"\/><\/figure>\n","protected":false},"excerpt":{"rendered":"<p>A professora Ana Cleide Ferreira Bobato, de 29 anos, foi v\u00edtima de um grave acidente ocorrido na segunda-feira (27), na PR-522, na localidade de Palmar, em Imbituva. Ela conduzia um ve\u00edculo que capotou e saiu da pista. Segundo a Pol\u00edcia Rodovi\u00e1ria Estadual (PRE), a professora morreu no local. O corpo foi encaminhado ao IML de [&hellip;]<\/p>\n","protected":false},"author":2,"featured_media":0,"comment_status":"open","ping_status":"open","sticky":false,"template":"","format":"standard","meta":{"footnotes":""},"categories":[2],"tags":[172],"class_list":["post-3858","post","type-post","status-publish","format-standard","hentry","category-policial","tag-featured"],"amp_enabled":true,"_links":{"self":[{"href":"https:\/\/radiostudiow.com.br\/site\/wp-json\/wp\/v2\/posts\/3858","targetHints":{"allow":["GET"]}}],"collection":[{"href":"https:\/\/radiostudiow.com.br\/site\/wp-json\/wp\/v2\/posts"}],"about":[{"href":"https:\/\/radiostudiow.com.br\/site\/wp-json\/wp\/v2\/types\/post"}],"author":[{"embeddable":true,"href":"https:\/\/radiostudiow.com.br\/site\/wp-json\/wp\/v2\/users\/2"}],"replies":[{"embeddable":true,"href":"https:\/\/radiostudiow.com.br\/site\/wp-json\/wp\/v2\/comments?post=3858"}],"version-history":[{"count":1,"href":"https:\/\/radiostudiow.com.br\/site\/wp-json\/wp\/v2\/posts\/3858\/revisions"}],"predecessor-version":[{"id":3860,"href":"https:\/\/radiostudiow.com.br\/site\/wp-json\/wp\/v2\/posts\/3858\/revisions\/3860"}],"wp:attachment":[{"href":"https:\/\/radiostudiow.com.br\/site\/wp-json\/wp\/v2\/media?parent=3858"}],"wp:term":[{"taxonomy":"category","embeddable":true,"href":"https:\/\/radiostudiow.com.br\/site\/wp-json\/wp\/v2\/categories?post=3858"},{"taxonomy":"post_tag","embeddable":true,"href":"https:\/\/radiostudiow.com.br\/site\/wp-json\/wp\/v2\/tags?post=3858"}],"curies":[{"name":"wp","href":"https:\/\/api.w.org\/{rel}","templated":true}]}}