{"id":38589,"date":"2025-05-23T10:44:30","date_gmt":"2025-05-23T13:44:30","guid":{"rendered":"https:\/\/radiostudiow.com.br\/site\/?p=38589"},"modified":"2025-05-23T10:44:31","modified_gmt":"2025-05-23T13:44:31","slug":"encerra-nesta-sexta-feira-23-o-prazo-para-pagamento-do-ipva-para-placas-de-final-7-e-8","status":"publish","type":"post","link":"https:\/\/radiostudiow.com.br\/site\/2025\/05\/23\/encerra-nesta-sexta-feira-23-o-prazo-para-pagamento-do-ipva-para-placas-de-final-7-e-8\/","title":{"rendered":"Encerra nesta sexta-feira (23) o prazo para pagamento do IPVA para placas de final 7 e 8"},"content":{"rendered":"\n<p>Os propriet\u00e1rios de ve\u00edculos com placas terminadas em 7 e 8 devem ficar atentos: o prazo para o pagamento da quinta e \u00faltima parcela do Imposto sobre a Propriedade de Ve\u00edculos Automotores (IPVA) de 2025 termina nesta sexta-feira (23). Quem optou pelo parcelamento em cinco vezes deve quitar a \u00faltima cota do tributo ao longo desta semana para evitar acr\u00e9scimos.<\/p>\n\n\n\n<p>O calend\u00e1rio de vencimento varia conforme o n\u00famero final da placa, e atrasos no pagamento geram encargos. A multa \u00e9 de 0,33% ao dia, acrescida de juros de mora calculados com base na taxa Selic. Ap\u00f3s 30 dias de inadimpl\u00eancia, a penalidade passa a ser de 10% sobre o valor do imposto.<\/p>\n\n\n\n<figure class=\"wp-block-image size-full\"><img loading=\"lazy\" decoding=\"async\" width=\"897\" height=\"204\" src=\"https:\/\/radiostudiow.com.br\/site\/wp-content\/uploads\/2025\/01\/SITE-GRANDE3.png\" alt=\"\" class=\"wp-image-32900\" srcset=\"https:\/\/radiostudiow.com.br\/site\/wp-content\/uploads\/2025\/01\/SITE-GRANDE3.png 897w, https:\/\/radiostudiow.com.br\/site\/wp-content\/uploads\/2025\/01\/SITE-GRANDE3-300x68.png 300w, https:\/\/radiostudiow.com.br\/site\/wp-content\/uploads\/2025\/01\/SITE-GRANDE3-768x175.png 768w\" sizes=\"auto, (max-width: 897px) 100vw, 897px\" \/><\/figure>\n\n\n\n<p><strong>OP\u00c7\u00d5ES DE PAGAMENTO&nbsp;<\/strong>\u2013<strong>&nbsp;<\/strong>Assim como j\u00e1 ocorria em anos anteriores, as guias de recolhimento (GR-PR) n\u00e3o s\u00e3o enviadas pelos correios. A Secretaria de Estado da Fazenda e a Receita Estadual tamb\u00e9m n\u00e3o encaminham boletos por e-mail nem aplicativos de mensagens. Os contribuintes do Paran\u00e1 devem ger\u00e1-las para pagamento por meio dos canais oficiais, como o&nbsp;Portal IPVA, os aplicativos Servi\u00e7os R\u00e1pidos, da Receita Estadual, e Detran Inteligente, dispon\u00edveis para&nbsp;<a href=\"https:\/\/play.google.com\/store\/apps\/details?id=br.gov.pr.celepar.receita.servicos&amp;pli=1\" target=\"_blank\" rel=\"noreferrer noopener\">Android<\/a>&nbsp;e&nbsp;<a href=\"https:\/\/apps.apple.com\/br\/app\/receita-paran%C3%A1\/id1613796501\" target=\"_blank\" rel=\"noreferrer noopener\">iOS<\/a>, ou&nbsp;<a href=\"https:\/\/arrecadacao.fazenda.pr.gov.br\/\" target=\"_blank\" rel=\"noreferrer noopener\">Portal de Pagamentos de Tributos<\/a>.<\/p>\n\n\n\n<p>Uma alternativa de pagamento do IPVA \u00e9 o pix, por meio do QR Code inserido na guia de recolhimento, a partir de mais de 800 institui\u00e7\u00f5es financeiras. O pagamento nessa modalidade \u00e9 compensado em at\u00e9 24 horas e pode ser feito nos canais eletr\u00f4nicos dos bancos ou por meio de aplicativos, n\u00e3o limitados aos parceiros do Estado.<\/p>\n\n\n\n<figure class=\"wp-block-image size-full\"><img loading=\"lazy\" decoding=\"async\" width=\"598\" height=\"204\" src=\"https:\/\/radiostudiow.com.br\/site\/wp-content\/uploads\/2025\/01\/SITE-MEDIO3.png\" alt=\"\" class=\"wp-image-32815\" srcset=\"https:\/\/radiostudiow.com.br\/site\/wp-content\/uploads\/2025\/01\/SITE-MEDIO3.png 598w, https:\/\/radiostudiow.com.br\/site\/wp-content\/uploads\/2025\/01\/SITE-MEDIO3-300x102.png 300w\" sizes=\"auto, (max-width: 598px) 100vw, 598px\" \/><\/figure>\n\n\n\n<p>Al\u00e9m disso, \u00e9 poss\u00edvel pagar o IPVA com cart\u00e3o de cr\u00e9dito, que permite parcelar os d\u00e9bitos em at\u00e9 12 vezes. Neste caso, a Fazenda e a Receita chamam a aten\u00e7\u00e3o para as taxas cobradas pelas institui\u00e7\u00f5es operadoras. A tabela dos juros aplicados por cada uma delas est\u00e1 dispon\u00edvel&nbsp;<a href=\"https:\/\/www.fazenda.pr.gov.br\/Pagina\/Empresas-credenciadas-para-pagamento-do-IPVA-com-cartao-de-credito\" target=\"_blank\" rel=\"noreferrer noopener\">AQUI<\/a>.<\/p>\n\n\n\n<p>A Secretaria da Fazenda alerta os contribuintes sobre a exist\u00eancia de sites falsos relacionados \u00e0 cobran\u00e7a do IPVA. A recomenda\u00e7\u00e3o \u00e9 que as guias de pagamento sejam sempre geradas atrav\u00e9s dos sites oficiais, cujos endere\u00e7os terminam com a extens\u00e3o \u201cpr.gov.br\u201d, ou por meio dos apps da Receita Estadual e do Detran, que fornecem formas seguras de realizar os pagamentos.<\/p>\n\n\n\n<p><strong>Confira o calend\u00e1rio de pagamento da \u00faltima parcela do imposto:<\/strong><\/p>\n\n\n\n<p>Finais 1 e 2: 20\/05 (vencido)<\/p>\n\n\n\n<p>Finais 3 e 4: 21\/05 (vencido)<\/p>\n\n\n\n<p>Finais 5 e 6: 22\/05 (vencido)<\/p>\n\n\n\n<p>Finais 7 e 8: 23\/05<\/p>\n\n\n\n<p>Finais 9 e 0: 26\/05<\/p>\n\n\n\n<p><strong><em>Com informa\u00e7\u00f5es AEN<\/em><\/strong><\/p>\n","protected":false},"excerpt":{"rendered":"<p>Os propriet\u00e1rios de ve\u00edculos com placas terminadas em 7 e 8 devem ficar atentos: o prazo para o pagamento da quinta e \u00faltima parcela do Imposto sobre a Propriedade de Ve\u00edculos Automotores (IPVA) de 2025 termina nesta sexta-feira (23). Quem optou pelo parcelamento em cinco vezes deve quitar a \u00faltima cota do tributo ao longo [&hellip;]<\/p>\n","protected":false},"author":2,"featured_media":5941,"comment_status":"open","ping_status":"open","sticky":false,"template":"","format":"standard","meta":{"footnotes":""},"categories":[7],"tags":[172],"class_list":["post-38589","post","type-post","status-publish","format-standard","has-post-thumbnail","hentry","category-geral","tag-featured"],"amp_enabled":true,"_links":{"self":[{"href":"https:\/\/radiostudiow.com.br\/site\/wp-json\/wp\/v2\/posts\/38589","targetHints":{"allow":["GET"]}}],"collection":[{"href":"https:\/\/radiostudiow.com.br\/site\/wp-json\/wp\/v2\/posts"}],"about":[{"href":"https:\/\/radiostudiow.com.br\/site\/wp-json\/wp\/v2\/types\/post"}],"author":[{"embeddable":true,"href":"https:\/\/radiostudiow.com.br\/site\/wp-json\/wp\/v2\/users\/2"}],"replies":[{"embeddable":true,"href":"https:\/\/radiostudiow.com.br\/site\/wp-json\/wp\/v2\/comments?post=38589"}],"version-history":[{"count":1,"href":"https:\/\/radiostudiow.com.br\/site\/wp-json\/wp\/v2\/posts\/38589\/revisions"}],"predecessor-version":[{"id":38590,"href":"https:\/\/radiostudiow.com.br\/site\/wp-json\/wp\/v2\/posts\/38589\/revisions\/38590"}],"wp:featuredmedia":[{"embeddable":true,"href":"https:\/\/radiostudiow.com.br\/site\/wp-json\/wp\/v2\/media\/5941"}],"wp:attachment":[{"href":"https:\/\/radiostudiow.com.br\/site\/wp-json\/wp\/v2\/media?parent=38589"}],"wp:term":[{"taxonomy":"category","embeddable":true,"href":"https:\/\/radiostudiow.com.br\/site\/wp-json\/wp\/v2\/categories?post=38589"},{"taxonomy":"post_tag","embeddable":true,"href":"https:\/\/radiostudiow.com.br\/site\/wp-json\/wp\/v2\/tags?post=38589"}],"curies":[{"name":"wp","href":"https:\/\/api.w.org\/{rel}","templated":true}]}}