{"id":3861,"date":"2021-09-30T11:02:12","date_gmt":"2021-09-30T14:02:12","guid":{"rendered":"https:\/\/radiostudiow.com.br\/site\/?p=3861"},"modified":"2025-01-31T15:12:26","modified_gmt":"2025-01-31T18:12:26","slug":"mallet-vai-realizar-a-1a-conferencia-municipal-dos-direitos-da-pessoa-com-deficiencia","status":"publish","type":"post","link":"https:\/\/radiostudiow.com.br\/site\/2021\/09\/30\/mallet-vai-realizar-a-1a-conferencia-municipal-dos-direitos-da-pessoa-com-deficiencia\/","title":{"rendered":"MALLET VAI REALIZAR A 1\u00aa CONFER\u00caNCIA MUNICIPAL DOS DIREITOS DA PESSOA COM DEFICI\u00caNCIA"},"content":{"rendered":"\n<p>Os direitos das pessoas com defici\u00eancia t\u00eam grande import\u00e2ncia e visibilidade na cidade de Mallet, uma vez que n\u00e3o se pode mais adiar esse tema.<\/p>\n\n\n\n<p><br>A atual gest\u00e3o municipal, objetiva construir um munic\u00edpio cada vez mais justo, mais humano, onde todos os cidad\u00e3os s\u00e3o vistos e ouvidos, tendo seus direitos resguardados e assegurados.\u00a0<br>Esses direitos s\u00e3o garantidos por meio de pol\u00edticas p\u00fablicas alcan\u00e7ando as necessidades de todos os cidad\u00e3os.<\/p>\n\n\n\n<p><br>De acordo com o prefeito Moacir Szinvelski e o vice-prefeito Francisco Makoski (Chico), \u00e9 uma conquista que deve ser comemorada n\u00e3o s\u00f3 pelas pessoas com defici\u00eancia e seus familiares, mas tamb\u00e9m por toda a sociedade.<em>&#8220;Logo, reitero, n\u00e3o vamos deixar de olhar por nenhum cidad\u00e3o malletense, mas vamos dar prefer\u00eancia principalmente para aqueles que foram durante centenas de anos, por vezes, abandonados&#8221;<\/em>, comentou Szinvelski a nossa reportagem.<\/p>\n\n\n\n<figure class=\"wp-block-image size-full\"><img decoding=\"async\" src=\"https:\/\/radiostudiow.com.br\/site\/wp-content\/uploads\/2021\/08\/240387432_2992083691066122_4820772207429196742_n.jpg\" alt=\"\" class=\"wp-image-3380\"\/><\/figure>\n\n\n\n<p>No corrente ano, por meio da Lei Municipal n. 1.446 de 2021, foi criado o Conselho Municipal da Pessoa com Defici\u00eancia em Mallet. O referido conselho se revela de extrema import\u00e2ncia, cujo papel \u00e9 fortalecer a participa\u00e7\u00e3o democr\u00e1tica da popula\u00e7\u00e3o na formula\u00e7\u00e3o e implementa\u00e7\u00e3o de pol\u00edticas p\u00fablicas.\u00a0<\/p>\n\n\n\n<p><br>Nesse sentido, buscando apresentar o Conselho Municipal da Pessoa com defici\u00eancia a toda popula\u00e7\u00e3o malletense, <strong>realizar-se-\u00e1, em 05\/10\/2021 \u00e0s 13h00, a 1\u00aa Confer\u00eancia dos Direitos da Pessoa com Defici\u00eancia.<\/strong> O evento ser\u00e1 realizado nas depend\u00eancias da C\u00e2mara Municipal de Vereadores e contar\u00e1 com uma not\u00e1vel programa\u00e7\u00e3o. A participa\u00e7\u00e3o de todos \u00e9 de grande import\u00e2ncia, principalmente das pessoas com defici\u00eancia e seus familiares.<\/p>\n\n\n\n<p><strong>Voc\u00ea tamb\u00e9m poder\u00e1 acompanhar AO VIVO essa 1\u00aa\u00a0 Confer\u00eancia Municipal dos Direitos da Pessoa com Defici\u00eancia atrav\u00e9s da TV web Studio W.<\/strong><\/p>\n\n\n\n<figure class=\"wp-block-image size-full\"><img decoding=\"async\" src=\"https:\/\/radiostudiow.com.br\/site\/wp-content\/uploads\/2021\/08\/vem_ai-1.jpg\" alt=\"\" class=\"wp-image-3387\"\/><\/figure>\n","protected":false},"excerpt":{"rendered":"<p>Os direitos das pessoas com defici\u00eancia t\u00eam grande import\u00e2ncia e visibilidade na cidade de Mallet, uma vez que n\u00e3o se pode mais adiar esse tema. A atual gest\u00e3o municipal, objetiva construir um munic\u00edpio cada vez mais justo, mais humano, onde todos os cidad\u00e3os s\u00e3o vistos e ouvidos, tendo seus direitos resguardados e assegurados.\u00a0Esses direitos s\u00e3o [&hellip;]<\/p>\n","protected":false},"author":2,"featured_media":3862,"comment_status":"open","ping_status":"open","sticky":false,"template":"","format":"standard","meta":{"footnotes":""},"categories":[184],"tags":[172],"class_list":["post-3861","post","type-post","status-publish","format-standard","has-post-thumbnail","hentry","category-local","tag-featured"],"amp_enabled":true,"_links":{"self":[{"href":"https:\/\/radiostudiow.com.br\/site\/wp-json\/wp\/v2\/posts\/3861","targetHints":{"allow":["GET"]}}],"collection":[{"href":"https:\/\/radiostudiow.com.br\/site\/wp-json\/wp\/v2\/posts"}],"about":[{"href":"https:\/\/radiostudiow.com.br\/site\/wp-json\/wp\/v2\/types\/post"}],"author":[{"embeddable":true,"href":"https:\/\/radiostudiow.com.br\/site\/wp-json\/wp\/v2\/users\/2"}],"replies":[{"embeddable":true,"href":"https:\/\/radiostudiow.com.br\/site\/wp-json\/wp\/v2\/comments?post=3861"}],"version-history":[{"count":3,"href":"https:\/\/radiostudiow.com.br\/site\/wp-json\/wp\/v2\/posts\/3861\/revisions"}],"predecessor-version":[{"id":3866,"href":"https:\/\/radiostudiow.com.br\/site\/wp-json\/wp\/v2\/posts\/3861\/revisions\/3866"}],"wp:featuredmedia":[{"embeddable":true,"href":"https:\/\/radiostudiow.com.br\/site\/wp-json\/wp\/v2\/media\/3862"}],"wp:attachment":[{"href":"https:\/\/radiostudiow.com.br\/site\/wp-json\/wp\/v2\/media?parent=3861"}],"wp:term":[{"taxonomy":"category","embeddable":true,"href":"https:\/\/radiostudiow.com.br\/site\/wp-json\/wp\/v2\/categories?post=3861"},{"taxonomy":"post_tag","embeddable":true,"href":"https:\/\/radiostudiow.com.br\/site\/wp-json\/wp\/v2\/tags?post=3861"}],"curies":[{"name":"wp","href":"https:\/\/api.w.org\/{rel}","templated":true}]}}