{"id":38611,"date":"2025-05-23T11:42:11","date_gmt":"2025-05-23T14:42:11","guid":{"rendered":"https:\/\/radiostudiow.com.br\/site\/?p=38611"},"modified":"2025-05-23T11:47:12","modified_gmt":"2025-05-23T14:47:12","slug":"tres-homens-sao-presos-em-irati-por-receptacao-e-associacao-criminosa-com-cartoes-bancarios-furtados","status":"publish","type":"post","link":"https:\/\/radiostudiow.com.br\/site\/2025\/05\/23\/tres-homens-sao-presos-em-irati-por-receptacao-e-associacao-criminosa-com-cartoes-bancarios-furtados\/","title":{"rendered":"Tr\u00eas homens s\u00e3o presos em Irati por recepta\u00e7\u00e3o e associa\u00e7\u00e3o criminosa com cart\u00f5es banc\u00e1rios furtados"},"content":{"rendered":"\n<p><\/p>\n\n\n\n<figure class=\"wp-block-image size-full\"><img loading=\"lazy\" decoding=\"async\" width=\"598\" height=\"204\" src=\"https:\/\/radiostudiow.com.br\/site\/wp-content\/uploads\/2024\/10\/labirati.png\" alt=\"\" class=\"wp-image-28854\" srcset=\"https:\/\/radiostudiow.com.br\/site\/wp-content\/uploads\/2024\/10\/labirati.png 598w, https:\/\/radiostudiow.com.br\/site\/wp-content\/uploads\/2024\/10\/labirati-300x102.png 300w\" sizes=\"auto, (max-width: 598px) 100vw, 598px\" \/><\/figure>\n\n\n\n<p><\/p>\n\n\n\n<p>Tr\u00eas homens, com idades de <strong>20, 23 e 26 anos<\/strong>, foram <strong>presos em flagrante<\/strong> na noite desta quinta-feira (22), por envolvimento em crimes de <strong>recepta\u00e7\u00e3o<\/strong> e <strong>associa\u00e7\u00e3o criminosa<\/strong>, conforme os artigos 180 e 288 do C\u00f3digo Penal.<\/p>\n\n\n\n<p>A pris\u00e3o foi resultado de uma <strong>a\u00e7\u00e3o conjunta entre as for\u00e7as de seguran\u00e7a p\u00fablica dos Estados do Paran\u00e1 e Santa Catarina<\/strong>, com abordagem realizada por equipes da <strong>Pol\u00edcia Militar do Paran\u00e1<\/strong> na <strong>Rodovia BR-277<\/strong>, no munic\u00edpio de <strong>Irati<\/strong>.<\/p>\n\n\n\n<p>Durante a revista ao ve\u00edculo ocupado pelos suspeitos, os policiais localizaram <strong>44 cart\u00f5es banc\u00e1rios<\/strong>, <strong>tr\u00eas m\u00e1quinas de cart\u00e3o<\/strong>, <strong>dinheiro em esp\u00e9cie<\/strong> e <strong>instrumentos utilizados em fraudes banc\u00e1rias<\/strong>, como dispositivos de reten\u00e7\u00e3o de cart\u00f5es em caixas eletr\u00f4nicos.<\/p>\n\n\n\n<figure class=\"wp-block-image size-full\"><img loading=\"lazy\" decoding=\"async\" width=\"598\" height=\"204\" src=\"https:\/\/radiostudiow.com.br\/site\/wp-content\/uploads\/2025\/05\/POLAK.png\" alt=\"\" class=\"wp-image-37847\" srcset=\"https:\/\/radiostudiow.com.br\/site\/wp-content\/uploads\/2025\/05\/POLAK.png 598w, https:\/\/radiostudiow.com.br\/site\/wp-content\/uploads\/2025\/05\/POLAK-300x102.png 300w\" sizes=\"auto, (max-width: 598px) 100vw, 598px\" \/><\/figure>\n\n\n\n<p><\/p>\n\n\n\n<figure class=\"wp-block-image size-large\"><img loading=\"lazy\" decoding=\"async\" width=\"1024\" height=\"768\" src=\"https:\/\/radiostudiow.com.br\/site\/wp-content\/uploads\/2025\/05\/a4e4f53f-940a-4657-850c-baabb633d210-1024x768.jpg\" alt=\"\" class=\"wp-image-38614\" srcset=\"https:\/\/radiostudiow.com.br\/site\/wp-content\/uploads\/2025\/05\/a4e4f53f-940a-4657-850c-baabb633d210-1024x768.jpg 1024w, https:\/\/radiostudiow.com.br\/site\/wp-content\/uploads\/2025\/05\/a4e4f53f-940a-4657-850c-baabb633d210-300x225.jpg 300w, https:\/\/radiostudiow.com.br\/site\/wp-content\/uploads\/2025\/05\/a4e4f53f-940a-4657-850c-baabb633d210-768x576.jpg 768w, https:\/\/radiostudiow.com.br\/site\/wp-content\/uploads\/2025\/05\/a4e4f53f-940a-4657-850c-baabb633d210.jpg 1080w\" sizes=\"auto, (max-width: 1024px) 100vw, 1024px\" \/><\/figure>\n\n\n\n<p>De acordo com a <strong>Pol\u00edcia Civil<\/strong>, parte dos cart\u00f5es j\u00e1 constava como <strong>furtada em registros policiais recentes<\/strong>, e o material estava <strong>escondido de forma engenhosa<\/strong>, o que refor\u00e7a o ind\u00edcio de que os suspeitos tinham <strong>pleno conhecimento da origem il\u00edcita dos objetos<\/strong>.<\/p>\n\n\n\n<p>Os tr\u00eas homens foram levados \u00e0 <strong>Delegacia de Pol\u00edcia de Irati<\/strong>, onde optaram por <strong>permanecer em sil\u00eancio durante o interrogat\u00f3rio<\/strong>. O <strong>auto de pris\u00e3o em flagrante<\/strong> foi lavrado, e a autoridade policial representou pela <strong>convers\u00e3o das pris\u00f5es em preventivas<\/strong>, com base na necessidade de garantir a ordem p\u00fablica e econ\u00f4mica.<\/p>\n\n\n\n<p>\u201cPelos ind\u00edcios colhidos, trata-se de uma organiza\u00e7\u00e3o voltada \u00e0 pr\u00e1tica de crimes contra o patrim\u00f4nio e o sistema financeiro\u201d, destacou o <strong>delegado Romeu Ferreira<\/strong>, respons\u00e1vel pelo caso.<\/p>\n\n\n\n<figure class=\"wp-block-image size-full\"><img loading=\"lazy\" decoding=\"async\" width=\"897\" height=\"204\" src=\"https:\/\/radiostudiow.com.br\/site\/wp-content\/uploads\/2025\/03\/SITE-GRANDE5.png\" alt=\"\" class=\"wp-image-35420\" srcset=\"https:\/\/radiostudiow.com.br\/site\/wp-content\/uploads\/2025\/03\/SITE-GRANDE5.png 897w, https:\/\/radiostudiow.com.br\/site\/wp-content\/uploads\/2025\/03\/SITE-GRANDE5-300x68.png 300w, https:\/\/radiostudiow.com.br\/site\/wp-content\/uploads\/2025\/03\/SITE-GRANDE5-768x175.png 768w\" sizes=\"auto, (max-width: 897px) 100vw, 897px\" \/><\/figure>\n\n\n\n<p><\/p>\n\n\n\n<p>Ap\u00f3s os procedimentos legais, os suspeitos foram encaminhados ao <strong>sistema penitenci\u00e1rio<\/strong>, onde permanecem \u00e0 disposi\u00e7\u00e3o da Justi\u00e7a.<\/p>\n\n\n\n<h2 class=\"wp-block-heading\">Informa\u00e7\u00f5es e imagem: Pol\u00edcia Civil de Irati \/ Rep\u00f3rter Kiko De Oliveira<\/h2>\n","protected":false},"excerpt":{"rendered":"<p>Tr\u00eas homens, com idades de 20, 23 e 26 anos, foram presos em flagrante na noite desta quinta-feira (22), por envolvimento em crimes de recepta\u00e7\u00e3o e associa\u00e7\u00e3o criminosa, conforme os artigos 180 e 288 do C\u00f3digo Penal. A pris\u00e3o foi resultado de uma a\u00e7\u00e3o conjunta entre as for\u00e7as de seguran\u00e7a p\u00fablica dos Estados do Paran\u00e1 [&hellip;]<\/p>\n","protected":false},"author":2,"featured_media":0,"comment_status":"open","ping_status":"open","sticky":false,"template":"","format":"standard","meta":{"footnotes":""},"categories":[185],"tags":[172],"class_list":["post-38611","post","type-post","status-publish","format-standard","hentry","category-regional","tag-featured"],"amp_enabled":true,"_links":{"self":[{"href":"https:\/\/radiostudiow.com.br\/site\/wp-json\/wp\/v2\/posts\/38611","targetHints":{"allow":["GET"]}}],"collection":[{"href":"https:\/\/radiostudiow.com.br\/site\/wp-json\/wp\/v2\/posts"}],"about":[{"href":"https:\/\/radiostudiow.com.br\/site\/wp-json\/wp\/v2\/types\/post"}],"author":[{"embeddable":true,"href":"https:\/\/radiostudiow.com.br\/site\/wp-json\/wp\/v2\/users\/2"}],"replies":[{"embeddable":true,"href":"https:\/\/radiostudiow.com.br\/site\/wp-json\/wp\/v2\/comments?post=38611"}],"version-history":[{"count":2,"href":"https:\/\/radiostudiow.com.br\/site\/wp-json\/wp\/v2\/posts\/38611\/revisions"}],"predecessor-version":[{"id":38615,"href":"https:\/\/radiostudiow.com.br\/site\/wp-json\/wp\/v2\/posts\/38611\/revisions\/38615"}],"wp:attachment":[{"href":"https:\/\/radiostudiow.com.br\/site\/wp-json\/wp\/v2\/media?parent=38611"}],"wp:term":[{"taxonomy":"category","embeddable":true,"href":"https:\/\/radiostudiow.com.br\/site\/wp-json\/wp\/v2\/categories?post=38611"},{"taxonomy":"post_tag","embeddable":true,"href":"https:\/\/radiostudiow.com.br\/site\/wp-json\/wp\/v2\/tags?post=38611"}],"curies":[{"name":"wp","href":"https:\/\/api.w.org\/{rel}","templated":true}]}}