{"id":38617,"date":"2025-05-23T21:35:33","date_gmt":"2025-05-24T00:35:33","guid":{"rendered":"https:\/\/radiostudiow.com.br\/site\/?p=38617"},"modified":"2025-05-23T21:35:33","modified_gmt":"2025-05-24T00:35:33","slug":"homem-embriagado-e-sem-habilitacao-furta-onibus-escolar-e-sofre-acidente-na-br-277-em-palmeira","status":"publish","type":"post","link":"https:\/\/radiostudiow.com.br\/site\/2025\/05\/23\/homem-embriagado-e-sem-habilitacao-furta-onibus-escolar-e-sofre-acidente-na-br-277-em-palmeira\/","title":{"rendered":"Homem embriagado e sem habilita\u00e7\u00e3o furta \u00f4nibus escolar e sofre acidente na BR-277, em Palmeira"},"content":{"rendered":"\n<p><\/p>\n\n\n\n<figure class=\"wp-block-image size-full\"><img loading=\"lazy\" decoding=\"async\" width=\"897\" height=\"204\" src=\"https:\/\/radiostudiow.com.br\/site\/wp-content\/uploads\/2025\/02\/SITE-GRANDE7.png\" alt=\"\" class=\"wp-image-33861\" srcset=\"https:\/\/radiostudiow.com.br\/site\/wp-content\/uploads\/2025\/02\/SITE-GRANDE7.png 897w, https:\/\/radiostudiow.com.br\/site\/wp-content\/uploads\/2025\/02\/SITE-GRANDE7-300x68.png 300w, https:\/\/radiostudiow.com.br\/site\/wp-content\/uploads\/2025\/02\/SITE-GRANDE7-768x175.png 768w\" sizes=\"auto, (max-width: 897px) 100vw, 897px\" \/><\/figure>\n\n\n\n<p><\/p>\n\n\n\n<h2 class=\"wp-block-heading\">Um grave caso envolvendo furto de ve\u00edculo, dire\u00e7\u00e3o perigosa e embriaguez ao volante foi registrado nas primeiras horas desta sexta-feira (23) no munic\u00edpio de Palmeira.<\/h2>\n\n\n\n<p><\/p>\n\n\n\n<p>Por volta da meia-noite, no km 195,2 da BR-277, um \u00f4nibus escolar de cor amarela, com placas de Curitiba, saiu da pista em um trecho da rodovia federal. O ve\u00edculo, que circulava de forma irregular, acabou colidindo em \u00e1rea de vegeta\u00e7\u00e3o pr\u00f3xima ao acostamento.<\/p>\n\n\n\n<figure class=\"wp-block-image size-full\"><img loading=\"lazy\" decoding=\"async\" width=\"897\" height=\"204\" src=\"https:\/\/radiostudiow.com.br\/site\/wp-content\/uploads\/2024\/01\/SITE-GRANDE3.png\" alt=\"zaions\" class=\"wp-image-18936\" srcset=\"https:\/\/radiostudiow.com.br\/site\/wp-content\/uploads\/2024\/01\/SITE-GRANDE3.png 897w, https:\/\/radiostudiow.com.br\/site\/wp-content\/uploads\/2024\/01\/SITE-GRANDE3-300x68.png 300w, https:\/\/radiostudiow.com.br\/site\/wp-content\/uploads\/2024\/01\/SITE-GRANDE3-768x175.png 768w\" sizes=\"auto, (max-width: 897px) 100vw, 897px\" \/><\/figure>\n\n\n\n<p><\/p>\n\n\n\n<p>De acordo com a Pol\u00edcia Rodovi\u00e1ria Federal (PRF), o motorista \u2014 um homem de 40 anos \u2014 sofreu apenas les\u00f5es leves, mas foi submetido ao teste do etil\u00f4metro (baf\u00f4metro), que indicou 0,68 mg\/L de \u00e1lcool no organismo, configurando crime de tr\u00e2nsito. Al\u00e9m disso, foi constatado que o condutor n\u00e3o possu\u00eda habilita\u00e7\u00e3o, agravando ainda mais a infra\u00e7\u00e3o.<\/p>\n\n\n\n<p>Diante dos fatos, ele foi detido e encaminhado \u00e0 Delegacia de Pol\u00edcia Civil de Palmeira, onde vai responder por embriaguez ao volante e dire\u00e7\u00e3o sem habilita\u00e7\u00e3o gerando perigo de dano.<\/p>\n\n\n\n<h2 class=\"wp-block-heading\">\u00d4nibus havia sido furtado<\/h2>\n\n\n\n<p><br><strong>Durante a apura\u00e7\u00e3o da ocorr\u00eancia, a PRF descobriu que o \u00f4nibus utilizado no acidente havia sido furtado no dia anterior (22\/05), no distrito de Angai, munic\u00edpio de Fernandes Pinheiro (PR). O boletim de ocorr\u00eancia do furto foi registrado apenas na manh\u00e3 desta sexta-feira, quando o propriet\u00e1rio percebeu o desaparecimento do ve\u00edculo.<\/strong><\/p>\n\n\n\n<figure class=\"wp-block-image size-full\"><img loading=\"lazy\" decoding=\"async\" width=\"897\" height=\"204\" src=\"https:\/\/radiostudiow.com.br\/site\/wp-content\/uploads\/2025\/03\/image-62.png\" alt=\"\" class=\"wp-image-35859\" srcset=\"https:\/\/radiostudiow.com.br\/site\/wp-content\/uploads\/2025\/03\/image-62.png 897w, https:\/\/radiostudiow.com.br\/site\/wp-content\/uploads\/2025\/03\/image-62-300x68.png 300w, https:\/\/radiostudiow.com.br\/site\/wp-content\/uploads\/2025\/03\/image-62-768x175.png 768w\" sizes=\"auto, (max-width: 897px) 100vw, 897px\" \/><\/figure>\n\n\n\n<p><\/p>\n\n\n\n<p>Com a nova informa\u00e7\u00e3o, a Pol\u00edcia Rodovi\u00e1ria Federal, em parceria com a Pol\u00edcia Militar e Pol\u00edcia Civil, tomou as medidas legais para restitui\u00e7\u00e3o do ve\u00edculo e continua\u00e7\u00e3o da investiga\u00e7\u00e3o sobre o furto.<\/p>\n\n\n\n<h2 class=\"wp-block-heading\">Interdi\u00e7\u00e3o da rodovia<\/h2>\n\n\n\n<p><br>A retirada do \u00f4nibus do local da sa\u00edda de pista ocorreu na tarde desta sexta-feira (23), por volta das 17h, o que exigiu a interdi\u00e7\u00e3o parcial da BR-277 por cerca de 20 minutos, para garantir a seguran\u00e7a dos motoristas e da equipe de remo\u00e7\u00e3o.<\/p>\n\n\n\n<p>As circunst\u00e2ncias do furto e os motivos que levaram o condutor a dirigir o \u00f4nibus ainda est\u00e3o sendo investigados pelas autoridades.<\/p>\n\n\n\n<p><\/p>\n\n\n\n<figure class=\"wp-block-image size-full\"><img loading=\"lazy\" decoding=\"async\" width=\"598\" height=\"204\" src=\"https:\/\/radiostudiow.com.br\/site\/wp-content\/uploads\/2024\/10\/labirati.png\" alt=\"\" class=\"wp-image-28854\" srcset=\"https:\/\/radiostudiow.com.br\/site\/wp-content\/uploads\/2024\/10\/labirati.png 598w, https:\/\/radiostudiow.com.br\/site\/wp-content\/uploads\/2024\/10\/labirati-300x102.png 300w\" sizes=\"auto, (max-width: 598px) 100vw, 598px\" \/><\/figure>\n\n\n\n<p><\/p>\n\n\n\n<h2 class=\"wp-block-heading\"> A Pol\u00edcia refor\u00e7a a import\u00e2ncia da den\u00fancia em casos de furto de ve\u00edculos e alerta sobre os perigos da combina\u00e7\u00e3o entre dire\u00e7\u00e3o e consumo de \u00e1lcool.<\/h2>\n\n\n\n<p><\/p>\n\n\n\n<h2 class=\"wp-block-heading\">Den\u00fancias podem ser feitas de forma an\u00f4nima pelo telefone 190 ou pelo 181 (Disque-Den\u00fancia).<\/h2>\n\n\n\n<p><\/p>\n\n\n\n<blockquote class=\"wp-block-quote is-layout-flow wp-block-quote-is-layout-flow\">\n<p>Informa\u00e7\u00f5es PRF \/ Rep\u00f3rter Kiko de Oliveira<br>Imagem Rede Social<\/p>\n<\/blockquote>\n\n\n\n<p><\/p>\n","protected":false},"excerpt":{"rendered":"<p>Um grave caso envolvendo furto de ve\u00edculo, dire\u00e7\u00e3o perigosa e embriaguez ao volante foi registrado nas primeiras horas desta sexta-feira (23) no munic\u00edpio de Palmeira. Por volta da meia-noite, no km 195,2 da BR-277, um \u00f4nibus escolar de cor amarela, com placas de Curitiba, saiu da pista em um trecho da rodovia federal. O ve\u00edculo, [&hellip;]<\/p>\n","protected":false},"author":2,"featured_media":38618,"comment_status":"open","ping_status":"open","sticky":false,"template":"","format":"standard","meta":{"footnotes":""},"categories":[185],"tags":[172],"class_list":["post-38617","post","type-post","status-publish","format-standard","has-post-thumbnail","hentry","category-regional","tag-featured"],"amp_enabled":true,"_links":{"self":[{"href":"https:\/\/radiostudiow.com.br\/site\/wp-json\/wp\/v2\/posts\/38617","targetHints":{"allow":["GET"]}}],"collection":[{"href":"https:\/\/radiostudiow.com.br\/site\/wp-json\/wp\/v2\/posts"}],"about":[{"href":"https:\/\/radiostudiow.com.br\/site\/wp-json\/wp\/v2\/types\/post"}],"author":[{"embeddable":true,"href":"https:\/\/radiostudiow.com.br\/site\/wp-json\/wp\/v2\/users\/2"}],"replies":[{"embeddable":true,"href":"https:\/\/radiostudiow.com.br\/site\/wp-json\/wp\/v2\/comments?post=38617"}],"version-history":[{"count":1,"href":"https:\/\/radiostudiow.com.br\/site\/wp-json\/wp\/v2\/posts\/38617\/revisions"}],"predecessor-version":[{"id":38619,"href":"https:\/\/radiostudiow.com.br\/site\/wp-json\/wp\/v2\/posts\/38617\/revisions\/38619"}],"wp:featuredmedia":[{"embeddable":true,"href":"https:\/\/radiostudiow.com.br\/site\/wp-json\/wp\/v2\/media\/38618"}],"wp:attachment":[{"href":"https:\/\/radiostudiow.com.br\/site\/wp-json\/wp\/v2\/media?parent=38617"}],"wp:term":[{"taxonomy":"category","embeddable":true,"href":"https:\/\/radiostudiow.com.br\/site\/wp-json\/wp\/v2\/categories?post=38617"},{"taxonomy":"post_tag","embeddable":true,"href":"https:\/\/radiostudiow.com.br\/site\/wp-json\/wp\/v2\/tags?post=38617"}],"curies":[{"name":"wp","href":"https:\/\/api.w.org\/{rel}","templated":true}]}}