{"id":38625,"date":"2025-05-24T10:13:10","date_gmt":"2025-05-24T13:13:10","guid":{"rendered":"https:\/\/radiostudiow.com.br\/site\/?p=38625"},"modified":"2025-05-24T10:14:53","modified_gmt":"2025-05-24T13:14:53","slug":"policia-militar-prende-dois-homens-com-mandado-de-prisao-em-aberto-em-uniao-da-vitoria-e-general-carneiro","status":"publish","type":"post","link":"https:\/\/radiostudiow.com.br\/site\/2025\/05\/24\/policia-militar-prende-dois-homens-com-mandado-de-prisao-em-aberto-em-uniao-da-vitoria-e-general-carneiro\/","title":{"rendered":"Pol\u00edcia Militar prende dois homens com mandado de pris\u00e3o em aberto em Uni\u00e3o da Vit\u00f3ria e General Carneiro"},"content":{"rendered":"\n<figure class=\"wp-block-image size-full\"><img loading=\"lazy\" decoding=\"async\" width=\"897\" height=\"204\" src=\"https:\/\/radiostudiow.com.br\/site\/wp-content\/uploads\/2025\/05\/NUTRI-MALLET.png\" alt=\"\" class=\"wp-image-37813\" srcset=\"https:\/\/radiostudiow.com.br\/site\/wp-content\/uploads\/2025\/05\/NUTRI-MALLET.png 897w, https:\/\/radiostudiow.com.br\/site\/wp-content\/uploads\/2025\/05\/NUTRI-MALLET-300x68.png 300w, https:\/\/radiostudiow.com.br\/site\/wp-content\/uploads\/2025\/05\/NUTRI-MALLET-768x175.png 768w\" sizes=\"auto, (max-width: 897px) 100vw, 897px\" \/><\/figure>\n\n\n\n<p>A equipe da Pol\u00edcia Militar de Uni\u00e3o da Vit\u00f3ria ap\u00f3s tomar ci\u00eancia de que um homem estava com mandado de pris\u00e3o, expedido pela Vara Regional de Execu\u00e7\u00e3o Penal de Curitibanos &#8211; SC, iniciou dilig\u00eancias pelas imedia\u00e7\u00f5es da resid\u00eancia do suspeito.<\/p>\n\n\n\n<p>A situa\u00e7\u00e3o foi registrada por volta das 21h20min dessa sexta-feira, 23 de maio, na bairro Hosrt Waldraff onde em determinado momento conseguiu abord\u00e1-lo. Ap\u00f3s os tr\u00e2mites, ele foi encaminhado at\u00e9 o DEPEN-PR.<\/p>\n\n\n\n<figure class=\"wp-block-image size-full\"><img loading=\"lazy\" decoding=\"async\" width=\"598\" height=\"204\" src=\"https:\/\/radiostudiow.com.br\/site\/wp-content\/uploads\/2025\/01\/SITE-MEDIO.png\" alt=\"\" class=\"wp-image-32810\" srcset=\"https:\/\/radiostudiow.com.br\/site\/wp-content\/uploads\/2025\/01\/SITE-MEDIO.png 598w, https:\/\/radiostudiow.com.br\/site\/wp-content\/uploads\/2025\/01\/SITE-MEDIO-300x102.png 300w\" sizes=\"auto, (max-width: 598px) 100vw, 598px\" \/><\/figure>\n\n\n\n<h2 class=\"wp-block-heading\">Homem \u00e9 detido por possuir mandado de pris\u00e3o em aberto em General Carneiro<\/h2>\n\n\n\n<p>A equipe da Pol\u00edcia Militar de General Carneiro tomou conhecimento de que um homem residente na \u00e1rea rural do munic\u00edpio estava com mandado de pris\u00e3o em aberto expedido pela Comarca de Ibirama por volta das 17h20min dessa sexta-feira (23).<\/p>\n\n\n\n<p>Os policiais se deslocaram at\u00e9 o local onde encontrou o referido homem, o qual foi ent\u00e3o cientificado do mandado de pris\u00e3o civil em seu desfavor. Ap\u00f3s a confec\u00e7\u00e3o dadocumenta\u00e7\u00e3o pertinente, o autor foi encanhado ao DEPEN em Uni\u00e3o da Vit\u00f3ria.<\/p>\n","protected":false},"excerpt":{"rendered":"<p>A equipe da Pol\u00edcia Militar de Uni\u00e3o da Vit\u00f3ria ap\u00f3s tomar ci\u00eancia de que um homem estava com mandado de pris\u00e3o, expedido pela Vara Regional de Execu\u00e7\u00e3o Penal de Curitibanos &#8211; SC, iniciou dilig\u00eancias pelas imedia\u00e7\u00f5es da resid\u00eancia do suspeito. A situa\u00e7\u00e3o foi registrada por volta das 21h20min dessa sexta-feira, 23 de maio, na bairro [&hellip;]<\/p>\n","protected":false},"author":2,"featured_media":24373,"comment_status":"open","ping_status":"open","sticky":false,"template":"","format":"standard","meta":{"footnotes":""},"categories":[2],"tags":[172],"class_list":["post-38625","post","type-post","status-publish","format-standard","has-post-thumbnail","hentry","category-policial","tag-featured"],"amp_enabled":true,"_links":{"self":[{"href":"https:\/\/radiostudiow.com.br\/site\/wp-json\/wp\/v2\/posts\/38625","targetHints":{"allow":["GET"]}}],"collection":[{"href":"https:\/\/radiostudiow.com.br\/site\/wp-json\/wp\/v2\/posts"}],"about":[{"href":"https:\/\/radiostudiow.com.br\/site\/wp-json\/wp\/v2\/types\/post"}],"author":[{"embeddable":true,"href":"https:\/\/radiostudiow.com.br\/site\/wp-json\/wp\/v2\/users\/2"}],"replies":[{"embeddable":true,"href":"https:\/\/radiostudiow.com.br\/site\/wp-json\/wp\/v2\/comments?post=38625"}],"version-history":[{"count":2,"href":"https:\/\/radiostudiow.com.br\/site\/wp-json\/wp\/v2\/posts\/38625\/revisions"}],"predecessor-version":[{"id":38629,"href":"https:\/\/radiostudiow.com.br\/site\/wp-json\/wp\/v2\/posts\/38625\/revisions\/38629"}],"wp:featuredmedia":[{"embeddable":true,"href":"https:\/\/radiostudiow.com.br\/site\/wp-json\/wp\/v2\/media\/24373"}],"wp:attachment":[{"href":"https:\/\/radiostudiow.com.br\/site\/wp-json\/wp\/v2\/media?parent=38625"}],"wp:term":[{"taxonomy":"category","embeddable":true,"href":"https:\/\/radiostudiow.com.br\/site\/wp-json\/wp\/v2\/categories?post=38625"},{"taxonomy":"post_tag","embeddable":true,"href":"https:\/\/radiostudiow.com.br\/site\/wp-json\/wp\/v2\/tags?post=38625"}],"curies":[{"name":"wp","href":"https:\/\/api.w.org\/{rel}","templated":true}]}}