{"id":38637,"date":"2025-05-24T10:39:48","date_gmt":"2025-05-24T13:39:48","guid":{"rendered":"https:\/\/radiostudiow.com.br\/site\/?p=38637"},"modified":"2025-05-24T10:40:35","modified_gmt":"2025-05-24T13:40:35","slug":"operacao-resulta-em-prisao-por-trafico-apreensao-de-arma-e-dinheiro","status":"publish","type":"post","link":"https:\/\/radiostudiow.com.br\/site\/2025\/05\/24\/operacao-resulta-em-prisao-por-trafico-apreensao-de-arma-e-dinheiro\/","title":{"rendered":"Opera\u00e7\u00e3o Cidade Segura resulta em pris\u00e3o por tr\u00e1fico, apreens\u00e3o de arma e dinheiro em Uni\u00e3o da Vit\u00f3ria"},"content":{"rendered":"\n<figure class=\"wp-block-image size-full\"><img loading=\"lazy\" decoding=\"async\" width=\"897\" height=\"204\" src=\"https:\/\/radiostudiow.com.br\/site\/wp-content\/uploads\/2025\/02\/SITE-GRANDE7.png\" alt=\"\" class=\"wp-image-33861\" srcset=\"https:\/\/radiostudiow.com.br\/site\/wp-content\/uploads\/2025\/02\/SITE-GRANDE7.png 897w, https:\/\/radiostudiow.com.br\/site\/wp-content\/uploads\/2025\/02\/SITE-GRANDE7-300x68.png 300w, https:\/\/radiostudiow.com.br\/site\/wp-content\/uploads\/2025\/02\/SITE-GRANDE7-768x175.png 768w\" sizes=\"auto, (max-width: 897px) 100vw, 897px\" \/><\/figure>\n\n\n\n<p>Uma a\u00e7\u00e3o integrada das for\u00e7as de seguran\u00e7a deflagrou a\u00a0Opera\u00e7\u00e3o AIFU (A\u00e7\u00f5es Integradas de Fiscaliza\u00e7\u00e3o Urbana)\u00a0em Uni\u00e3o da Vit\u00f3ria, por meio da\u00a0Opera\u00e7\u00e3o Cidade Segura por volta das 21h30mine desta sexta-feira (23).<\/p>\n\n\n\n<p>A iniciativa contou com a participa\u00e7\u00e3o da Pol\u00edcia Militar, Pol\u00edcia Civil e Corpo de Bombeiros, com foco na fiscaliza\u00e7\u00e3o de estabelecimentos comerciais, repress\u00e3o a pr\u00e1ticas il\u00edcitas e aumento da sensa\u00e7\u00e3o de seguran\u00e7a na comunidade.<\/p>\n\n\n\n<p>As equipes realizaram abordagens em nove estabelecimentos comerciais com hist\u00f3rico de den\u00fancias e fiscalizaram aproximadamente\u00a045 pessoas, al\u00e9m de vistoriarem\u00a010 ve\u00edculos.<\/p>\n\n\n\n<figure class=\"wp-block-image size-full\"><img loading=\"lazy\" decoding=\"async\" width=\"897\" height=\"204\" src=\"https:\/\/radiostudiow.com.br\/site\/wp-content\/uploads\/2025\/03\/BARAO-NOVO-NOTICIAS-1.jpg\" alt=\"\" class=\"wp-image-35084\" srcset=\"https:\/\/radiostudiow.com.br\/site\/wp-content\/uploads\/2025\/03\/BARAO-NOVO-NOTICIAS-1.jpg 897w, https:\/\/radiostudiow.com.br\/site\/wp-content\/uploads\/2025\/03\/BARAO-NOVO-NOTICIAS-1-300x68.jpg 300w, https:\/\/radiostudiow.com.br\/site\/wp-content\/uploads\/2025\/03\/BARAO-NOVO-NOTICIAS-1-768x175.jpg 768w\" sizes=\"auto, (max-width: 897px) 100vw, 897px\" \/><\/figure>\n\n\n\n<p>Durante a a\u00e7\u00e3o no bairro S\u00e3o Br\u00e1s, as for\u00e7as policiais abordaram um bar que j\u00e1 havia sido alvo de diversas den\u00fancias por suspeita de comercializa\u00e7\u00e3o de entorpecentes.<\/p>\n\n\n\n<p>No local, foram encontradas pessoas usu\u00e1rias de drogas e, em continuidade \u00e0s buscas, os policiais revistaram a resid\u00eancia do propriet\u00e1rio, anexa ao estabelecimento.<\/p>\n\n\n\n<p>Na casa, foram localizadas buchas de entorpecentes prontas para venda, al\u00e9m de um rev\u00f3lver calibre .32, 11 muni\u00e7\u00f5es de diversos calibres, drogas em maiores quantidades\u00a0\u2014 coca\u00edna e maconha \u2014 e a quantia de\u00a0R$ 7.804 em dinheiro.<\/p>\n\n\n\n<p>Tr\u00eas pessoas foram detidas \u2014 dois homens e uma mulher \u2014 e encaminhadas \u00e0 Delegacia da Pol\u00edcia Civil de Uni\u00e3o da Vit\u00f3ria para os devidos procedimentos legais.<\/p>\n\n\n\n<p><a href=\"mailto:?subject=Opera%C3%A7%C3%A3o%20resulta%20em%20pris%C3%A3o%20por%20tr%C3%A1fico,%20apreens%C3%A3o%20de%20arma%20e%20dinheiro&amp;body=https:\/\/www.vvale.com.br\/seguranca\/operacao-resulta-em-prisao-por-trafico-apreensao-de-arma-e-dinheiro\/\" target=\"_blank\" rel=\"noreferrer noopener\"><\/a><\/p>\n","protected":false},"excerpt":{"rendered":"<p>Uma a\u00e7\u00e3o integrada das for\u00e7as de seguran\u00e7a deflagrou a\u00a0Opera\u00e7\u00e3o AIFU (A\u00e7\u00f5es Integradas de Fiscaliza\u00e7\u00e3o Urbana)\u00a0em Uni\u00e3o da Vit\u00f3ria, por meio da\u00a0Opera\u00e7\u00e3o Cidade Segura por volta das 21h30mine desta sexta-feira (23). A iniciativa contou com a participa\u00e7\u00e3o da Pol\u00edcia Militar, Pol\u00edcia Civil e Corpo de Bombeiros, com foco na fiscaliza\u00e7\u00e3o de estabelecimentos comerciais, repress\u00e3o a pr\u00e1ticas [&hellip;]<\/p>\n","protected":false},"author":2,"featured_media":38638,"comment_status":"open","ping_status":"open","sticky":false,"template":"","format":"standard","meta":{"footnotes":""},"categories":[2],"tags":[172],"class_list":["post-38637","post","type-post","status-publish","format-standard","has-post-thumbnail","hentry","category-policial","tag-featured"],"amp_enabled":true,"_links":{"self":[{"href":"https:\/\/radiostudiow.com.br\/site\/wp-json\/wp\/v2\/posts\/38637","targetHints":{"allow":["GET"]}}],"collection":[{"href":"https:\/\/radiostudiow.com.br\/site\/wp-json\/wp\/v2\/posts"}],"about":[{"href":"https:\/\/radiostudiow.com.br\/site\/wp-json\/wp\/v2\/types\/post"}],"author":[{"embeddable":true,"href":"https:\/\/radiostudiow.com.br\/site\/wp-json\/wp\/v2\/users\/2"}],"replies":[{"embeddable":true,"href":"https:\/\/radiostudiow.com.br\/site\/wp-json\/wp\/v2\/comments?post=38637"}],"version-history":[{"count":3,"href":"https:\/\/radiostudiow.com.br\/site\/wp-json\/wp\/v2\/posts\/38637\/revisions"}],"predecessor-version":[{"id":38648,"href":"https:\/\/radiostudiow.com.br\/site\/wp-json\/wp\/v2\/posts\/38637\/revisions\/38648"}],"wp:featuredmedia":[{"embeddable":true,"href":"https:\/\/radiostudiow.com.br\/site\/wp-json\/wp\/v2\/media\/38638"}],"wp:attachment":[{"href":"https:\/\/radiostudiow.com.br\/site\/wp-json\/wp\/v2\/media?parent=38637"}],"wp:term":[{"taxonomy":"category","embeddable":true,"href":"https:\/\/radiostudiow.com.br\/site\/wp-json\/wp\/v2\/categories?post=38637"},{"taxonomy":"post_tag","embeddable":true,"href":"https:\/\/radiostudiow.com.br\/site\/wp-json\/wp\/v2\/tags?post=38637"}],"curies":[{"name":"wp","href":"https:\/\/api.w.org\/{rel}","templated":true}]}}