{"id":38642,"date":"2025-05-24T10:37:24","date_gmt":"2025-05-24T13:37:24","guid":{"rendered":"https:\/\/radiostudiow.com.br\/site\/?p=38642"},"modified":"2025-05-24T10:37:25","modified_gmt":"2025-05-24T13:37:25","slug":"motorista-morre-apos-colisao-e-incendio-de-veiculo-na-br-277-em-porto-amazonas","status":"publish","type":"post","link":"https:\/\/radiostudiow.com.br\/site\/2025\/05\/24\/motorista-morre-apos-colisao-e-incendio-de-veiculo-na-br-277-em-porto-amazonas\/","title":{"rendered":"Motorista morre ap\u00f3s colis\u00e3o e inc\u00eandio de ve\u00edculo na BR-277 em Porto Amazonas"},"content":{"rendered":"\n<figure class=\"wp-block-image size-full\"><img loading=\"lazy\" decoding=\"async\" width=\"897\" height=\"204\" src=\"https:\/\/radiostudiow.com.br\/site\/wp-content\/uploads\/2025\/03\/image-62.png\" alt=\"\" class=\"wp-image-35859\" srcset=\"https:\/\/radiostudiow.com.br\/site\/wp-content\/uploads\/2025\/03\/image-62.png 897w, https:\/\/radiostudiow.com.br\/site\/wp-content\/uploads\/2025\/03\/image-62-300x68.png 300w, https:\/\/radiostudiow.com.br\/site\/wp-content\/uploads\/2025\/03\/image-62-768x175.png 768w\" sizes=\"auto, (max-width: 897px) 100vw, 897px\" \/><\/figure>\n\n\n\n<p>Um grave acidente registrado na madrugada deste s\u00e1bado (24) resultou na morte de um motorista na BR-277, em Porto Amazonas, pr\u00f3ximo a pra\u00e7a de ped\u00e1gio. A colis\u00e3o aconteceu por volta das 3h40, no quil\u00f4metro 164 da rodovia, no sentido Curitiba\u2013Palmeira.<\/p>\n\n\n\n<p>Segundo informa\u00e7\u00f5es repassadas pela Pol\u00edcia Rodovi\u00e1ria Federal (PRF), o condutor de um Hyundai HB20, com placas de Curitiba, perdeu o controle da dire\u00e7\u00e3o, saiu da pista pela margem esquerda e colidiu violentamente contra um dos pilares do viaduto da linha f\u00e9rrea que cruza a rodovia. Com o impacto, o ve\u00edculo pegou fogo.<\/p>\n\n\n\n<figure class=\"wp-block-image size-full\"><img loading=\"lazy\" decoding=\"async\" width=\"897\" height=\"204\" src=\"https:\/\/radiostudiow.com.br\/site\/wp-content\/uploads\/2025\/03\/SITE-GRANDE5.png\" alt=\"\" class=\"wp-image-35420\" srcset=\"https:\/\/radiostudiow.com.br\/site\/wp-content\/uploads\/2025\/03\/SITE-GRANDE5.png 897w, https:\/\/radiostudiow.com.br\/site\/wp-content\/uploads\/2025\/03\/SITE-GRANDE5-300x68.png 300w, https:\/\/radiostudiow.com.br\/site\/wp-content\/uploads\/2025\/03\/SITE-GRANDE5-768x175.png 768w\" sizes=\"auto, (max-width: 897px) 100vw, 897px\" \/><\/figure>\n\n\n\n<p>O Corpo de Bombeiros de Palmeira foi acionado para combater as chamas. Ap\u00f3s o controle do inc\u00eandio, foi localizado um corpo carbonizado no interior do carro, na posi\u00e7\u00e3o do motorista. At\u00e9 o momento, a v\u00edtima n\u00e3o foi identificada oficialmente.<\/p>\n\n\n\n<p>O corpo foi encaminhado ao Instituto M\u00e9dico-Legal (IML) de Ponta Grossa, onde passar\u00e1 por exames para identifica\u00e7\u00e3o.<\/p>\n\n\n\n<p>As causas do acidente ainda ser\u00e3o investigadas.<\/p>\n","protected":false},"excerpt":{"rendered":"<p>Um grave acidente registrado na madrugada deste s\u00e1bado (24) resultou na morte de um motorista na BR-277, em Porto Amazonas, pr\u00f3ximo a pra\u00e7a de ped\u00e1gio. A colis\u00e3o aconteceu por volta das 3h40, no quil\u00f4metro 164 da rodovia, no sentido Curitiba\u2013Palmeira. Segundo informa\u00e7\u00f5es repassadas pela Pol\u00edcia Rodovi\u00e1ria Federal (PRF), o condutor de um Hyundai HB20, com [&hellip;]<\/p>\n","protected":false},"author":2,"featured_media":38643,"comment_status":"open","ping_status":"open","sticky":false,"template":"","format":"standard","meta":{"footnotes":""},"categories":[185],"tags":[172],"class_list":["post-38642","post","type-post","status-publish","format-standard","has-post-thumbnail","hentry","category-regional","tag-featured"],"amp_enabled":true,"_links":{"self":[{"href":"https:\/\/radiostudiow.com.br\/site\/wp-json\/wp\/v2\/posts\/38642","targetHints":{"allow":["GET"]}}],"collection":[{"href":"https:\/\/radiostudiow.com.br\/site\/wp-json\/wp\/v2\/posts"}],"about":[{"href":"https:\/\/radiostudiow.com.br\/site\/wp-json\/wp\/v2\/types\/post"}],"author":[{"embeddable":true,"href":"https:\/\/radiostudiow.com.br\/site\/wp-json\/wp\/v2\/users\/2"}],"replies":[{"embeddable":true,"href":"https:\/\/radiostudiow.com.br\/site\/wp-json\/wp\/v2\/comments?post=38642"}],"version-history":[{"count":1,"href":"https:\/\/radiostudiow.com.br\/site\/wp-json\/wp\/v2\/posts\/38642\/revisions"}],"predecessor-version":[{"id":38644,"href":"https:\/\/radiostudiow.com.br\/site\/wp-json\/wp\/v2\/posts\/38642\/revisions\/38644"}],"wp:featuredmedia":[{"embeddable":true,"href":"https:\/\/radiostudiow.com.br\/site\/wp-json\/wp\/v2\/media\/38643"}],"wp:attachment":[{"href":"https:\/\/radiostudiow.com.br\/site\/wp-json\/wp\/v2\/media?parent=38642"}],"wp:term":[{"taxonomy":"category","embeddable":true,"href":"https:\/\/radiostudiow.com.br\/site\/wp-json\/wp\/v2\/categories?post=38642"},{"taxonomy":"post_tag","embeddable":true,"href":"https:\/\/radiostudiow.com.br\/site\/wp-json\/wp\/v2\/tags?post=38642"}],"curies":[{"name":"wp","href":"https:\/\/api.w.org\/{rel}","templated":true}]}}