{"id":38649,"date":"2025-05-24T11:32:58","date_gmt":"2025-05-24T14:32:58","guid":{"rendered":"https:\/\/radiostudiow.com.br\/site\/?p=38649"},"modified":"2025-05-24T11:32:59","modified_gmt":"2025-05-24T14:32:59","slug":"misterio-resolvido-adolescente-de-ivai-desaparecida-e-encontrada-no-rio-grande-do-sul","status":"publish","type":"post","link":"https:\/\/radiostudiow.com.br\/site\/2025\/05\/24\/misterio-resolvido-adolescente-de-ivai-desaparecida-e-encontrada-no-rio-grande-do-sul\/","title":{"rendered":"Mist\u00e9rio Resolvido: Adolescente de Iva\u00ed Desaparecida \u00e9 Encontrada no Rio Grande do Sul"},"content":{"rendered":"\n<figure class=\"wp-block-image size-full\"><img loading=\"lazy\" decoding=\"async\" width=\"897\" height=\"204\" src=\"https:\/\/radiostudiow.com.br\/site\/wp-content\/uploads\/2025\/01\/SITE-GRANDE3.png\" alt=\"\" class=\"wp-image-32900\" srcset=\"https:\/\/radiostudiow.com.br\/site\/wp-content\/uploads\/2025\/01\/SITE-GRANDE3.png 897w, https:\/\/radiostudiow.com.br\/site\/wp-content\/uploads\/2025\/01\/SITE-GRANDE3-300x68.png 300w, https:\/\/radiostudiow.com.br\/site\/wp-content\/uploads\/2025\/01\/SITE-GRANDE3-768x175.png 768w\" sizes=\"auto, (max-width: 897px) 100vw, 897px\" \/><\/figure>\n\n\n\n<p>Uma adolescente de 13 anos, identificada pelas iniciais L. R. I. S., e de origem cigana, foi localizada no \u00faltimo dia 23 de maio no munic\u00edpio de Lajeado, no Rio Grande do Sul, ap\u00f3s ter sido considerada desaparecida desde o dia 6 de maio. O caso estava sendo investigado pela Pol\u00edcia Civil do Paran\u00e1 (PCPR), por meio da Delegacia de Imbituva, que apurava inicialmente a subtra\u00e7\u00e3o da menor e o crime de tentativa de estupro de vulner\u00e1vel.<\/p>\n\n\n\n<p>Durante as investiga\u00e7\u00f5es, circularam v\u00eddeos em ve\u00edculos de imprensa mostrando a adolescente embarcando em um ve\u00edculo Ford Fusion preto. Desde ent\u00e3o, ela n\u00e3o havia mais sido localizada pelos respons\u00e1veis, o que mobilizou diversos \u00f3rg\u00e3os de seguran\u00e7a p\u00fablica, entre eles a PRF, a Pol\u00edcia Militar do Paran\u00e1 e a Pol\u00edcia Civil do Rio Grande do Sul.<\/p>\n\n\n\n<figure class=\"wp-block-image size-full\"><img loading=\"lazy\" decoding=\"async\" width=\"598\" height=\"204\" src=\"https:\/\/radiostudiow.com.br\/site\/wp-content\/uploads\/2025\/05\/POLAK.png\" alt=\"\" class=\"wp-image-37847\" srcset=\"https:\/\/radiostudiow.com.br\/site\/wp-content\/uploads\/2025\/05\/POLAK.png 598w, https:\/\/radiostudiow.com.br\/site\/wp-content\/uploads\/2025\/05\/POLAK-300x102.png 300w\" sizes=\"auto, (max-width: 598px) 100vw, 598px\" \/><\/figure>\n\n\n\n<p>Segundo a PCPR, a jovem se apresentou espontaneamente na Delegacia de Lajeado\/RS, acompanhada de seu pai. Ele relatou que a adolescente havia sa\u00eddo de Iva\u00ed\/PR com um conhecido da fam\u00edlia e se deslocado at\u00e9 Encantado\/RS para ficar na casa de uma tia. Ainda conforme o relato, houve um mal-entendido por parte da fam\u00edlia, que registrou o desaparecimento ap\u00f3s um atrito verbal entre a adolescente, o pai e a av\u00f3.<\/p>\n\n\n\n<p><strong><em>&#8220;Como esses afrontaram a adolescente v\u00edtima, essa saiu sem informar paradeiro&#8221;<\/em><\/strong><em>, diz trecho do depoimento registrado em boletim.<\/em><\/p>\n\n\n\n<figure class=\"wp-block-image size-full\"><img loading=\"lazy\" decoding=\"async\" width=\"300\" height=\"180\" src=\"https:\/\/radiostudiow.com.br\/site\/wp-content\/uploads\/2025\/05\/Avenida-BIKE.jpg\" alt=\"\" class=\"wp-image-37992\"\/><\/figure>\n\n\n\n<p>A menor foi entregue formalmente ao seu respons\u00e1vel legal. O delegado de Imbituva, Mikail Moss Horodecki, alerta que os respons\u00e1veis legais podem responder por comunica\u00e7\u00e3o falsa de crime ou denuncia\u00e7\u00e3o caluniosa, caso seja comprovada a falsidade nas declara\u00e7\u00f5es prestadas durante o inqu\u00e9rito.<\/p>\n\n\n\n<p>A PCPR refor\u00e7a o pedido \u00e0 popula\u00e7\u00e3o para que colabore com informa\u00e7\u00f5es que ajudem na localiza\u00e7\u00e3o de foragidos da justi\u00e7a e na elucida\u00e7\u00e3o de crimes. Den\u00fancias podem ser feitas de forma an\u00f4nima pelos n\u00fameros 197 (PCPR), 181 (Disque-Den\u00fancia) ou diretamente pelo WhatsApp da equipe de investiga\u00e7\u00e3o: (42) 3436-1177.<\/p>\n","protected":false},"excerpt":{"rendered":"<p>Uma adolescente de 13 anos, identificada pelas iniciais L. R. I. S., e de origem cigana, foi localizada no \u00faltimo dia 23 de maio no munic\u00edpio de Lajeado, no Rio Grande do Sul, ap\u00f3s ter sido considerada desaparecida desde o dia 6 de maio. O caso estava sendo investigado pela Pol\u00edcia Civil do Paran\u00e1 (PCPR), [&hellip;]<\/p>\n","protected":false},"author":2,"featured_media":38654,"comment_status":"open","ping_status":"open","sticky":false,"template":"","format":"standard","meta":{"footnotes":""},"categories":[2],"tags":[172],"class_list":["post-38649","post","type-post","status-publish","format-standard","has-post-thumbnail","hentry","category-policial","tag-featured"],"amp_enabled":true,"_links":{"self":[{"href":"https:\/\/radiostudiow.com.br\/site\/wp-json\/wp\/v2\/posts\/38649","targetHints":{"allow":["GET"]}}],"collection":[{"href":"https:\/\/radiostudiow.com.br\/site\/wp-json\/wp\/v2\/posts"}],"about":[{"href":"https:\/\/radiostudiow.com.br\/site\/wp-json\/wp\/v2\/types\/post"}],"author":[{"embeddable":true,"href":"https:\/\/radiostudiow.com.br\/site\/wp-json\/wp\/v2\/users\/2"}],"replies":[{"embeddable":true,"href":"https:\/\/radiostudiow.com.br\/site\/wp-json\/wp\/v2\/comments?post=38649"}],"version-history":[{"count":2,"href":"https:\/\/radiostudiow.com.br\/site\/wp-json\/wp\/v2\/posts\/38649\/revisions"}],"predecessor-version":[{"id":38655,"href":"https:\/\/radiostudiow.com.br\/site\/wp-json\/wp\/v2\/posts\/38649\/revisions\/38655"}],"wp:featuredmedia":[{"embeddable":true,"href":"https:\/\/radiostudiow.com.br\/site\/wp-json\/wp\/v2\/media\/38654"}],"wp:attachment":[{"href":"https:\/\/radiostudiow.com.br\/site\/wp-json\/wp\/v2\/media?parent=38649"}],"wp:term":[{"taxonomy":"category","embeddable":true,"href":"https:\/\/radiostudiow.com.br\/site\/wp-json\/wp\/v2\/categories?post=38649"},{"taxonomy":"post_tag","embeddable":true,"href":"https:\/\/radiostudiow.com.br\/site\/wp-json\/wp\/v2\/tags?post=38649"}],"curies":[{"name":"wp","href":"https:\/\/api.w.org\/{rel}","templated":true}]}}